{"id":38482,"date":"2023-01-31T21:22:01","date_gmt":"2023-01-31T20:22:01","guid":{"rendered":"http:\/\/www.invarena.cz\/?p=38482"},"modified":"2023-01-31T21:22:02","modified_gmt":"2023-01-31T20:22:02","slug":"ridic-na-prechodu-srazil-zenu-na-voziku-jeste-ji-vynadal-a-pak-ujel","status":"publish","type":"post","link":"https:\/\/www.invarena.cz\/?p=38482","title":{"rendered":"\u0158idi\u010d na p\u0159echodu srazil \u017eenu na voz\u00edku. Je\u0161t\u011b j\u00ed vynadal a pak ujel"},"content":{"rendered":"\n<p><em>ilustra\u010dn\u00ed foto<\/em><\/p>\n\n\n\n<p>\u0158idi\u010d osobn\u00edho auta v \u010cesk\u00fdch Bud\u011bjovic\u00edch srazil \u017eenu na invalidn\u00edm voz\u00edku, kter\u00e1 se sna\u017eila p\u0159ejet silnici na p\u0159echodu pro chodce. \u0160of\u00e9r po incidentu \u017een\u011b vynadal a pak ujel, ani\u017e by se p\u0159esv\u011bd\u010dil, jestli nen\u00ed zran\u011bn\u00e1. Nehoda se stala v prvn\u00edm lednov\u00e9m t\u00fddnu na Husov\u011b t\u0159\u00edd\u011b v \u010cesk\u00fdch Bud\u011bjovic\u00edch, nedaleko Alzheimer centra a domova pro seniory Hv\u00edzdal.<\/p>\n\n\n\n<p>Cel\u00fd \u010dl\u00e1nek naleznete na idnes.cz: <a href=\"https:\/\/www.idnes.cz\/ceske-budejovice\/zpravy\/dopravni-nehoda-invalidni-vozik-zraneni-ublizeni-na-zdravi.A230131_120718_budejovice-zpravy_pkr\" target=\"_blank\" rel=\"noreferrer noopener\">https:\/\/www.idnes.cz\/ceske-budejovice\/zpravy\/dopravni-nehoda-invalidni-vozik-zraneni-ublizeni-na-zdravi.A230131_120718_budejovice-zpravy_pkr<\/a><\/p>\n","protected":false},"excerpt":{"rendered":"<div class=\"mh-excerpt\"><p>ilustra\u010dn\u00ed foto \u0158idi\u010d osobn\u00edho auta v \u010cesk\u00fdch Bud\u011bjovic\u00edch srazil \u017eenu na invalidn\u00edm voz\u00edku, kter\u00e1 se sna\u017eila p\u0159ejet silnici na p\u0159echodu pro chodce. \u0160of\u00e9r po incidentu <a class=\"mh-excerpt-more\" href=\"https:\/\/www.invarena.cz\/?p=38482\" title=\"\u0158idi\u010d na p\u0159echodu srazil \u017eenu na voz\u00edku. Je\u0161t\u011b j\u00ed vynadal a pak ujel\">[&#8230;]<\/a><\/p>\n<\/div>","protected":false},"author":1,"featured_media":5554,"comment_status":"open","ping_status":"closed","sticky":false,"template":"","format":"standard","meta":{"footnotes":""},"categories":[9],"tags":[],"class_list":["post-38482","post","type-post","status-publish","format-standard","has-post-thumbnail","hentry","category-zpravy"],"_links":{"self":[{"href":"https:\/\/www.invarena.cz\/index.php?rest_route=\/wp\/v2\/posts\/38482","targetHints":{"allow":["GET"]}}],"collection":[{"href":"https:\/\/www.invarena.cz\/index.php?rest_route=\/wp\/v2\/posts"}],"about":[{"href":"https:\/\/www.invarena.cz\/index.php?rest_route=\/wp\/v2\/types\/post"}],"author":[{"embeddable":true,"href":"https:\/\/www.invarena.cz\/index.php?rest_route=\/wp\/v2\/users\/1"}],"replies":[{"embeddable":true,"href":"https:\/\/www.invarena.cz\/index.php?rest_route=%2Fwp%2Fv2%2Fcomments&post=38482"}],"version-history":[{"count":0,"href":"https:\/\/www.invarena.cz\/index.php?rest_route=\/wp\/v2\/posts\/38482\/revisions"}],"wp:featuredmedia":[{"embeddable":true,"href":"https:\/\/www.invarena.cz\/index.php?rest_route=\/wp\/v2\/media\/5554"}],"wp:attachment":[{"href":"https:\/\/www.invarena.cz\/index.php?rest_route=%2Fwp%2Fv2%2Fmedia&parent=38482"}],"wp:term":[{"taxonomy":"category","embeddable":true,"href":"https:\/\/www.invarena.cz\/index.php?rest_route=%2Fwp%2Fv2%2Fcategories&post=38482"},{"taxonomy":"post_tag","embeddable":true,"href":"https:\/\/www.invarena.cz\/index.php?rest_route=%2Fwp%2Fv2%2Ftags&post=38482"}],"curies":[{"name":"wp","href":"https:\/\/api.w.org\/{rel}","templated":true}]}}