{"id":38548,"date":"2023-02-15T19:35:03","date_gmt":"2023-02-15T18:35:03","guid":{"rendered":"http:\/\/www.invarena.cz\/?p=38548"},"modified":"2023-02-15T19:35:41","modified_gmt":"2023-02-15T18:35:41","slug":"muz-od-narozeni-trpi-nasledky-mozkove-obrny-rodine-muze-pomoci-sbirka","status":"publish","type":"post","link":"https:\/\/www.invarena.cz\/?p=38548","title":{"rendered":"Mu\u017e od narozen\u00ed trp\u00ed n\u00e1sledky mozkov\u00e9 obrny. Rodin\u011b m\u016f\u017ee pomoci sb\u00edrka"},"content":{"rendered":"\n<p>A\u017e do 6.&nbsp;b\u0159ezna maj\u00ed lid\u00e9 ochotn\u00ed pomoct mo\u017enost p\u0159isp\u011bt na transparentn\u00ed \u00fa\u010det prost\u0159ednictv\u00edm port\u00e1lu Donio, kde je pod n\u00e1zvem \u017d\u00edt sv\u016fj sen \u2013 Sb\u00edrkou a srdcem pomoci Honzovi k&nbsp;nov\u00e9mu autu zve\u0159ejn\u011bn\u00fd p\u0159\u00edb\u011bh Honzy Ku\u0148\u00e1ka z&nbsp;Trn\u00e1vky na Novoji\u010d\u00ednsku.<\/p>\n\n\n\n<p>Jak u\u017e Den\u00edk informoval, osmadvacetilet\u00fd mlad\u00edk trp\u00ed od narozen\u00ed vlivem p\u0159ed\u010dasn\u00e9ho porodu d\u011btskou mozkovou obrnou (DMO) \u2013 kvadruspasticitou a o\u010dn\u00ed vadou centr\u00e1ln\u00ed zrakov\u00e9 dr\u00e1hy, co\u017e je n\u00e1lez trval\u00fd, kter\u00fd nelze zlep\u0161it l\u00e9ky, operac\u00ed ani br\u00fdlemi.<\/p>\n\n\n\n<p>Je trvale odk\u00e1zan\u00fd na invalidn\u00ed voz\u00edk, a ka\u017ed\u00fd p\u0159esun z&nbsp;m\u00edsta na m\u00edsto je pro n\u011bj i&nbsp;jeho okol\u00ed za sou\u010dasn\u00fdch mo\u017enost\u00ed, kter\u00e9 rodina m\u00e1, velmi komplikovan\u00fd. Ke zlep\u0161en\u00ed podm\u00ednek by Honzovi Ku\u0148\u00e1kovi i&nbsp;jeho okol\u00ed pomohlo nov\u00e9 vozidlo s&nbsp;\u00fapravami, kter\u00e9 si v\u0161ak rodina nem\u016f\u017ee dovolit.<\/p>\n\n\n\n<p>Pomoci by mohla sb\u00edrka, kterou na port\u00e1lu Donio.cz zalo\u017eila v\u00a0prosinci Honzova maminka Iveta Stan\u010d\u00edkov\u00e1. P\u0159\u00edb\u011bh Jana Ku\u0148\u00e1ka s\u00a0mo\u017enost\u00ed p\u0159isp\u011bt ke zkvalitn\u011bn\u00ed jeho \u017eivota je na tomto webov\u00e9m odkazu: <a href=\"https:\/\/www.donio.cz\/zit-svuj-sen-sbirkou-a-srdcem-pomoci-honzovi\" target=\"_blank\" rel=\"noreferrer noopener\">https:\/\/www.donio.cz\/zit-svuj-sen-sbirkou-a-srdcem-pomoci-honzovi<\/a><\/p>\n\n\n\n<p>Ivan Pavelek<\/p>\n\n\n\n<p>Den\u00edk.cz<\/p>\n\n\n\n<p><a href=\"https:\/\/www.denik.cz\/\" target=\"_blank\" rel=\"noreferrer noopener\">https:\/\/www.denik.cz\/<\/a><\/p>\n","protected":false},"excerpt":{"rendered":"<div class=\"mh-excerpt\"><p>A\u017e do 6.&nbsp;b\u0159ezna maj\u00ed lid\u00e9 ochotn\u00ed pomoct mo\u017enost p\u0159isp\u011bt na transparentn\u00ed \u00fa\u010det prost\u0159ednictv\u00edm port\u00e1lu Donio, kde je pod n\u00e1zvem \u017d\u00edt sv\u016fj sen \u2013 Sb\u00edrkou a <a class=\"mh-excerpt-more\" href=\"https:\/\/www.invarena.cz\/?p=38548\" title=\"Mu\u017e od narozen\u00ed trp\u00ed n\u00e1sledky mozkov\u00e9 obrny. Rodin\u011b m\u016f\u017ee pomoci sb\u00edrka\">[&#8230;]<\/a><\/p>\n<\/div>","protected":false},"author":1,"featured_media":24717,"comment_status":"open","ping_status":"closed","sticky":false,"template":"","format":"standard","meta":{"footnotes":""},"categories":[9],"tags":[],"class_list":["post-38548","post","type-post","status-publish","format-standard","has-post-thumbnail","hentry","category-zpravy"],"_links":{"self":[{"href":"https:\/\/www.invarena.cz\/index.php?rest_route=\/wp\/v2\/posts\/38548","targetHints":{"allow":["GET"]}}],"collection":[{"href":"https:\/\/www.invarena.cz\/index.php?rest_route=\/wp\/v2\/posts"}],"about":[{"href":"https:\/\/www.invarena.cz\/index.php?rest_route=\/wp\/v2\/types\/post"}],"author":[{"embeddable":true,"href":"https:\/\/www.invarena.cz\/index.php?rest_route=\/wp\/v2\/users\/1"}],"replies":[{"embeddable":true,"href":"https:\/\/www.invarena.cz\/index.php?rest_route=%2Fwp%2Fv2%2Fcomments&post=38548"}],"version-history":[{"count":0,"href":"https:\/\/www.invarena.cz\/index.php?rest_route=\/wp\/v2\/posts\/38548\/revisions"}],"wp:featuredmedia":[{"embeddable":true,"href":"https:\/\/www.invarena.cz\/index.php?rest_route=\/wp\/v2\/media\/24717"}],"wp:attachment":[{"href":"https:\/\/www.invarena.cz\/index.php?rest_route=%2Fwp%2Fv2%2Fmedia&parent=38548"}],"wp:term":[{"taxonomy":"category","embeddable":true,"href":"https:\/\/www.invarena.cz\/index.php?rest_route=%2Fwp%2Fv2%2Fcategories&post=38548"},{"taxonomy":"post_tag","embeddable":true,"href":"https:\/\/www.invarena.cz\/index.php?rest_route=%2Fwp%2Fv2%2Ftags&post=38548"}],"curies":[{"name":"wp","href":"https:\/\/api.w.org\/{rel}","templated":true}]}}