{"id":3855,"date":"2013-04-16T11:09:56","date_gmt":"2013-04-16T09:09:56","guid":{"rendered":"http:\/\/www.invarena.cz\/?p=3855"},"modified":"2014-10-20T20:13:50","modified_gmt":"2014-10-20T18:13:50","slug":"brno-proti-evrope-soud-odmitl-aby-se-lecebna-omlouvala","status":"publish","type":"post","link":"https:\/\/www.invarena.cz\/?p=3855","title":{"rendered":"Brno proti Evrop\u011b: Soud odm\u00edtl, aby se l\u00e9\u010debna omlouvala"},"content":{"rendered":"<p><strong>S Luk\u00e1\u0161em Bure\u0161em bylo zach\u00e1zeno nelidsky, ur\u010dil soud ve \u0160trasburku. \u010cesk\u00fd st\u00e1t mlad\u00edkovi za p\u0159ikurtov\u00e1n\u00ed v l\u00e9\u010debn\u011b vyplatil p\u016fl milionu korun. P\u0159esto nyn\u00ed krajsk\u00fd soud rozhodl, \u017ee zdravotn\u00edci nepochybili a omluvit se nemusej\u00ed.<\/strong><br \/>\n<!--more--><br \/>\nPsal se 8. \u00fanor 2007. Violoncellista Luk\u00e1\u0161 Bure\u0161 se probral a\u017e ve chv\u00edli, kdy st\u00e1l v jedn\u00e9 z brn\u011bnsk\u00fdch ve\u010derek jen ve spodn\u00edm pr\u00e1dle a svetru. Du\u0161evn\u011b nemocn\u00fd mlad\u00edk tam do\u0161el pod vlivem sv\u00fdch tlumic\u00edch l\u00e9k\u016f, kter\u00fdch si omylem vzal p\u0159\u00edli\u0161 velkou d\u00e1vku. Skon\u010dil na z\u00e1chytce psychiatrick\u00e9 l\u00e9\u010debny v brn\u011bnsk\u00fdch \u010cernovic\u00edch. I kdy\u017e se podle l\u00e9ka\u0159sk\u00fdch z\u00e1znam\u016f choval klidn\u011b, celou noc byl bolestiv\u011b p\u0159ikurtovan\u00fd k posteli jako pro okol\u00ed nebezpe\u010dn\u00fd fe\u0165\u00e1k.<\/p>\n<p>I kdy\u017e Evropsk\u00fd soud pro lidsk\u00e1 pr\u00e1va za takov\u00e9 praktiky l\u00e9\u010debnu ost\u0159e pok\u00e1ral a st\u00e1t musel vyplatit hudebn\u00edkovi p\u016flmilionov\u00e9 od\u0161kodn\u00e9, Krajsk\u00fd soud v Brn\u011b te\u010f rozhodl p\u0159esn\u011b opa\u010dn\u011b. Zdravotn\u00edci podle n\u011bj \u017e\u00e1dnou chybu neud\u011blali a Bure\u0161ovi se omlouvat nemusej\u00ed.<\/p>\n<p>&#8222;Luk\u00e1\u0161ovi Bure\u0161ovi jde p\u0159edev\u0161\u00edm o ur\u010dit\u00e9 zadostiu\u010din\u011bn\u00ed. St\u00e1t mu sice zaplatil od\u0161kodn\u00e9, ale na l\u00e9\u010debnu cel\u00e1 v\u011bc nijak nedopadla ani se nemus\u00ed omluvit. Dal\u0161\u00edm podobn\u00fdm p\u0159\u00edpad\u016fm tak nic nezabr\u00e1n\u00ed,&#8220; byla z rozhodnut\u00ed soudkyn\u011b Dagmar Bastlov\u00e9 p\u0159ekvapen\u00e1 pr\u00e1vni\u010dka Ligy lidsk\u00fdch pr\u00e1v a Centra advokacie du\u0161evn\u011b posti\u017een\u00fdch Zuzana Durajov\u00e1.<\/p>\n<p>\u0160trasbursk\u00fd rozsudek podle n\u00ed zav\u00e1zal st\u00e1t, ale soudkyn\u011b krajsk\u00e9ho soudu nevid\u011bla d\u016fvod, pro\u010d k n\u011bmu p\u0159ihl\u00e9dnout v samotn\u00e9m sporu mezi Bure\u0161em a l\u00e9\u010debnou.<br \/>\nBastlov\u00e1 toti\u017e na chov\u00e1n\u00ed zdravotn\u00edk\u016f nic \u0161patn\u00e9ho nevid\u00ed. V od\u016fvodn\u011bn\u00ed rozsudku \u0159ekla, \u017ee jedn\u00e1n\u00ed l\u00e9\u010debny nezas\u00e1hlo do d\u016fstojnosti \u017ealobce, proto\u017ee byl pod vlivem l\u00e9k\u016f, a nemohl tud\u00ed\u017e kontrolovat sv\u00e9 jedn\u00e1n\u00ed.<\/p>\n<p>&#8222;Je to, jako by soudkyn\u011b \u0159ekla, \u017ee lid\u00e9, kte\u0159\u00ed jsou nemohouc\u00ed nebo maj\u00ed t\u011b\u017ek\u00e9 posti\u017een\u00ed, nemaj\u00ed \u017e\u00e1dnou d\u016fstojnost, proto se k nim mohou zdravotni\u010dt\u00ed pracovn\u00edci chovat, jak cht\u011bj\u00ed,&#8220; nesouhlas\u00ed ov\u0161em Durajov\u00e1.<\/p>\n<p>D\u016fvody sv\u00e9ho rozhodnut\u00ed pro MF DNES soudkyn\u011b Bastlov\u00e1 nekomentovala. &#8222;\u017dalobce se posledn\u00edch t\u0159\u00ed jedn\u00e1n\u00ed soudu nez\u00fa\u010dastnil, a\u010dkoliv by jeho aktivn\u00ed p\u0159\u00edtomnost p\u0159i v\u00fdslechu sv\u011bdk\u016f byla velmi vhodn\u00e1. Podrobnosti o hodnocen\u00ed proveden\u00fdch d\u016fkaz\u016f budou samoz\u0159ejm\u011b uvedeny v p\u00edsemn\u00e9m vyhotoven\u00ed rozsudku,&#8220; uvedla pouze a dodala, \u017ee rozsudek zainteresovan\u00ed obdr\u017e\u00ed do m\u011bs\u00edce.<\/p>\n<p><strong>Popruhy kolem krku<\/strong><\/p>\n<p>&#8222;Deset hodin jsem byl p\u0159ikurtov\u00e1n na l\u016f\u017eku. Kdy\u017e jsem se pak probral, m\u011bl jsem od popruh\u016f rozed\u0159en\u00e1 z\u00e1p\u011bst\u00ed tak, \u017ee jsem je\u0161t\u011b t\u0159i m\u011bs\u00edce v\u016fbec neudr\u017eel tu\u017eku. Pro m\u011b jako hudebn\u00edka, kter\u00fd pot\u0159ebuje cit v prstech, to byl naprost\u00fd \u0161ok,&#8220; popsal u\u017e d\u0159\u00edve Bure\u0161 sv\u016fj z\u00e1\u017eitek z no\u010dn\u00edho pobytu v l\u00e9\u010debn\u011b proti sv\u00e9 v\u016fli. Popruhy m\u011bl celou noc kolem krku, z\u00e1p\u011bst\u00ed, kolen a kotn\u00edk\u016f. Podle sv\u011bdectv\u00ed, kter\u00e9 podal ve \u0160trasburku, mu p\u0159itom zdravotn\u00edci p\u0159i jejich nasazov\u00e1n\u00ed kle\u010deli na hrudn\u00edku.<\/p>\n<p>Po dlouh\u00fdch snah\u00e1ch o to domoci se spravedlnosti u \u010desk\u00e9ho st\u00e1tu se Bure\u0161 nakonec obr\u00e1til pr\u00e1v\u011b na Evropsk\u00fd soud pro lidsk\u00e1 pr\u00e1va. Ten takov\u00e9 zach\u00e1zen\u00ed p\u0159ed rokem prohl\u00e1sil za poni\u017euj\u00edc\u00ed a nelidsk\u00e9.<br \/>\nU\u017e \u010dty\u0159i roky se t\u00e1hnouc\u00ed spor Bure\u0161e s \u010dernovickou l\u00e9\u010debnou u \u010desk\u00fdch soud\u016f to v\u0161ak neovlivnilo. Bure\u0161 se od n\u00ed nedomohl ani od\u0161kodn\u011bn\u00ed ani omluvy.<\/p>\n<p>Veden\u00ed psychiatrie se k p\u0159\u00edpadu v\u010dera nevyj\u00e1d\u0159ilo. &#8222;Mal\u00e1 \u010d\u00e1st na\u0161ich pacient\u016f je velmi agresivn\u00ed, ohro\u017euj\u00ed sebe a sv\u00e9 okol\u00ed. Na n\u011b se vztahuj\u00ed z\u00e1kony, kter\u00e9 umo\u017e\u0148uj\u00ed, aby se pou\u017eily n\u011bjak\u00e9 omezovac\u00ed prost\u0159edky. T\u00edmto zp\u016fsobem se na z\u00e1chytk\u00e1ch v\u017edycky postupovalo a postupovat bude,&#8220; uvedl u\u017e d\u0159\u00edve jen obecn\u011b \u0159editel l\u00e9\u010debny Marek Radimsk\u00fd.<\/p>\n<p>Rozhodnut\u00ed krajsk\u00e9ho soudu nen\u00ed pravomocn\u00e9, advok\u00e1t Luk\u00e1\u0161e Bure\u0161e p\u0159ipravuje odvol\u00e1n\u00ed i st\u00ed\u017enost na postup soudkyn\u011b. Jeho klient je rozhodnut\u00fd za n\u00e1pravu bojovat d\u00e1le.<\/p>\n<p>Mlad\u00e1 fronta DNES<\/p>\n","protected":false},"excerpt":{"rendered":"<div class=\"mh-excerpt\"><p>S Luk\u00e1\u0161em Bure\u0161em bylo zach\u00e1zeno nelidsky, ur\u010dil soud ve \u0160trasburku. \u010cesk\u00fd st\u00e1t mlad\u00edkovi za p\u0159ikurtov\u00e1n\u00ed v l\u00e9\u010debn\u011b vyplatil p\u016fl milionu korun. P\u0159esto nyn\u00ed krajsk\u00fd soud <a class=\"mh-excerpt-more\" href=\"https:\/\/www.invarena.cz\/?p=3855\" title=\"Brno proti Evrop\u011b: Soud odm\u00edtl, aby se l\u00e9\u010debna omlouvala\">[&#8230;]<\/a><\/p>\n<\/div>","protected":false},"author":1,"featured_media":0,"comment_status":"open","ping_status":"open","sticky":false,"template":"","format":"standard","meta":{"footnotes":""},"categories":[7],"tags":[],"class_list":["post-3855","post","type-post","status-publish","format-standard","hentry","category-spolecnost"],"_links":{"self":[{"href":"https:\/\/www.invarena.cz\/index.php?rest_route=\/wp\/v2\/posts\/3855","targetHints":{"allow":["GET"]}}],"collection":[{"href":"https:\/\/www.invarena.cz\/index.php?rest_route=\/wp\/v2\/posts"}],"about":[{"href":"https:\/\/www.invarena.cz\/index.php?rest_route=\/wp\/v2\/types\/post"}],"author":[{"embeddable":true,"href":"https:\/\/www.invarena.cz\/index.php?rest_route=\/wp\/v2\/users\/1"}],"replies":[{"embeddable":true,"href":"https:\/\/www.invarena.cz\/index.php?rest_route=%2Fwp%2Fv2%2Fcomments&post=3855"}],"version-history":[{"count":0,"href":"https:\/\/www.invarena.cz\/index.php?rest_route=\/wp\/v2\/posts\/3855\/revisions"}],"wp:attachment":[{"href":"https:\/\/www.invarena.cz\/index.php?rest_route=%2Fwp%2Fv2%2Fmedia&parent=3855"}],"wp:term":[{"taxonomy":"category","embeddable":true,"href":"https:\/\/www.invarena.cz\/index.php?rest_route=%2Fwp%2Fv2%2Fcategories&post=3855"},{"taxonomy":"post_tag","embeddable":true,"href":"https:\/\/www.invarena.cz\/index.php?rest_route=%2Fwp%2Fv2%2Ftags&post=3855"}],"curies":[{"name":"wp","href":"https:\/\/api.w.org\/{rel}","templated":true}]}}