{"id":38553,"date":"2023-02-15T19:41:24","date_gmt":"2023-02-15T18:41:24","guid":{"rendered":"http:\/\/www.invarena.cz\/?p=38553"},"modified":"2023-02-15T19:41:25","modified_gmt":"2023-02-15T18:41:25","slug":"johnova-praha-sobe-hlavni-mesto-roky-vyvazelo-zdravotne-znevyhodnene-do-pohranici","status":"publish","type":"post","link":"https:\/\/www.invarena.cz\/?p=38553","title":{"rendered":"Johnov\u00e1 (Praha sob\u011b): Hlavn\u00ed m\u011bsto roky vyv\u00e1\u017eelo zdravotn\u011b znev\u00fdhodn\u011bn\u00e9 do pohrani\u010d\u00ed"},"content":{"rendered":"\n<p>Hlavn\u00ed m\u011bsto pr\u00e1v\u011b dokon\u010dilo kompletn\u00ed rekonstrukci domu v ulici Na Dl\u00e1\u017ed\u011bnce. Vzniknou zde nov\u00e9 pobytov\u00e9 slu\u017eby pro Pra\u017eany, kte\u0159\u00ed pot\u0159ebuj\u00ed specializovanou p\u00e9\u010di a chr\u00e1n\u011bn\u00e9 byty. Tento projekt je dal\u0161\u00edm krokem hlavn\u00edho m\u011bsta na cest\u011b k dostupn\u00fdm soci\u00e1ln\u00edm slu\u017eb\u00e1m na \u00fazem\u00ed Prahy, aby se lid\u00e9 se zdravotn\u00edm znev\u00fdhodn\u011bn\u00edm nemuseli st\u011bhovat za p\u00e9\u010d\u00ed do jin\u00fdch kraj\u016f republiky.<\/p>\n\n\n\n<p>Cel\u00fd \u010dl\u00e1nek naleznete v Parlamentn\u00edch Listech: <a href=\"https:\/\/www.parlamentnilisty.cz\/politika\/politici-volicum\/Johnova-Praha-sobe-Hlavni-mesto-roky-vyvazelo-zdravotne-znevyhodnene-do-pohranici-729271\" target=\"_blank\" rel=\"noreferrer noopener\">https:\/\/www.parlamentnilisty.cz\/politika\/politici-volicum\/Johnova-Praha-sobe-Hlavni-mesto-roky-vyvazelo-zdravotne-znevyhodnene-do-pohranici-729271<\/a><\/p>\n","protected":false},"excerpt":{"rendered":"<div class=\"mh-excerpt\"><p>Hlavn\u00ed m\u011bsto pr\u00e1v\u011b dokon\u010dilo kompletn\u00ed rekonstrukci domu v ulici Na Dl\u00e1\u017ed\u011bnce. Vzniknou zde nov\u00e9 pobytov\u00e9 slu\u017eby pro Pra\u017eany, kte\u0159\u00ed pot\u0159ebuj\u00ed specializovanou p\u00e9\u010di a chr\u00e1n\u011bn\u00e9 byty. <a class=\"mh-excerpt-more\" href=\"https:\/\/www.invarena.cz\/?p=38553\" title=\"Johnov\u00e1 (Praha sob\u011b): Hlavn\u00ed m\u011bsto roky vyv\u00e1\u017eelo zdravotn\u011b znev\u00fdhodn\u011bn\u00e9 do pohrani\u010d\u00ed\">[&#8230;]<\/a><\/p>\n<\/div>","protected":false},"author":1,"featured_media":5533,"comment_status":"open","ping_status":"closed","sticky":false,"template":"","format":"standard","meta":{"footnotes":""},"categories":[9],"tags":[],"class_list":["post-38553","post","type-post","status-publish","format-standard","has-post-thumbnail","hentry","category-zpravy"],"_links":{"self":[{"href":"https:\/\/www.invarena.cz\/index.php?rest_route=\/wp\/v2\/posts\/38553","targetHints":{"allow":["GET"]}}],"collection":[{"href":"https:\/\/www.invarena.cz\/index.php?rest_route=\/wp\/v2\/posts"}],"about":[{"href":"https:\/\/www.invarena.cz\/index.php?rest_route=\/wp\/v2\/types\/post"}],"author":[{"embeddable":true,"href":"https:\/\/www.invarena.cz\/index.php?rest_route=\/wp\/v2\/users\/1"}],"replies":[{"embeddable":true,"href":"https:\/\/www.invarena.cz\/index.php?rest_route=%2Fwp%2Fv2%2Fcomments&post=38553"}],"version-history":[{"count":0,"href":"https:\/\/www.invarena.cz\/index.php?rest_route=\/wp\/v2\/posts\/38553\/revisions"}],"wp:featuredmedia":[{"embeddable":true,"href":"https:\/\/www.invarena.cz\/index.php?rest_route=\/wp\/v2\/media\/5533"}],"wp:attachment":[{"href":"https:\/\/www.invarena.cz\/index.php?rest_route=%2Fwp%2Fv2%2Fmedia&parent=38553"}],"wp:term":[{"taxonomy":"category","embeddable":true,"href":"https:\/\/www.invarena.cz\/index.php?rest_route=%2Fwp%2Fv2%2Fcategories&post=38553"},{"taxonomy":"post_tag","embeddable":true,"href":"https:\/\/www.invarena.cz\/index.php?rest_route=%2Fwp%2Fv2%2Ftags&post=38553"}],"curies":[{"name":"wp","href":"https:\/\/api.w.org\/{rel}","templated":true}]}}