{"id":38556,"date":"2023-02-15T19:50:50","date_gmt":"2023-02-15T18:50:50","guid":{"rendered":"http:\/\/www.invarena.cz\/?p=38556"},"modified":"2023-02-15T19:50:51","modified_gmt":"2023-02-15T18:50:51","slug":"nerozlucna-dvojka-fred-a-freddie-na-asistencniho-psa-se-slozili-kadansti","status":"publish","type":"post","link":"https:\/\/www.invarena.cz\/?p=38556","title":{"rendered":"Nerozlu\u010dn\u00e1 dvojka Fred a Freddie. Na asisten\u010dn\u00edho psa se slo\u017eili Kada\u0148\u0161t\u00ed"},"content":{"rendered":"\n<p>\u010cty\u0159noh\u00e9ho par\u0165\u00e1ka lid\u00e9 chlapci nad\u011blili p\u0159i nov\u011b zrozen\u00e9m filmov\u00e9m festivalu poh\u00e1dek v&nbsp;Kadani a dal\u0161\u00edch akc\u00edch. Tr\u00e9nink obstaral spolek \u0160\u0165astn\u00fd pes \u2013 Handicap.<\/p>\n\n\n\n<p>Je to p\u016fl roku, co z\u00edskala rodina Vorlov\u00fdch v&nbsp;Kadani nov\u00e9ho \u010dlena. T\u00edm je \u010dokol\u00e1dov\u011b hn\u011bd\u00fd labradorsk\u00fd retr\u00edvr Freddie. Jeho pracovn\u00ed n\u00e1pln\u00ed je pom\u00e1hat coby asisten\u010dn\u00ed a canisterapeutick\u00fd pes osmn\u00e1ctilet\u00e9mu Tom\u00e1\u0161ovi, kter\u00fd se od narozen\u00ed pot\u00fdk\u00e1 s&nbsp;n\u00e1sledky d\u011btsk\u00e9 mozkov\u00e9 obrny. Sv\u00e9ho par\u0165\u00e1ka pojmenoval podle p\u0159ezd\u00edvky, kterou s\u00e1m dostal od sv\u00fdch kamar\u00e1d\u016f.<\/p>\n\n\n\n<p>\u201eJe to takov\u00e1 humorn\u00e1 historka,\u201c usm\u00edv\u00e1 se Tom\u00e1\u0161. \u201eBylo to d\u00e1vno, co mi dali p\u0159ezd\u00edvku Creepy Fred (stra\u0161ideln\u00fd Fred), proto\u017ee m\u00e1m r\u00e1d hororov\u00e9 p\u0159\u00edb\u011bhy. R\u00e1d je \u010dtu i&nbsp;p\u00ed\u0161u. Kdy\u017e jsem vid\u011bl sv\u00e9ho asisten\u010dn\u00edho psa, \u0159ekl jsem, nen\u00ed co \u0159e\u0161it. Budeme Fred a Freddie,\u201c dopl\u0148uje student soci\u00e1ln\u00edho oboru na St\u0159edn\u00ed odborn\u00e9 \u0161kole v&nbsp;Kl\u00e1\u0161terci nad Oh\u0159\u00ed.<\/p>\n\n\n\n<p>Sv\u00e9ho nov\u00e9ho par\u0165\u00e1ka, d\u00edky kter\u00e9mu m\u00e1 nep\u0159etr\u017eit\u011b spole\u010dnost, vn\u00edm\u00e1 jako vlastn\u00ed alter ego. Pumpuje ho dobrou n\u00e1ladou a nekone\u010dnou p\u0159\u00edzn\u00ed. Dok\u00e1\u017ee zvednout, cokoli mu upadne, a\u0165 u\u017e jde o&nbsp;mobil, lahev s&nbsp;n\u00e1pojem, kl\u00ed\u010de, nebo i&nbsp;drobn\u00fd pap\u00edrek s&nbsp;pozn\u00e1mkami. Um\u00ed rozsv\u00edtit v&nbsp;m\u00edstnosti, zav\u0159\u00edt dve\u0159e a \u010d\u00e1st dne poka\u017ed\u00e9 tr\u00e1v\u00ed tak, \u017ee je k&nbsp;Tom\u00e1\u0161ovi t\u011bsn\u011b p\u0159imknut\u00fd, aby mohla prob\u00edhat ozdravn\u00e1 \u201eterapie psem\u201c.<\/p>\n\n\n\n<p>Asisten\u010dn\u00edho psa si Tom\u00e1\u0161, kter\u00fd \u017eije s&nbsp;maminkou Petrou a bratrem Michalem, p\u0159\u00e1l posledn\u00ed dva roky. Kv\u016fli sv\u00e9 nemoci se pohybuje na invalidn\u00edm voz\u00edku. Loni v&nbsp;\u010dervnu nav\u00edc absolvoval n\u00e1ro\u010dnou operaci p\u00e1te\u0159e, kter\u00e1 \u0159e\u0161ila t\u011b\u017ekou skoli\u00f3zu a \u00fatlak vnit\u0159n\u00edch org\u00e1n\u016f, kv\u016fli \u010demu\u017e Tom\u00e1\u0161 trp\u011bl ukrutn\u00fdmi bolestmi. D\u00edky z\u00e1kroku bolesti tak\u0159ka okam\u017eit\u011b ustoupily, Tom\u00e1\u0161 je ale v&nbsp;tuto chv\u00edli m\u00e9n\u011b pohybliv\u00fd ne\u017e d\u0159\u00edve.<\/p>\n\n\n\n<p>\u201eByl jsem v\u00edc samostatn\u00fd. Sice jsem nechodil, pohyboval jsem se po \u010dty\u0159ech, dok\u00e1zal jsem se ale dostat na voz\u00edk a z&nbsp;n\u011bj. Operace hybnost zhor\u0161ila. Teprve se rozh\u00fdb\u00e1v\u00e1m,\u201c zmi\u0148uje Tom\u00e1\u0161. Zn\u00e1t je to, kdy\u017e sed\u00ed v&nbsp;ob\u00fdv\u00e1kov\u00e9m k\u0159esle. P\u00e1te\u0159 m\u00e1 jako prav\u00edtko, a tak balancuje na okraji sed\u00e1ku, co\u017e ho vy\u010derp\u00e1v\u00e1.<\/p>\n\n\n\n<p>O&nbsp;to v\u00edce pot\u0159ebuje pomoc par\u0165\u00e1ka Freddieho. Ten vesele pob\u00edh\u00e1 m\u00edstnost\u00ed a d\u00edv\u00e1 se, co by mohl pro sv\u00e9ho Tom\u00e1\u0161e ud\u011blat.<\/p>\n\n\n\n<p>\u201eP\u0159\u00e1l jsem si ho kv\u016fli pod\u00e1v\u00e1n\u00ed v\u011bc\u00ed, ale tak\u00e9 jako psychickou podporu, proto\u017ee ne v\u0161e bylo v&nbsp;tom \u017eivot\u011b jednoduch\u00e9,\u201c p\u0159ibli\u017euje Tom\u00e1\u0161. \u201eFreddie v\u0161echno pln\u00ed do punt\u00edku. V\u011bci pod\u00e1v\u00e1 s\u00e1m, ani\u017e bych na n\u011bj musel volat. Kdy\u017e zrovna nejsem psychicky v&nbsp;pohod\u011b, sna\u017e\u00ed se b\u00fdt u&nbsp;m\u011b, i&nbsp;kdy\u017e to b\u00fdv\u00e1 na \u00fakor jeho pohodl\u00ed. T\u0159eba jen vedle sebe le\u017e\u00edme, nebo si p\u0159ese m\u011b p\u0159ehod\u00ed tlapku,\u201c l\u00edb\u00ed se mu.<\/p>\n\n\n\n<p>Sv\u00e9 p\u0159edstavy o&nbsp;asisten\u010dn\u00edmi psovi m\u011bla tak\u00e9 maminka Tom\u00e1\u0161e. I&nbsp;ty se naplnily. \u201eM\u00fdm z\u00e1kladn\u00edm po\u017eadavkem bylo, aby um\u011bl zav\u0159\u00edt vchodov\u00e9 dve\u0159e, abych nemusela s&nbsp;Tom\u00e1\u0161em v&nbsp;jeho v\u011bku st\u00e1le b\u00fdt,\u201c nasti\u0148uje. Kdy\u017e toti\u017e vjede na invalidn\u00edm voz\u00edku do chodby, aby mohl zav\u0159\u00edt, musel by zajet do bytu, ud\u011blat oto\u010dku a zacouvat ke vchodu.<\/p>\n\n\n\n<p>Tento probl\u00e9m na\u0161t\u011bst\u00ed s&nbsp;Freddiem odpadl. Naopak nem\u00e1lo radost\u00ed p\u0159ibylo, proto\u017ee se stal skute\u010dn\u00fdm \u010dlenem rodiny, kter\u00fd svou p\u0159\u00e1telskou povahou bav\u00ed i&nbsp;lidi z&nbsp;okol\u00ed. \u201eJe to n\u011bkdo, kdo v\u00e1s m\u00e1 r\u00e1d za v\u0161ech okolnost\u00ed a m\u00e1 dobrou n\u00e1ladu. Miluje lidi. Vytipov\u00e1v\u00e1 si, od koho by k\u00e1plo pohlazen\u00ed, tak\u017ee je pot\u0159eba ho v\u010das ut\u00ednat, jinak by kdekoho p\u0159epadal samou l\u00e1skou,\u201c hodnot\u00ed se sm\u00edchem Petra.<\/p>\n\n\n\n<p>Freddieho pro Tom\u00e1\u0161e Vorla vytr\u00e9noval kada\u0148sk\u00fd spolek \u0160\u0165astn\u00fd pes \u2013 Handicap. Ten je zam\u011b\u0159en\u00fd na v\u00fdchovu a v\u00fdcvik asisten\u010dn\u00edch ps\u016f \u010di canisterapeutick\u00fdch ps\u016f pro t\u011blesn\u011b i&nbsp;ment\u00e1ln\u011b posti\u017een\u00e9 d\u011bti a dosp\u011bl\u00e9. Zalo\u017eila ho Jaroslava Polacsekov\u00e1, kter\u00e1 sama pe\u010dovala o&nbsp;sv\u00e9ho t\u011b\u017ece nemocn\u00e9ho syna. Sou\u010dasn\u011b je m\u00edstop\u0159edsedkyn\u00ed spolku.<\/p>\n\n\n\n<p>Tr\u00e9nink asisten\u010dn\u00edho psa podle jej\u00edch zku\u0161enost\u00ed trv\u00e1 zhruba rok a obvykle stoj\u00ed kolem 190&nbsp;tis\u00edc korun. Vzhledem k&nbsp;tomu, \u017ee \u0161el Tom\u00e1\u0161 na operaci, se ale v\u00fdchova a v\u00fdcvik prot\u00e1hly a prodra\u017eily.<\/p>\n\n\n\n<p>Na 150&nbsp;tis\u00edc korun se poda\u0159ilo shrom\u00e1\u017edit p\u0159edev\u0161\u00edm mezi d\u00e1rci v&nbsp;Kadani, a to prost\u0159ednictv\u00edm r\u016fzn\u00fdch charitativn\u00edch akc\u00ed. Des\u00edtky tis\u00edc se vybraly nap\u0159\u00edklad d\u00edky spolku Eg\u00e9ria Kada\u0148, Patronu d\u011bt\u00ed nebo filmov\u00e9mu festivalu poh\u00e1dek, kter\u00fd se ve m\u011bst\u011b loni konal poprv\u00e9.<\/p>\n\n\n\n<p>\u201eKada\u0148 je v&nbsp;tomto \u00fa\u017easn\u00e1,\u201c oce\u0148uje m\u00edru poskytnut\u00e9 pomoci Petra Vorlov\u00e1. \u201eDr\u017e\u00ed n\u00e1s a my se to se syny sna\u017e\u00edme vracet dobrovolnickou prac\u00ed,\u201c dod\u00e1v\u00e1.<\/p>\n\n\n\n<p>Do c\u00edlov\u00e9 \u010d\u00e1stky sch\u00e1z\u00ed je\u0161t\u011b 72&nbsp;tis\u00edc korun. P\u0159\u00edpadn\u00ed d\u00e1rci mohou p\u0159isp\u011bt skrze transparentn\u00ed \u00fa\u010det 4213578349\/0800.<\/p>\n\n\n\n<p>Miroslava \u0160ebestov\u00e1<\/p>\n\n\n\n<p>Chomutovsk\u00fd den\u00edk<\/p>\n\n\n\n<p><a href=\"https:\/\/chomutovsky.denik.cz\/\" target=\"_blank\" rel=\"noreferrer noopener\">https:\/\/chomutovsky.denik.cz\/<\/a><\/p>\n","protected":false},"excerpt":{"rendered":"<div class=\"mh-excerpt\"><p>\u010cty\u0159noh\u00e9ho par\u0165\u00e1ka lid\u00e9 chlapci nad\u011blili p\u0159i nov\u011b zrozen\u00e9m filmov\u00e9m festivalu poh\u00e1dek v&nbsp;Kadani a dal\u0161\u00edch akc\u00edch. Tr\u00e9nink obstaral spolek \u0160\u0165astn\u00fd pes \u2013 Handicap. Je to p\u016fl <a class=\"mh-excerpt-more\" href=\"https:\/\/www.invarena.cz\/?p=38556\" title=\"Nerozlu\u010dn\u00e1 dvojka Fred a Freddie. Na asisten\u010dn\u00edho psa se slo\u017eili Kada\u0148\u0161t\u00ed\">[&#8230;]<\/a><\/p>\n<\/div>","protected":false},"author":1,"featured_media":14424,"comment_status":"open","ping_status":"closed","sticky":false,"template":"","format":"standard","meta":{"footnotes":""},"categories":[9],"tags":[],"class_list":["post-38556","post","type-post","status-publish","format-standard","has-post-thumbnail","hentry","category-zpravy"],"_links":{"self":[{"href":"https:\/\/www.invarena.cz\/index.php?rest_route=\/wp\/v2\/posts\/38556","targetHints":{"allow":["GET"]}}],"collection":[{"href":"https:\/\/www.invarena.cz\/index.php?rest_route=\/wp\/v2\/posts"}],"about":[{"href":"https:\/\/www.invarena.cz\/index.php?rest_route=\/wp\/v2\/types\/post"}],"author":[{"embeddable":true,"href":"https:\/\/www.invarena.cz\/index.php?rest_route=\/wp\/v2\/users\/1"}],"replies":[{"embeddable":true,"href":"https:\/\/www.invarena.cz\/index.php?rest_route=%2Fwp%2Fv2%2Fcomments&post=38556"}],"version-history":[{"count":0,"href":"https:\/\/www.invarena.cz\/index.php?rest_route=\/wp\/v2\/posts\/38556\/revisions"}],"wp:featuredmedia":[{"embeddable":true,"href":"https:\/\/www.invarena.cz\/index.php?rest_route=\/wp\/v2\/media\/14424"}],"wp:attachment":[{"href":"https:\/\/www.invarena.cz\/index.php?rest_route=%2Fwp%2Fv2%2Fmedia&parent=38556"}],"wp:term":[{"taxonomy":"category","embeddable":true,"href":"https:\/\/www.invarena.cz\/index.php?rest_route=%2Fwp%2Fv2%2Fcategories&post=38556"},{"taxonomy":"post_tag","embeddable":true,"href":"https:\/\/www.invarena.cz\/index.php?rest_route=%2Fwp%2Fv2%2Ftags&post=38556"}],"curies":[{"name":"wp","href":"https:\/\/api.w.org\/{rel}","templated":true}]}}