{"id":3857,"date":"2013-04-16T14:04:18","date_gmt":"2013-04-16T12:04:18","guid":{"rendered":"http:\/\/www.invarena.cz\/?p=3857"},"modified":"2014-10-20T20:13:50","modified_gmt":"2014-10-20T18:13:50","slug":"vzp-chce-usetrit-kde-se-da-soudi-se-s-lecebnami","status":"publish","type":"post","link":"https:\/\/www.invarena.cz\/?p=3857","title":{"rendered":"VZP chce u\u0161et\u0159it kde se d\u00e1. Soud\u00ed se s l\u00e9\u010debnami"},"content":{"rendered":"<p><strong>VZP odm\u00edt\u00e1 propl\u00e1cet l\u00e9\u010den\u00ed lid\u00ed trp\u00edc\u00edch demenc\u00ed \u010di Alzheimerovou chorobou um\u00edst\u011bn\u00fdch v l\u00e9\u010debn\u00e1ch. L\u00e9\u010debny tvrd\u00ed, \u017ee tito lid\u00e9 jsou odk\u00e1zan\u00ed na \u010dty\u0159iadvaceti hodinovou p\u00e9\u010di. VZP si mysl\u00ed, \u017ee mohou b\u00fdt l\u00e9\u010deni ambulantn\u011b. O v\u0161em rozhodne soud.<\/strong><br \/>\n<!--more--><br \/>\nJ L\u00e9\u010debny za\u010d\u00ednaj\u00ed vyhr\u00e1vat soudn\u00ed spory s V\u0161eobecnou zdravotn\u00ed poji\u0161\u0165ovnou. Ta po kontrole p\u016fvodn\u011b odm\u00edtla zaplatit statis\u00edce a\u017e miliony korun za p\u00e9\u010di o n\u011bkter\u00e9 pacienty v krajsk\u00e9m Domov\u011b pro osoby se zdravotn\u00edm posti\u017een\u00edm v J\u00e1chymov\u011b a tak\u00e9 v soukrom\u00e9m Dom\u011b o\u0161et\u0159ovatelsk\u00e9 p\u00e9\u010de v Doln\u00edm Rychnov\u011b.<\/p>\n<p>J\u00e1chymovsk\u00fd domov, kter\u00fd se star\u00e1 o ment\u00e1ln\u011b posti\u017een\u00e9, podal na VZP \u017ealobu. Nesouhlasil s v\u00fdtkami poji\u0161\u0165ovny, \u017ee nespr\u00e1vn\u011b vede dokumentaci. Te\u010f vysoudil zp\u011bt 250 tis\u00edc korun &#8211; pen\u00edze za v\u00fdkony u deseti klient\u016f za obdob\u00ed t\u0159\u00ed m\u011bs\u00edc\u016f. Rozsudek u\u017e potvrdil i odvolac\u00ed soud.<\/p>\n<p>&#8222;Pro krajsk\u00e1, ale i dal\u0161\u00ed pobytov\u00e1 za\u0159\u00edzen\u00ed soci\u00e1ln\u00edch slu\u017eeb to znamen\u00e1, \u017ee je mo\u017en\u00e9 se \u00fasp\u011b\u0161n\u011b br\u00e1nit proti nespr\u00e1vn\u00fdm a protipr\u00e1vn\u00edm krok\u016fm zdravotn\u00edch poji\u0161\u0165oven. A \u017ee existuje cesta, jak si zajistit v t\u011bchto smluvn\u00edch vztaz\u00edch rovnopr\u00e1vn\u00e9 zach\u00e1zen\u00ed,&#8220; uvedl n\u00e1m\u011bstek hejtmana pro soci\u00e1ln\u00ed v\u011bci a zdravotnictv\u00ed Miloslav \u010cerm\u00e1k.<\/p>\n<p>O mnohem v\u00edc pen\u011bz &#8211; o 3,5 milionu korun &#8211; jde ve druh\u00e9m sporu. Poji\u0161\u0165ovna po revizi p\u0159ekvapiv\u011b \u0159ekla, \u017ee 7 z 10 kontrolovan\u00fdch nemocn\u00fdch pacient\u016f s demenc\u00ed a Alzheimerem nem\u011blo b\u00fdt v Dom\u011b o\u0161et\u0159ovatelsk\u00e9 p\u00e9\u010de v Doln\u00edm Rychnov\u011b v\u016fbec hospitalizov\u00e1no. VZP za nemocn\u00e9 odm\u00edtla zaplatit s t\u00edm, \u017ee se maj\u00ed l\u00e9\u010dit ambulantn\u011b.<\/p>\n<p>Rychnovsk\u00e1 l\u00e9\u010debna podala \u017ealobu a napoprv\u00e9 usp\u011bla. Soud vydal platebn\u00ed rozkaz, podle kter\u00e9ho m\u00e1 VZP p\u00e9\u010di v pln\u00e9m rozsahu uhradit. Poji\u0161\u0165ovna se ale odvolala a \u010dek\u00e1 se na klasick\u00e9 soudn\u00ed \u0159\u00edzen\u00ed, kter\u00e9 by mohlo b\u00fdt precedentem. &#8222;Moc by n\u00e1m pomohlo, kdybychom spor vyhr\u00e1li. VZP by proti n\u00e1m u\u017e pak nemohla takov\u00fdm zp\u016fsobem postupovat,&#8220; v\u011b\u0159\u00ed \u0159editelka l\u00e9\u010debny Magdal\u00e9na Rado\u0161ov\u00e1 Scholzov\u00e1.<\/p>\n<p>Zastali se j\u00ed i odborn\u00edci z asociace nemocnic a z \u010cesk\u00e9 gerontologick\u00e9 a geriatrick\u00e9 spole\u010dnosti. VZP ale nesouhlas\u00ed. U pacient\u016f podle n\u00ed nebyly nalezeny d\u016fvody pro dal\u0161\u00ed pobyt na l\u016f\u017eku a nepochybn\u011b bylo mo\u017en\u00e9 dal\u0161\u00ed p\u00e9\u010di zajistit a poskytovat ambulantn\u011b.<\/p>\n<p>Prakticky jde o spor, zda chronicky nemocn\u00ed s demenc\u00ed \u010di Alzheimerem maj\u00ed pr\u00e1vo na p\u00e9\u010di v l\u00e9\u010debn\u011b pro dlouhodob\u011b nemocn\u00e9. Do l\u00e9\u010debny je poslal nemocni\u010dn\u00ed nebo praktick\u00fd l\u00e9ka\u0159 a neobejdou se bez 24hodinov\u00e9 p\u00e9\u010de.<\/p>\n<p>Mlad\u00e1 fronta DNES<\/p>\n","protected":false},"excerpt":{"rendered":"<div class=\"mh-excerpt\"><p>VZP odm\u00edt\u00e1 propl\u00e1cet l\u00e9\u010den\u00ed lid\u00ed trp\u00edc\u00edch demenc\u00ed \u010di Alzheimerovou chorobou um\u00edst\u011bn\u00fdch v l\u00e9\u010debn\u00e1ch. L\u00e9\u010debny tvrd\u00ed, \u017ee tito lid\u00e9 jsou odk\u00e1zan\u00ed na \u010dty\u0159iadvaceti hodinovou p\u00e9\u010di. VZP <a class=\"mh-excerpt-more\" href=\"https:\/\/www.invarena.cz\/?p=3857\" title=\"VZP chce u\u0161et\u0159it kde se d\u00e1. Soud\u00ed se s l\u00e9\u010debnami\">[&#8230;]<\/a><\/p>\n<\/div>","protected":false},"author":1,"featured_media":0,"comment_status":"open","ping_status":"open","sticky":false,"template":"","format":"standard","meta":{"footnotes":""},"categories":[7],"tags":[],"class_list":["post-3857","post","type-post","status-publish","format-standard","hentry","category-spolecnost"],"_links":{"self":[{"href":"https:\/\/www.invarena.cz\/index.php?rest_route=\/wp\/v2\/posts\/3857","targetHints":{"allow":["GET"]}}],"collection":[{"href":"https:\/\/www.invarena.cz\/index.php?rest_route=\/wp\/v2\/posts"}],"about":[{"href":"https:\/\/www.invarena.cz\/index.php?rest_route=\/wp\/v2\/types\/post"}],"author":[{"embeddable":true,"href":"https:\/\/www.invarena.cz\/index.php?rest_route=\/wp\/v2\/users\/1"}],"replies":[{"embeddable":true,"href":"https:\/\/www.invarena.cz\/index.php?rest_route=%2Fwp%2Fv2%2Fcomments&post=3857"}],"version-history":[{"count":0,"href":"https:\/\/www.invarena.cz\/index.php?rest_route=\/wp\/v2\/posts\/3857\/revisions"}],"wp:attachment":[{"href":"https:\/\/www.invarena.cz\/index.php?rest_route=%2Fwp%2Fv2%2Fmedia&parent=3857"}],"wp:term":[{"taxonomy":"category","embeddable":true,"href":"https:\/\/www.invarena.cz\/index.php?rest_route=%2Fwp%2Fv2%2Fcategories&post=3857"},{"taxonomy":"post_tag","embeddable":true,"href":"https:\/\/www.invarena.cz\/index.php?rest_route=%2Fwp%2Fv2%2Ftags&post=3857"}],"curies":[{"name":"wp","href":"https:\/\/api.w.org\/{rel}","templated":true}]}}