{"id":38760,"date":"2023-03-09T18:19:10","date_gmt":"2023-03-09T17:19:10","guid":{"rendered":"http:\/\/www.invarena.cz\/?p=38760"},"modified":"2023-03-09T18:19:11","modified_gmt":"2023-03-09T17:19:11","slug":"influencer-majk-podpori-svou-pulrocni-vypravou-hendikepovane-deti-vyrazi-z-brna","status":"publish","type":"post","link":"https:\/\/www.invarena.cz\/?p=38760","title":{"rendered":"Influencer Majk podpo\u0159\u00ed svou p\u016flro\u010dn\u00ed v\u00fdpravou hendikepovan\u00e9 d\u011bti. Vyraz\u00ed z Brna"},"content":{"rendered":"\n<p>Influencer Majk na cest\u00e1ch vyraz\u00ed na kole na p\u016flro\u010dn\u00ed benefi\u010dn\u00ed v\u00fdpravu z\u00a0Brna do Singapuru. Podpo\u0159\u00ed t\u00edm dobro\u010dinnou organizaci Dnes pom\u00e1h\u00e1m a jej\u00ed projekt Jedna se po\u010d\u00edt\u00e1. Ten podporuje v\u00e1\u017en\u011b nemocn\u00e9 a hendikepovan\u00e9 d\u011bti a jejich rodiny. Za ka\u017ed\u00fd ujet\u00fd kilometr v\u011bnuje projektu jednu korunu. Pen\u00edze poputuj\u00ed p\u0159edev\u0161\u00edm na rehabilitace, kter\u00e9 d\u011btem nehrad\u00ed zdravotn\u00ed poji\u0161\u0165ovna. Majk chce motivovat i\u00a0ostatn\u00ed, aby za\u010dali sportovat a z\u00e1rove\u0148 pomohli d\u011btem, kter\u00e9 radost z\u00a0pohybu za\u017e\u00edt nemohou. Jeho cesta odstartuje 12.\u00a0b\u0159ezna na brn\u011bnsk\u00e9m n\u00e1m\u011bst\u00ed Svobody.<\/p>\n\n\n\n<p>Michal Kamermeier, zn\u00e1m\u00fd jako Majk na cest\u00e1ch, pojede b\u011bhem n\u00e1sleduj\u00edc\u00edho p\u016fl roku na kole z&nbsp;Brna do Singapuru. Projede celkem \u0161estn\u00e1ct zem\u00ed, mezi kter\u00fdmi bude nap\u0159\u00edklad Turecko, Om\u00e1n nebo Vietnam.<\/p>\n\n\n\n<p>\u201eTu my\u0161lenku jsem m\u011bl v&nbsp;hlav\u011b u\u017e osm let. D\u0159\u00edv na to nebyl \u010das, tak jsem jezdil jenom po Evrop\u011b. Letos jsem si ale \u0159ekl, \u017ee \u010dek\u00e1n\u00ed bylo dost. Dal jsem v&nbsp;pr\u00e1ci v\u00fdpov\u011b\u010f a cestu napl\u00e1noval,\u201c popisuje Kamermeier, kde se zrodil jeho pl\u00e1n.<\/p>\n\n\n\n<p>Zdol\u00e1 celkem t\u0159in\u00e1ct tis\u00edc kilometr\u016f. Bude to tak dosud nejv\u011bt\u0161\u00ed j\u00edzda jeho nejen sportovn\u00edho \u017eivota. Motivac\u00ed na cest\u011b mu budou p\u0159edev\u0161\u00edm ti, kte\u0159\u00ed takovou v\u00fdpravu absolvovat nem\u016f\u017eou \u2013 d\u011bti s&nbsp;handicapem.<\/p>\n\n\n\n<p>Pomoc t\u011bm, kte\u0159\u00ed sami sportovat nem\u016f\u017eou<\/p>\n\n\n\n<p>Ve\u0161ker\u00e9 vybran\u00e9 pen\u00edze rozd\u011bl\u00ed nadace mezi t\u011b\u017ece nemocn\u00e9 a hendikepovan\u00e9 d\u011bti, kter\u00fdm \u017eivot nedop\u0159\u00e1l tolik \u0161t\u011bst\u00ed. \u201eCht\u011bl bych z\u00e1rove\u0148 motivovat v\u00edce lid\u00ed k&nbsp;tomu, aby sportovali a uv\u011bdomili si hodnotu pohybu. Krom\u011b toho budu r\u00e1d, kdy\u017e se p\u0159ipoj\u00ed k&nbsp;m\u00e9 v\u00fdzv\u011b a sami p\u0159isp\u011bj\u00ed za ka\u017ed\u00fd sv\u016fj kilometr alespo\u0148 jednu korunu d\u011btem z&nbsp;Jedna se po\u010d\u00edt\u00e1,\u201c vysv\u011btluje v\u00e1\u0161niv\u00fd cyklista. Lid\u00e9 maj\u00ed mo\u017enost p\u0159idat se k&nbsp;v\u00fdzv\u011b a p\u0159isp\u011bt na transparentn\u00ed \u00fa\u010det, kter\u00fd naleznou na ofici\u00e1ln\u00edch str\u00e1nk\u00e1ch Jedna se po\u010d\u00edt\u00e1 a na Instagramu Majka na cest\u00e1ch.<\/p>\n\n\n\n<p>Svou cestu Kamermeier odstartuje 12. b\u0159ezna v&nbsp;11.00&nbsp;hodin na brn\u011bnsk\u00e9m n\u00e1m\u011bst\u00ed Svobody. Spole\u010dn\u011b se z\u00e1stupci t\u00fdmu Dnes pom\u00e1h\u00e1m p\u0159ipravil doprovodn\u00fd program. Vystoup\u00ed zp\u011bv\u00e1k Daniel H\u016flka a stand-up komik Jakub Glos z&nbsp;Hranic Humoru.<\/p>\n\n\n\n<p>Kate\u0159ina Dobe\u0161ov\u00e1<\/p>\n\n\n\n<p>Brn\u011bnsk\u00fd den\u00edk<\/p>\n\n\n\n<p><a href=\"https:\/\/brnensky.denik.cz\/\" target=\"_blank\" rel=\"noreferrer noopener\">https:\/\/brnensky.denik.cz\/<\/a><\/p>\n","protected":false},"excerpt":{"rendered":"<div class=\"mh-excerpt\"><p>Influencer Majk na cest\u00e1ch vyraz\u00ed na kole na p\u016flro\u010dn\u00ed benefi\u010dn\u00ed v\u00fdpravu z\u00a0Brna do Singapuru. Podpo\u0159\u00ed t\u00edm dobro\u010dinnou organizaci Dnes pom\u00e1h\u00e1m a jej\u00ed projekt Jedna se <a class=\"mh-excerpt-more\" href=\"https:\/\/www.invarena.cz\/?p=38760\" title=\"Influencer Majk podpo\u0159\u00ed svou p\u016flro\u010dn\u00ed v\u00fdpravou hendikepovan\u00e9 d\u011bti. Vyraz\u00ed z Brna\">[&#8230;]<\/a><\/p>\n<\/div>","protected":false},"author":1,"featured_media":22258,"comment_status":"open","ping_status":"closed","sticky":false,"template":"","format":"standard","meta":{"footnotes":""},"categories":[9],"tags":[],"class_list":["post-38760","post","type-post","status-publish","format-standard","has-post-thumbnail","hentry","category-zpravy"],"_links":{"self":[{"href":"https:\/\/www.invarena.cz\/index.php?rest_route=\/wp\/v2\/posts\/38760","targetHints":{"allow":["GET"]}}],"collection":[{"href":"https:\/\/www.invarena.cz\/index.php?rest_route=\/wp\/v2\/posts"}],"about":[{"href":"https:\/\/www.invarena.cz\/index.php?rest_route=\/wp\/v2\/types\/post"}],"author":[{"embeddable":true,"href":"https:\/\/www.invarena.cz\/index.php?rest_route=\/wp\/v2\/users\/1"}],"replies":[{"embeddable":true,"href":"https:\/\/www.invarena.cz\/index.php?rest_route=%2Fwp%2Fv2%2Fcomments&post=38760"}],"version-history":[{"count":0,"href":"https:\/\/www.invarena.cz\/index.php?rest_route=\/wp\/v2\/posts\/38760\/revisions"}],"wp:featuredmedia":[{"embeddable":true,"href":"https:\/\/www.invarena.cz\/index.php?rest_route=\/wp\/v2\/media\/22258"}],"wp:attachment":[{"href":"https:\/\/www.invarena.cz\/index.php?rest_route=%2Fwp%2Fv2%2Fmedia&parent=38760"}],"wp:term":[{"taxonomy":"category","embeddable":true,"href":"https:\/\/www.invarena.cz\/index.php?rest_route=%2Fwp%2Fv2%2Fcategories&post=38760"},{"taxonomy":"post_tag","embeddable":true,"href":"https:\/\/www.invarena.cz\/index.php?rest_route=%2Fwp%2Fv2%2Ftags&post=38760"}],"curies":[{"name":"wp","href":"https:\/\/api.w.org\/{rel}","templated":true}]}}