{"id":38765,"date":"2023-03-09T18:48:30","date_gmt":"2023-03-09T17:48:30","guid":{"rendered":"http:\/\/www.invarena.cz\/?p=38765"},"modified":"2023-03-09T18:48:31","modified_gmt":"2023-03-09T17:48:31","slug":"ockovani-proti-hpv-stale-chybi-tisicum-13letych-deti","status":"publish","type":"post","link":"https:\/\/www.invarena.cz\/?p=38765","title":{"rendered":"O\u010dkov\u00e1n\u00ed proti HPV st\u00e1le \u201echyb\u00ed\u201c tis\u00edc\u016fm 13let\u00fdch d\u011bt\u00ed"},"content":{"rendered":"\n<p><strong>Tis\u00edc\u016fm d\u011bt\u00ed, kter\u00e9 brzy dos\u00e1hnou 14 let, hroz\u00ed, \u017ee nestihnou zdarma o\u010dkov\u00e1n\u00ed proti rakovin\u011b d\u011blo\u017en\u00edho \u010d\u00edpku. Zdravotn\u00ed poji\u0161\u0165ovny od po\u010d\u00e1tku hrad\u00ed 13let\u00fdm d\u011btem v\u0161echny vakc\u00edny. Star\u0161\u00ed d\u011bti i dosp\u011bl\u00ed si ale o\u010dkov\u00e1n\u00ed proti v\u00e1\u017en\u00e9 nemoci, kterou zp\u016fsobuje lidsk\u00fd papilomavirus (HPV), mus\u00ed hradit sami. L\u00e9ka\u0159i proto apeluj\u00ed, aby rodi\u010de 13let\u00fdch d\u011bt\u00ed n\u00e1v\u0161t\u011bvu pediatra neodkl\u00e1dali.<\/strong><\/p>\n\n\n\n<p><em>\u201eD\u0159\u00edve hradily zdravotn\u00ed poji\u0161\u0165ovny o\u010dkov\u00e1n\u00ed proti HPV pouze \u010d\u00e1ste\u010dn\u011b a rodi\u010de museli za vakc\u00edny s\u00a0\u0161ir\u0161\u00ed ochranou dopl\u00e1cet. Finance hraj\u00ed podle na\u0161ich zku\u0161enost\u00ed tak\u00e9 velkou roli v\u00a0rozhodov\u00e1n\u00ed rodi\u010de, jestli d\u00edt\u011b proti nemoci nech\u00e1 nao\u010dkovat, nebo ne,\u201c<\/em> \u0159ekla MUDr. Ilona H\u00fclleov\u00e1, p\u0159edsedkyn\u011b Sdru\u017een\u00ed praktick\u00fdch l\u00e9ka\u0159\u016f pro d\u011bti a dorost \u010cR.<\/p>\n\n\n\n<p><em>Od ledna 2022 propl\u00e1c\u00ed zdravotn\u00ed poji\u0161\u0165ovny v\u0161echny vakc\u00edny proti HPV \u2013 v\u010detn\u011b t\u00e9 s\u00a0nej\u0161ir\u0161\u00ed dostupnou ochranou proti dev\u00edti nej\u010dast\u011bj\u0161\u00edm typ\u016fm HPV, a\u00a0rodi\u010de tak nemus\u00ed nijak finan\u010dn\u011b p\u0159isp\u00edvat<\/em><\/p>\n\n\n\n<p>Pln\u011b hrazen\u00e9 o\u010dkov\u00e1n\u00ed vyu\u017eily ji\u017e desetitis\u00edce d\u011bt\u00ed. N\u011bkter\u00e9 z\u00a0t\u011bch, je\u017e na vakcinaci maj\u00ed n\u00e1rok, jejich rodi\u010de ale zat\u00edm o\u010dkovat nenechali. <em>\u201eNej\u010dast\u011bji proto, \u017ee o t\u00e9to mo\u017enosti v\u016fbec nev\u00ed. U d\u011bt\u00ed, kter\u00e9 budou m\u00edt brzy 14. narozeniny, hroz\u00ed, \u017ee o\u010dkov\u00e1n\u00ed zdarma nestihnou. Je nutn\u00e9, aby m\u011bli alespo\u0148 jednu d\u00e1vku nao\u010dkovanou ve 13 letech,\u201c<\/em> vysv\u011btlovala MUDr. H\u00fclleov\u00e1. Pokud by o\u010dkov\u00e1n\u00ed proti HPV ve 13 letech skute\u010dn\u011b nestihli, museli by jim rodi\u010de vakc\u00ednu zaplatit.<\/p>\n\n\n\n<p>HPV je v\u016fbec nej\u010dast\u011bj\u0161\u00ed sexu\u00e1ln\u011b p\u0159enosnou infekc\u00ed a v\u00a0\u017eivot\u011b se s\u00a0n\u00ed setk\u00e1 a\u017e 80 % lid\u00ed. T\u011blo si s\u00a0virem v\u011bt\u0161inou porad\u00ed samo, v\u00a0n\u011bkter\u00fdch p\u0159\u00edpadech se ale n\u00e1kaza m\u016f\u017ee rozvinout v z\u00e1va\u017en\u00e9 onemocn\u011bn\u00ed, jako je nap\u0159\u00edklad rakovina d\u011blo\u017en\u00edho \u010d\u00edpku nebo anu. Diagn\u00f3zu rakoviny d\u011blo\u017en\u00edho \u010d\u00edpku si p\u0159ed rokem vyslechla tak\u00e9 Veronika z\u00a0Brna (34). <em>\u201eNa pohotovost m\u011b p\u0159ivedlo masivn\u00ed krv\u00e1cen\u00ed mimo menstruaci a s\u00e9rie vy\u0161et\u0159en\u00ed odhalily pr\u00e1v\u011b rakovinu. P\u0159edt\u00edm jsem \u017e\u00e1dn\u00e9 zdravotn\u00ed pot\u00ed\u017ee nem\u011bla. L\u00e9ka\u0159i mi vyoperovali d\u011blohu a vejcovody, ale rakovinotvorn\u00e9 bu\u0148ky zas\u00e1hly i uzliny, tak\u017ee jsem musela podstoupit tak\u00e9 oza\u0159ov\u00e1n\u00ed a chemoterapii,\u201c<\/em> popisuje Veronika, jej\u00ed\u017e nemoc je nyn\u00ed v\u00a0bezp\u0159\u00edznakov\u00e9 klidov\u00e9 f\u00e1zi a dod\u00e1v\u00e1: <em>\u201eZp\u011btn\u011b lituji, \u017ee jsem se v\u00a0minulosti proti HPV nenechala o\u010dkovat. Nem\u011bla jsem o vakc\u00edn\u011b \u017e\u00e1dn\u00e9 informace a o rizic\u00edch HPV jsem se dozv\u011bd\u011bla a\u017e p\u0159\u00edli\u0161 pozd\u011b. O\u010dkovat ur\u010dit\u011b nech\u00e1m sv\u00e9ho syna.\u201c<\/em> <\/p>\n\n\n\n<p>Nemoci zp\u016fsoben\u00e9 HPV ohro\u017euj\u00ed jak d\u00edvky, tak chlapce. Hoch\u016fm hroz\u00ed nap\u0159\u00edklad rakovina anu nebo genit\u00e1ln\u00ed bradavice. Stejn\u011b jako d\u00edvk\u00e1m jim hrad\u00ed ve 13\u00a0letech o\u010dkov\u00e1n\u00ed zdravotn\u00ed poji\u0161\u0165ovny. L\u00e9ka\u0159i doporu\u010duj\u00ed nao\u010dkovat d\u00edt\u011b proti HPV je\u0161t\u011b p\u0159ed za\u010d\u00e1tkem jeho pohlavn\u00edho \u017eivota. V\u00a0\u010cesku se podle odhad\u016f proo\u010dkovanost pohybuje okolo 64\u00a0%\u00a0u\u00a0d\u00edvek a 42 % u chlapc\u016f.<\/p>\n","protected":false},"excerpt":{"rendered":"<div class=\"mh-excerpt\"><p>Tis\u00edc\u016fm d\u011bt\u00ed, kter\u00e9 brzy dos\u00e1hnou 14 let, hroz\u00ed, \u017ee nestihnou zdarma o\u010dkov\u00e1n\u00ed proti rakovin\u011b d\u011blo\u017en\u00edho \u010d\u00edpku. Zdravotn\u00ed poji\u0161\u0165ovny od po\u010d\u00e1tku hrad\u00ed 13let\u00fdm d\u011btem v\u0161echny vakc\u00edny. <a class=\"mh-excerpt-more\" href=\"https:\/\/www.invarena.cz\/?p=38765\" title=\"O\u010dkov\u00e1n\u00ed proti HPV st\u00e1le \u201echyb\u00ed\u201c tis\u00edc\u016fm 13let\u00fdch d\u011bt\u00ed\">[&#8230;]<\/a><\/p>\n<\/div>","protected":false},"author":1,"featured_media":14171,"comment_status":"open","ping_status":"closed","sticky":false,"template":"","format":"standard","meta":{"footnotes":""},"categories":[11],"tags":[],"class_list":["post-38765","post","type-post","status-publish","format-standard","has-post-thumbnail","hentry","category-zdravi"],"_links":{"self":[{"href":"https:\/\/www.invarena.cz\/index.php?rest_route=\/wp\/v2\/posts\/38765","targetHints":{"allow":["GET"]}}],"collection":[{"href":"https:\/\/www.invarena.cz\/index.php?rest_route=\/wp\/v2\/posts"}],"about":[{"href":"https:\/\/www.invarena.cz\/index.php?rest_route=\/wp\/v2\/types\/post"}],"author":[{"embeddable":true,"href":"https:\/\/www.invarena.cz\/index.php?rest_route=\/wp\/v2\/users\/1"}],"replies":[{"embeddable":true,"href":"https:\/\/www.invarena.cz\/index.php?rest_route=%2Fwp%2Fv2%2Fcomments&post=38765"}],"version-history":[{"count":0,"href":"https:\/\/www.invarena.cz\/index.php?rest_route=\/wp\/v2\/posts\/38765\/revisions"}],"wp:featuredmedia":[{"embeddable":true,"href":"https:\/\/www.invarena.cz\/index.php?rest_route=\/wp\/v2\/media\/14171"}],"wp:attachment":[{"href":"https:\/\/www.invarena.cz\/index.php?rest_route=%2Fwp%2Fv2%2Fmedia&parent=38765"}],"wp:term":[{"taxonomy":"category","embeddable":true,"href":"https:\/\/www.invarena.cz\/index.php?rest_route=%2Fwp%2Fv2%2Fcategories&post=38765"},{"taxonomy":"post_tag","embeddable":true,"href":"https:\/\/www.invarena.cz\/index.php?rest_route=%2Fwp%2Fv2%2Ftags&post=38765"}],"curies":[{"name":"wp","href":"https:\/\/api.w.org\/{rel}","templated":true}]}}