{"id":38768,"date":"2023-03-09T18:57:43","date_gmt":"2023-03-09T17:57:43","guid":{"rendered":"http:\/\/www.invarena.cz\/?p=38768"},"modified":"2023-03-09T18:58:28","modified_gmt":"2023-03-09T17:58:28","slug":"lide-se-za-poruseni-zasad-nekdy-potrestaji-nemoci","status":"publish","type":"post","link":"https:\/\/www.invarena.cz\/?p=38768","title":{"rendered":"<strong>Lid\u00e9 se za poru\u0161en\u00ed z\u00e1sad n\u011bkdy potrestaj\u00ed nemoc\u00ed<\/strong>"},"content":{"rendered":"\n<p><strong>Citliv\u00ed lid\u00e9, kter\u00e9 tr\u00e1p\u00ed nejr\u016fzn\u011bj\u0161\u00ed zdravotn\u00ed probl\u00e9my, by m\u011bli zpozorn\u011bt \u2013 p\u0159\u00ed\u010dina jejich pot\u00ed\u017e\u00ed m\u016f\u017ee tkv\u00edt v&nbsp;tom, \u017ee poru\u0161uj\u00ed svoje vlastn\u00ed mor\u00e1ln\u00ed z\u00e1sady a t\u011blo na to negativn\u011b reaguje. <\/strong><em>\u201eU p\u0159ibli\u017en\u011b 15\u201325 % pacient\u016f maj\u00ed jejich zdravotn\u00ed probl\u00e9my psychosomatick\u00fd p\u016fvod. U \u010d\u00e1sti z&nbsp;nich jsou zp\u016fsobeny t\u00ed\u017eivou situac\u00ed v&nbsp;rodin\u011b nebo v&nbsp;pr\u00e1ci, mnohdy ale trp\u00ed t\u00edm, \u017ee poru\u0161ili n\u011bkter\u00e9 z&nbsp;mor\u00e1ln\u00edch pravidel, je\u017e si vnit\u0159n\u011b nastavili \u2013 a jejich du\u0161e i t\u011blo jim to spo\u010d\u00edt\u00e1,\u201c<\/em> vysv\u011btloval praktick\u00fd l\u00e9ka\u0159 MUDr. Otakar Ach-H\u00fcbner. N\u011bkter\u00fdmi ze z\u00e1sad, s&nbsp;nimi\u017e se pacienti vnit\u0159n\u011b ztoto\u017e\u0148uj\u00ed a nejsou schopni je bezezbytku dodr\u017eet, je nap\u0159\u00edklad u\u017e\u00edv\u00e1n\u00ed lehk\u00fdch drog, sex mimo man\u017eelstv\u00ed nebo poru\u0161en\u00ed pravidel n\u00e1bo\u017eenstv\u00ed, kter\u00e9 vyzn\u00e1vaj\u00ed.<\/p>\n\n\n\n<p> <em>\u201eP\u0159ed p\u011bti lety mi do ordinace p\u0159i\u0161el mlad\u00fd mu\u017e, kter\u00fd trp\u011bl z\u00e1vrat\u011bmi a urputn\u00fdmi bolestmi hlavy. Po \u0159ad\u011b vy\u0161et\u0159en\u00ed a vylou\u010den\u00ed chorob, kter\u00e9 se p\u0159i t\u011bchto projevech nab\u00edzely, jsme p\u0159i\u0161li na to, \u017ee za tr\u00e1pen\u00edm stoj\u00ed vykou\u0159en\u00e1 cigareta marihuany. Mlad\u00edk byl toti\u017e sportovec a v&nbsp;jeho sv\u011bt\u011b nebylo pro \u017e\u00e1dn\u00e9 takov\u00e9 v\u011bci m\u00edsto. Kdy\u017e v\u0161ak utrp\u011bl zran\u011bn\u00ed menisku a musel opustit&nbsp;fotbal a z\u00e1rove\u0148 skon\u010dil jeho dvoulet\u00fd vztah, dostal se do rozpolo\u017een\u00ed, kdy jointa od kamar\u00e1d\u016f p\u0159ijal. Pro n\u011bkoho jde o \u00faplnou hloupost, ale zrovna on<\/em> <em>to podv\u011bdom\u011b pro\u017e\u00edval jako zradu sv\u00fdch p\u0159edsevzet\u00ed \u2013 a t\u011blo zareagovalo velmi ost\u0159e,\u201c<\/em> popisuje jeden z&nbsp;p\u0159\u00edpad\u016f MUDr. Ach-H\u00fcbner. Mlad\u00fd mu\u017e se i bez l\u00e9k\u016f postupn\u011b uzdravil a nyn\u00ed vede \u00fasp\u011b\u0161n\u00fd \u017eivot bez v\u011bt\u0161\u00edch zdravotn\u00edch obt\u00ed\u017e\u00ed.<\/p>\n\n\n\n<p>S&nbsp;bolestmi nejr\u016fzn\u011bj\u0161\u00edho typu, kde nelze ur\u010dit re\u00e1ln\u00fd probl\u00e9m, pak podle l\u00e9ka\u0159e p\u0159ich\u00e1zej\u00ed tak\u00e9 lid\u00e9, kter\u00fdm jejich v\u00edra zakazuje nap\u0159\u00edklad sex mimo man\u017eelstv\u00ed, ale kdy\u017e pud vyhraje a oni z\u00e1sady poru\u0161\u00ed, ob\u010das se fyzicky \u201asesypou\u2018. <\/p>\n\n\n\n<p><em>\u201eNejprve se samoz\u0159ejm\u011b sna\u017e\u00edme vylou\u010dit v\u0161echny objektivn\u00ed d\u016fvody pot\u00ed\u017e\u00ed, ale kdy\u017e si s&nbsp;pacienty popov\u00edd\u00e1me, zjist\u00edme, \u017ee k\u00e1men \u00farazu je jinde,\u201c<\/em> \u0159ekl l\u00e9ka\u0159 s&nbsp;t\u00edm, \u017ee s&nbsp;takov\u00fdmi pot\u00ed\u017eemi chod\u00ed v\u011bt\u0161inou citliv\u00ed jedinci se siln\u00fdm smyslem pro zodpov\u011bdnost. <em>\u201e\u010c\u00edm je \u010dlov\u011bk pe\u010dliv\u011bj\u0161\u00ed a poctiv\u011bj\u0161\u00ed, t\u00edm m\u00e1 bl\u00ed\u017ee k&nbsp;\u00fazkostem. M\u00e1me bohu\u017eel m\u00e1lo \u010dasu si o v\u0161em s&nbsp;pacienty \u0159\u00e1dn\u011b popov\u00eddat. Pomohly by psychosomatick\u00e9 ambulance, kter\u00e9 by usnadnily orientaci pacienta v&nbsp;jeho aktu\u00e1ln\u00ed situaci,\u201c<\/em> dodal MUDr. Ach-H\u00fcbner.<\/p>\n","protected":false},"excerpt":{"rendered":"<div class=\"mh-excerpt\"><p>Citliv\u00ed lid\u00e9, kter\u00e9 tr\u00e1p\u00ed nejr\u016fzn\u011bj\u0161\u00ed zdravotn\u00ed probl\u00e9my, by m\u011bli zpozorn\u011bt \u2013 p\u0159\u00ed\u010dina jejich pot\u00ed\u017e\u00ed m\u016f\u017ee tkv\u00edt v&nbsp;tom, \u017ee poru\u0161uj\u00ed svoje vlastn\u00ed mor\u00e1ln\u00ed z\u00e1sady a t\u011blo <a class=\"mh-excerpt-more\" href=\"https:\/\/www.invarena.cz\/?p=38768\" title=\"Lid\u00e9 se za poru\u0161en\u00ed z\u00e1sad n\u011bkdy potrestaj\u00ed nemoc\u00ed\">[&#8230;]<\/a><\/p>\n<\/div>","protected":false},"author":1,"featured_media":19084,"comment_status":"open","ping_status":"closed","sticky":false,"template":"","format":"standard","meta":{"footnotes":""},"categories":[11],"tags":[],"class_list":["post-38768","post","type-post","status-publish","format-standard","has-post-thumbnail","hentry","category-zdravi"],"_links":{"self":[{"href":"https:\/\/www.invarena.cz\/index.php?rest_route=\/wp\/v2\/posts\/38768","targetHints":{"allow":["GET"]}}],"collection":[{"href":"https:\/\/www.invarena.cz\/index.php?rest_route=\/wp\/v2\/posts"}],"about":[{"href":"https:\/\/www.invarena.cz\/index.php?rest_route=\/wp\/v2\/types\/post"}],"author":[{"embeddable":true,"href":"https:\/\/www.invarena.cz\/index.php?rest_route=\/wp\/v2\/users\/1"}],"replies":[{"embeddable":true,"href":"https:\/\/www.invarena.cz\/index.php?rest_route=%2Fwp%2Fv2%2Fcomments&post=38768"}],"version-history":[{"count":0,"href":"https:\/\/www.invarena.cz\/index.php?rest_route=\/wp\/v2\/posts\/38768\/revisions"}],"wp:featuredmedia":[{"embeddable":true,"href":"https:\/\/www.invarena.cz\/index.php?rest_route=\/wp\/v2\/media\/19084"}],"wp:attachment":[{"href":"https:\/\/www.invarena.cz\/index.php?rest_route=%2Fwp%2Fv2%2Fmedia&parent=38768"}],"wp:term":[{"taxonomy":"category","embeddable":true,"href":"https:\/\/www.invarena.cz\/index.php?rest_route=%2Fwp%2Fv2%2Fcategories&post=38768"},{"taxonomy":"post_tag","embeddable":true,"href":"https:\/\/www.invarena.cz\/index.php?rest_route=%2Fwp%2Fv2%2Ftags&post=38768"}],"curies":[{"name":"wp","href":"https:\/\/api.w.org\/{rel}","templated":true}]}}