{"id":38772,"date":"2023-03-10T12:47:03","date_gmt":"2023-03-10T11:47:03","guid":{"rendered":"http:\/\/www.invarena.cz\/?p=38772"},"modified":"2023-03-10T12:47:04","modified_gmt":"2023-03-10T11:47:04","slug":"na-bulovce-vzniklo-centrum-pece-o-dite-s-vrozenou-vyvojovou-vadou","status":"publish","type":"post","link":"https:\/\/www.invarena.cz\/?p=38772","title":{"rendered":"Na Bulovce vzniklo centrum P\u00c9\u010cE o d\u00edt\u011b s\u00a0vrozenou v\u00fdvojovou vadou"},"content":{"rendered":"\n<p><strong>Fakultn\u00ed nemocnice Bulovka roz\u0161i\u0159uje spektrum poskytovan\u00e9 prenat\u00e1ln\u00ed p\u00e9\u010de rodi\u010dk\u00e1m&nbsp;&nbsp;&nbsp;&nbsp;&nbsp;&nbsp;&nbsp;&nbsp;&nbsp;&nbsp;&nbsp;&nbsp;&nbsp;&nbsp;&nbsp;&nbsp;&nbsp;&nbsp; a n\u00e1sledn\u00e9 postnat\u00e1ln\u00ed p\u00e9\u010de o novorozence. Bulovka je nyn\u00ed schopna nab\u00eddnout t\u011bhotn\u00fdm \u017een\u00e1m a novorozenc\u016fm komplexn\u00ed p\u00e9\u010di od prenat\u00e1ln\u00ed diagnostiky a komplexn\u00edho poradenstv\u00ed v&nbsp;t\u011bhotenstv\u00ed p\u0159es veden\u00ed porodu a\u017e po novorozeneckou chirurgii vybran\u00fdch vrozen\u00fdch v\u00fdvojov\u00fdch vad, a to v\u010detn\u011b operac\u00ed p\u0159ed\u010dasn\u011b narozen\u00fdch d\u011bt\u00ed. Garantem centra je Odd\u011blen\u00ed d\u011btsk\u00e9 chirurgie a traumatologie veden\u00e9 prim\u00e1\u0159em MUDr. Janem \u0160kva\u0159ilem, Ph.D.<\/strong><\/p>\n\n\n\n<p>\u010cinnost nov\u00e9ho centra zaji\u0161\u0165uje odborn\u00fd person\u00e1l Odd\u011blen\u00ed d\u011btsk\u00e9 chirurgie a traumatologie, Gynekologicko-porodnick\u00e9 kliniky FNB a 1. LF UK, Neonatologick\u00e9ho odd\u011blen\u00ed a Anesteziologicko-resuscita\u010dn\u00edho odd\u011blen\u00ed.<em> <\/em>C\u00edlem centra je pomoci rodin\u00e1m, kter\u00e9 \u010dekaj\u00ed <strong>d\u00edt\u011b s&nbsp;podez\u0159en\u00edm na vrozenou v\u00fdvojovou vadu<\/strong>. <\/p>\n\n\n\n<p>Rodi\u010de nenarozen\u00e9ho d\u00edt\u011bte, u n\u011bj\u017e ultrazvukov\u00e9 vy\u0161et\u0159en\u00ed v&nbsp;t\u011bhotenstv\u00ed stanov\u00ed podez\u0159en\u00ed na p\u0159\u00edtomnost vrozen\u00e9 vady \u010dasto pro\u017e\u00edvaj\u00ed nejistotu a\u017e do doby potvrzen\u00ed vady a ur\u010den\u00ed dal\u0161\u00edho postupu. Nez\u0159\u00eddka pak hledaj\u00ed informace sami a obt\u00ed\u017en\u011b se v&nbsp;nich orientuj\u00ed. Centrum rodi\u010d\u016fm nab\u00edz\u00ed odborn\u00e9 konzultace, poradenstv\u00ed a pomoc s&nbsp;organizac\u00ed p\u00e9\u010de.<\/p>\n\n\n\n<p>Gynekologicko-porodnick\u00e1 klinika nab\u00edz\u00ed t\u011bhotn\u00fdm \u017een\u00e1m preventivn\u00ed screeningov\u00e9 vy\u0161et\u0159en\u00ed morfologie plodu. \u201e<em>V&nbsp;p\u0159\u00edpad\u011b, \u017ee je diagnostikov\u00e1no podez\u0159en\u00ed na vrozenou v\u00fdvojovou vadu plodu je d\u016fle\u017eit\u00e9 zbavit rodi\u010de nejistoty, poskytnout jim mo\u017enost dozv\u011bd\u011bt se, co \u010dek\u00e1 jejich d\u00edt\u011b, ale i je samotn\u00e9, a jak\u00e9 kroky budou n\u00e1sledovat,\u201c <\/em>\u0159\u00edk\u00e1 k&nbsp;nov\u011b vznikl\u00e9mu centru prof. MUDr. Michal Zik\u00e1n, Ph.D., p\u0159ednosta kliniky.<\/p>\n\n\n\n<p><em>\u201eD\u00edky nastaven\u00e9 mezioborov\u00e9 spolupr\u00e1ci jsme schopni na jednom m\u00edst\u011b nab\u00eddnout jasn\u00fd pl\u00e1n optim\u00e1ln\u00ed p\u00e9\u010de, bez nutnosti slo\u017eit\u011b se objedn\u00e1vat do jin\u00e9ho specializovan\u00e9ho za\u0159\u00edzen\u00ed,\u201c <\/em>popisuje jednu z v\u00fdhod centra prim\u00e1\u0159 Odd\u011blen\u00ed d\u011btsk\u00e9 chirurgie a traumatologie MUDr. Jan \u0160kva\u0159il, Ph.D. Toto odd\u011blen\u00ed zaji\u0161\u0165uje novorozeneckou operativu u vrozen\u00fdch v\u00fdvojov\u00fdch vad, jako jsou nap\u0159. v\u00fdvojov\u00e9 vady tr\u00e1vic\u00edho traktu \u2013 <a>atr\u00e9zie duodena<\/a>, tenk\u00e9ho a tlust\u00e9ho st\u0159eva \u010di anorekt\u00e1ln\u00ed malformace (vrozen\u00e1 onemocn\u011bn\u00ed kone\u010dn\u00edku a \u0159it\u011b). <\/p>\n\n\n\n<p><em>\u201ePo domluv\u011b s rodinou jsme p\u0159ipraveni nab\u00eddnout, v r\u00e1mci ambulance nebo u l\u016f\u017eka p\u0159i hospitalizaci, podrobnou konzultaci n\u00e1lezu. Nast\u00edn\u00edme mo\u017enost l\u00e9\u010dby, vysv\u011btl\u00edme p\u0159esn\u00fd opera\u010dn\u00ed postup, pop\u00ed\u0161eme p\u0159edpokl\u00e1dan\u00fd poopera\u010dn\u00ed stav a p\u0159\u00edpadn\u00e9 \u017eivotn\u00ed zm\u011bny, kter\u00e9 by operovan\u00e9ho novorozence \u010dekaly. Stejn\u00e9 konzultace nab\u00edz\u00edme tak\u00e9 rodin\u00e1m s novorozencem, kter\u00e9 jsou hospitalizovan\u00e9 na odd\u011blen\u00ed \u0161estined\u011bl\u00ed nebo na neonatologii, a to p\u0159\u00edmo u l\u016f\u017eka,\u201c <\/em>popisuje smysl centra prim\u00e1\u0159 \u0160kva\u0159il. N\u00e1sledn\u00e1 operativa prob\u00edh\u00e1 na kvalitn\u011b vybaven\u00fdch opera\u010dn\u00edch s\u00e1lech a pacient je v rukou specialist\u016f s dlouholetou prax\u00ed. \u201e<em>Ka\u017ed\u00e1 vrozen\u00e1 v\u00fdvojov\u00e1 vada by m\u011bla b\u00fdt pr\u016fb\u011b\u017en\u011b kontrolov\u00e1na a\u017e do dosp\u011blosti, proto je u n\u00e1s samoz\u0159ejmost\u00ed nejen poopera\u010dn\u00ed sledov\u00e1n\u00ed pacient\u016f, ale i dlouhodob\u00e1 dispenzarizace, tedy soustavn\u00e1 odborn\u00e1 l\u00e9ka\u0159sk\u00e1 p\u00e9\u010de ve specializovan\u00fdch ambulanc\u00edch,\u201c<\/em> dod\u00e1v\u00e1 prim\u00e1\u0159 Odd\u011blen\u00ed d\u011btsk\u00e9 chirurgie a traumatologie.<\/p>\n\n\n\n<p>Cel\u00e9ho procesu poradenstv\u00ed se od po\u010d\u00e1tku \u00fa\u010dastn\u00ed tak\u00e9 neonatologov\u00e9, kte\u0159\u00ed stanovuj\u00ed mo\u017enosti p\u00e9\u010de o novorozence po dan\u00e9m chirurgick\u00e9m v\u00fdkonu. \u201e<em>Neonatologick\u00e9 odd\u011blen\u00ed na\u0161\u00ed nemocnice m\u016f\u017ee poskytnout intenzivn\u00ed poopera\u010dn\u00ed p\u00e9\u010di o novorozence s vybran\u00fdmi vrozen\u00fdmi v\u00fdvojov\u00fdmi vadami. Pracujeme se \u0161pi\u010dkovou diagnostickou technikou a k dispozici m\u00e1me i&nbsp;sofistikovanou ventila\u010dn\u00ed \u010di ob\u011bhovou podporu,\u201c&nbsp;<\/em>dod\u00e1v\u00e1 MUDr. Martin \u010ciha\u0159, prim\u00e1\u0159 Neonatologick\u00e9ho odd\u011blen\u00ed FNB. &nbsp;<\/p>\n\n\n\n<p>V&nbsp;nov\u011b vznikl\u00e9m centru tak mohou t\u011bhotn\u00e9 \u017eeny absolvovat s\u00e9rii podrobn\u00fdch odborn\u00fdch vy\u0161et\u0159en\u00ed a konzultac\u00ed v\u0161ech prenat\u00e1ln\u011b zji\u0161t\u011bn\u00fdch chirurgick\u00fdch diagn\u00f3z. Samoz\u0159ejmost\u00ed je&nbsp;&nbsp;&nbsp;&nbsp;&nbsp;&nbsp;&nbsp;&nbsp;&nbsp;&nbsp;&nbsp;&nbsp;&nbsp;&nbsp;&nbsp;&nbsp;&nbsp;&nbsp;&nbsp;&nbsp;&nbsp;&nbsp;&nbsp;&nbsp;&nbsp; i genetick\u00e9 poradenstv\u00ed.Rovn\u011b\u017e je jim poskytnuta p\u0159edopera\u010dn\u00ed, opera\u010dn\u00ed a poopera\u010dn\u00ed intenzivn\u00ed p\u00e9\u010de o novorozence a tak\u00e9 mo\u017enost hospitalizace rodi\u010d\u016f na standardn\u00edch \u010di nadstandardn\u00edch pokoj\u00edch. Podle charakteru onemocn\u011bn\u00ed je centrum schopno zajistit dlouhodob\u00e9 ambulantn\u00ed sledov\u00e1n\u00ed d\u00edt\u011bte.<\/p>\n","protected":false},"excerpt":{"rendered":"<div class=\"mh-excerpt\"><p>Fakultn\u00ed nemocnice Bulovka roz\u0161i\u0159uje spektrum poskytovan\u00e9 prenat\u00e1ln\u00ed p\u00e9\u010de rodi\u010dk\u00e1m&nbsp;&nbsp;&nbsp;&nbsp;&nbsp;&nbsp;&nbsp;&nbsp;&nbsp;&nbsp;&nbsp;&nbsp;&nbsp;&nbsp;&nbsp;&nbsp;&nbsp;&nbsp; a n\u00e1sledn\u00e9 postnat\u00e1ln\u00ed p\u00e9\u010de o novorozence. Bulovka je nyn\u00ed schopna nab\u00eddnout t\u011bhotn\u00fdm \u017een\u00e1m a novorozenc\u016fm komplexn\u00ed <a class=\"mh-excerpt-more\" href=\"https:\/\/www.invarena.cz\/?p=38772\" title=\"Na Bulovce vzniklo centrum P\u00c9\u010cE o d\u00edt\u011b s\u00a0vrozenou v\u00fdvojovou vadou\">[&#8230;]<\/a><\/p>\n<\/div>","protected":false},"author":1,"featured_media":38777,"comment_status":"open","ping_status":"closed","sticky":false,"template":"","format":"standard","meta":{"footnotes":""},"categories":[11],"tags":[],"class_list":["post-38772","post","type-post","status-publish","format-standard","has-post-thumbnail","hentry","category-zdravi"],"_links":{"self":[{"href":"https:\/\/www.invarena.cz\/index.php?rest_route=\/wp\/v2\/posts\/38772","targetHints":{"allow":["GET"]}}],"collection":[{"href":"https:\/\/www.invarena.cz\/index.php?rest_route=\/wp\/v2\/posts"}],"about":[{"href":"https:\/\/www.invarena.cz\/index.php?rest_route=\/wp\/v2\/types\/post"}],"author":[{"embeddable":true,"href":"https:\/\/www.invarena.cz\/index.php?rest_route=\/wp\/v2\/users\/1"}],"replies":[{"embeddable":true,"href":"https:\/\/www.invarena.cz\/index.php?rest_route=%2Fwp%2Fv2%2Fcomments&post=38772"}],"version-history":[{"count":0,"href":"https:\/\/www.invarena.cz\/index.php?rest_route=\/wp\/v2\/posts\/38772\/revisions"}],"wp:featuredmedia":[{"embeddable":true,"href":"https:\/\/www.invarena.cz\/index.php?rest_route=\/wp\/v2\/media\/38777"}],"wp:attachment":[{"href":"https:\/\/www.invarena.cz\/index.php?rest_route=%2Fwp%2Fv2%2Fmedia&parent=38772"}],"wp:term":[{"taxonomy":"category","embeddable":true,"href":"https:\/\/www.invarena.cz\/index.php?rest_route=%2Fwp%2Fv2%2Fcategories&post=38772"},{"taxonomy":"post_tag","embeddable":true,"href":"https:\/\/www.invarena.cz\/index.php?rest_route=%2Fwp%2Fv2%2Ftags&post=38772"}],"curies":[{"name":"wp","href":"https:\/\/api.w.org\/{rel}","templated":true}]}}