{"id":38786,"date":"2023-03-13T06:21:11","date_gmt":"2023-03-13T05:21:11","guid":{"rendered":"http:\/\/www.invarena.cz\/?p=38786"},"modified":"2023-03-13T06:21:13","modified_gmt":"2023-03-13T05:21:13","slug":"cerpani-nemocenske-a-vystaveni-neschopenky-pri-lazenskem-pobytu","status":"publish","type":"post","link":"https:\/\/www.invarena.cz\/?p=38786","title":{"rendered":"\u010cerp\u00e1n\u00ed nemocensk\u00e9 a vystaven\u00ed neschopenky p\u0159i l\u00e1ze\u0148sk\u00e9m pobytu"},"content":{"rendered":"\n<p>Pob\u00edr\u00e1m invalidn\u00ed d\u016fchod I. stupn\u011b a za t\u00fdden pojedu do l\u00e1zn\u00ed. Pracuji<br>na \u010d\u00e1ste\u010dn\u00fd \u00favazek. Mohu p\u0159i pobitu v l\u00e1zn\u00edch \u010derpat nemocenskou a kdo<br>mi vystav\u00ed elektronickou neschopenku? L\u00e1zn\u011b m\u00e1m pln\u011b hrazen\u00e9 zdravotn\u00ed<br>poji\u0161\u0165ovnou.<\/p>\n\n\n\n<p>Odpov\u011b\u010f:<\/p>\n\n\n\n<p>Nemocenskou po dobu pobytu v l\u00e1zn\u00edch \u010derpat m\u016f\u017eete. Prvn\u00edch 14 dn\u016f<br>pracovn\u00ed neschopnosti V\u00e1m bude zam\u011bstnavatelem poskytnuta n\u00e1hrada mzdy.<br>Dal\u0161\u00ed dny V\u00e1m bude pak vypl\u00e1cena nemocensk\u00e1. O vystaven\u00ed neschopenky<br>po\u017e\u00e1dejte v l\u00e1zn\u00edch v den Va\u0161eho p\u0159\u00edjezdu do l\u00e1zn\u00ed. Posledn\u00ed den Va\u0161eho<br>pobytu v l\u00e1zn\u00edch V\u00e1m bude pracovn\u00ed neschopnost ukon\u010dena l\u00e1ze\u0148sk\u00fdm<br>za\u0159\u00edzen\u00edm, kter\u00e9 V\u00e1m poskytlo l\u00e1ze\u0148skou p\u00e9\u010di.<\/p>\n\n\n\n<p>admin<\/p>\n","protected":false},"excerpt":{"rendered":"<div class=\"mh-excerpt\"><p>Pob\u00edr\u00e1m invalidn\u00ed d\u016fchod I. stupn\u011b a za t\u00fdden pojedu do l\u00e1zn\u00ed. Pracujina \u010d\u00e1ste\u010dn\u00fd \u00favazek. Mohu p\u0159i pobitu v l\u00e1zn\u00edch \u010derpat nemocenskou a kdomi vystav\u00ed elektronickou <a class=\"mh-excerpt-more\" href=\"https:\/\/www.invarena.cz\/?p=38786\" title=\"\u010cerp\u00e1n\u00ed nemocensk\u00e9 a vystaven\u00ed neschopenky p\u0159i l\u00e1ze\u0148sk\u00e9m pobytu\">[&#8230;]<\/a><\/p>\n<\/div>","protected":false},"author":1,"featured_media":29182,"comment_status":"open","ping_status":"closed","sticky":false,"template":"","format":"standard","meta":{"footnotes":""},"categories":[18],"tags":[],"class_list":["post-38786","post","type-post","status-publish","format-standard","has-post-thumbnail","hentry","category-poradna"],"_links":{"self":[{"href":"https:\/\/www.invarena.cz\/index.php?rest_route=\/wp\/v2\/posts\/38786","targetHints":{"allow":["GET"]}}],"collection":[{"href":"https:\/\/www.invarena.cz\/index.php?rest_route=\/wp\/v2\/posts"}],"about":[{"href":"https:\/\/www.invarena.cz\/index.php?rest_route=\/wp\/v2\/types\/post"}],"author":[{"embeddable":true,"href":"https:\/\/www.invarena.cz\/index.php?rest_route=\/wp\/v2\/users\/1"}],"replies":[{"embeddable":true,"href":"https:\/\/www.invarena.cz\/index.php?rest_route=%2Fwp%2Fv2%2Fcomments&post=38786"}],"version-history":[{"count":0,"href":"https:\/\/www.invarena.cz\/index.php?rest_route=\/wp\/v2\/posts\/38786\/revisions"}],"wp:featuredmedia":[{"embeddable":true,"href":"https:\/\/www.invarena.cz\/index.php?rest_route=\/wp\/v2\/media\/29182"}],"wp:attachment":[{"href":"https:\/\/www.invarena.cz\/index.php?rest_route=%2Fwp%2Fv2%2Fmedia&parent=38786"}],"wp:term":[{"taxonomy":"category","embeddable":true,"href":"https:\/\/www.invarena.cz\/index.php?rest_route=%2Fwp%2Fv2%2Fcategories&post=38786"},{"taxonomy":"post_tag","embeddable":true,"href":"https:\/\/www.invarena.cz\/index.php?rest_route=%2Fwp%2Fv2%2Ftags&post=38786"}],"curies":[{"name":"wp","href":"https:\/\/api.w.org\/{rel}","templated":true}]}}