{"id":38866,"date":"2023-03-31T21:59:05","date_gmt":"2023-03-31T19:59:05","guid":{"rendered":"http:\/\/www.invarena.cz\/?p=38866"},"modified":"2023-03-31T21:59:06","modified_gmt":"2023-03-31T19:59:06","slug":"rodina-z-vesnice-u-mostu-vyhlasila-sbirku-na-pomoc-osmiletemu-diteti","status":"publish","type":"post","link":"https:\/\/www.invarena.cz\/?p=38866","title":{"rendered":"Rodina z vesnice u Mostu vyhl\u00e1sila sb\u00edrku na pomoc osmilet\u00e9mu d\u00edt\u011bti"},"content":{"rendered":"\n<p><em>ilustra\u010dn\u00ed foto<\/em><\/p>\n\n\n\n<p>Abrhamovi se sna\u017e\u00ed sehnat milion a p\u016fl na po\u0159\u00e1dn\u00e9 auto, aby mohli p\u0159epravovat v\u00e1\u017en\u011b nemocn\u00e9ho syna na velk\u00e9 vzd\u00e1lenosti.<\/p>\n\n\n\n<p>Osmilet\u00fd Vincek z \u017delenic u Mostu je hodn\u011b nemocn\u00fd. Trp\u00ed d\u011btskou mozkovou obrnou, epilepsi\u00ed a v\u00fdvojovou dysf\u00e1zi\u00ed, kter\u00e1 naru\u0161uje jeho \u0159e\u010d, porozum\u011bn\u00ed i pam\u011b\u0165. Chlapec je nav\u00edc posti\u017een\u00fd lehkou ment\u00e1ln\u00ed retardac\u00ed, ADHD a autistick\u00fdmi projevy v chov\u00e1n\u00ed.<\/p>\n\n\n\n<p>Rodi\u010de voz\u00ed syna ka\u017ed\u00fd den do \u0161koly, na rehabilitace a terapie vzd\u00e1len\u00e9 a\u017e 50 kilometr\u016f a pravideln\u011b jezd\u00ed i na kontroly k mnoha l\u00e9ka\u0159\u016fm. \u201eSe synem jezd\u00edme nap\u0159\u00edklad do pra\u017esk\u00e9ho Motola nebo na Bulovku, do Chomutova, Kadan\u011b a tak\u00e9 do l\u00e1zn\u00ed v Krkono\u0161\u00edch,\u201c \u0159ekl Den\u00edku tat\u00ednek Michal Abrham, kter\u00fd pracuje jako prodava\u010d a p\u0159ivyd\u011bl\u00e1v\u00e1 si brig\u00e1dami, aby rodinu u\u017eivil. Pro p\u0159edstavu: cestov\u00e1n\u00ed se synem stoj\u00ed i \u0161estn\u00e1ct tis\u00edc korun m\u011bs\u00ed\u010dn\u011b.<\/p>\n\n\n\n<p>Jejich auto je nane\u0161t\u011bst\u00ed star\u00e9 a poruch p\u0159ib\u00fdv\u00e1. Kdy\u017e se n\u00e1hle zastav\u00ed a nep\u016fjde u\u017e opravit, bude zle. Rodina pot\u0159ebuje m\u00edt na ka\u017ed\u00fd den bezpe\u010dn\u00fd, velk\u00fd a spolehliv\u00fd automobil, do kter\u00e9ho nalo\u017e\u00ed voz\u00edk benecykl a ve\u0161ker\u00e9 dal\u0161\u00ed pot\u0159ebn\u00e9 v\u011bci, kter\u00e9 jsou nezbytnou sou\u010d\u00e1st\u00ed Vinckova \u017eivota. \u201eTakov\u00e9 auto ale stoj\u00ed spoustu pen\u011bz a je mimo na\u0161e finan\u010dn\u00ed mo\u017enosti,\u201c povzdechl si tat\u00ednek.<\/p>\n\n\n\n<p>Rodina proto 26. b\u0159ezna zkusila \u0161t\u011bst\u00ed a vyhl\u00e1sila sb\u00edrku na dobro\u010dinn\u00e9m internetov\u00e9m port\u00e1lu donio.cz. C\u00edlem je do konce kv\u011btna vybrat 1,5 milionu korun, za kter\u00e9 koup\u00ed auto, aby p\u00e9\u010de o syna mohla bez v\u00fdrazn\u00e9ho omezen\u00ed pokra\u010dovat.<\/p>\n\n\n\n<p>Nen\u00ed to jednoduch\u00e9<\/p>\n\n\n\n<p>Vincek se narodil t\u011bsn\u011b p\u0159ed V\u00e1noci v roce 2014 a krom\u011b maminky a tat\u00ednka m\u00e1 je\u0161t\u011b sest\u0159i\u010dku. Chlapec byl od po\u010d\u00e1tku mali\u010dk\u00fd, v porodnici v\u00e1\u017eil jen 1 470 gram\u016f, nepil ml\u00e9ko a byl napojen na d\u00fdchac\u00ed p\u0159\u00edstroj. P\u00e1r t\u00fddn\u016f pob\u00fdval v inkub\u00e1toru. Pak se rodi\u010de dozv\u011bd\u011bli, \u017ee z\u0159ejm\u011b b\u011bhem porodu prod\u011blal krv\u00e1cen\u00ed do mozku. Maminka hodn\u011b plakala, ale s tat\u00ednkem si \u0159ekli, \u017ee spole\u010dn\u011b v\u0161echno zvl\u00e1dnou a v\u011b\u0159ili, \u017ee i p\u0159es tak t\u011b\u017ek\u00fd start do \u017eivota bude syn zdrav\u00fd.<\/p>\n\n\n\n<p>Jen\u017ee pot\u00ed\u017e\u00ed p\u0159ib\u00fdvalo. Chlapec se vyv\u00edjel pomaleji ne\u017e jin\u00e9 d\u011bti. Neot\u00e1\u010del se za hlasem, nekoukal lidem do o\u010d\u00ed, neukazoval a hra\u010dky ho nezaj\u00edmaly. Tak\u00e9 hodn\u011b padal, zakop\u00e1val, byl st\u00e1le unaven\u00fd. Kdy\u017e se o n\u011bco mali\u010dko uhodil, omdlel. Po prvn\u00edm EEG mozku a magnetick\u00e9 rezonanci bylo diagnostikov\u00e1no n\u011bkolik v\u00e1\u017en\u00fdch nemoc\u00ed a z mal\u00e9ho Vincenta, kter\u00e9mu \u0159\u00edkaj\u00ed Vincek, se stal kluk se speci\u00e1ln\u00edmi vzd\u011bl\u00e1vac\u00edmi pot\u0159ebami, kter\u00fd pot\u0159ebuje ke sv\u00e9mu \u017eivotu a rozvoji zvl\u00e1\u0161tn\u00ed pom\u016fcky a speci\u00e1ln\u00ed zach\u00e1zen\u00ed. Ve \u0161kole mu pom\u00e1h\u00e1 asistentka a po vyu\u010dov\u00e1n\u00ed ho rodi\u010de voz\u00ed na fyzioterapii, ergoterapii, hipoterapii a logopedii nebo na kontroly a vy\u0161et\u0159en\u00ed k l\u00e9ka\u0159\u016fm. Star\u00e1 se o n\u011bj hlavn\u011b maminka, kter\u00e1 proto nem\u016f\u017ee chodit do zam\u011bstn\u00e1n\u00ed. Tat\u00ednek hodn\u011b pracuje, ale s\u00e1m tak\u00e9 nen\u00ed \u00fapln\u011b zdrav\u00fd.<\/p>\n\n\n\n<p>Podle rodi\u010d\u016f budou nemoci Vincka prov\u00e1zet cel\u00fd jeho \u017eivot. \u201e\u010casto se n\u00e1s pt\u00e1, kdy u\u017e kone\u010dn\u011b bude zdrav\u00fd, bude moci d\u011blat to co ostatn\u00ed d\u011bti, kdy ho budou poslouchat no\u017ei\u010dky a kdy nebude muset br\u00e1t l\u00e9ky. Bohu\u017eel v\u00edme, \u017ee se na\u0161e p\u0159\u00e1n\u00ed o zdrav\u00e9m d\u00edt\u011bti nikdy nespln\u00ed,\u201c popisuje Mark\u00e9ta Abrhamov\u00e1 rodinn\u00fd p\u0159\u00edb\u011bh na donio.cz.<\/p>\n\n\n\n<p>Kdy\u017e se Vincek narodil, zhroutil se rodi\u010d\u016fm sv\u011bt. \u017divot zm\u011bnili od z\u00e1kladu. \u201eJsme tu pro syna a jeho pot\u0159eby, pom\u00e1h\u00e1me mu p\u0159ekon\u00e1vat bari\u00e9ry a pom\u00e1h\u00e1me mu v dal\u0161\u00edm rozvoji. Sna\u017e\u00edme se co nejv\u00edce p\u0159ibl\u00ed\u017eit jeho \u017eivot k \u017eivotu jeho vrstevn\u00edk\u016f. Sna\u017e\u00edme se v\u0161echen n\u00e1\u0161 \u010das rozd\u011blit mezi nemocn\u00e9ho syna a jeho mlad\u0161\u00ed sest\u0159i\u010dku, kter\u00e1 se narodila v dob\u011b, kdy n\u00e1s l\u00e9ka\u0159i uji\u0161\u0165ovali, \u017ee syn bude zdrav\u00fd. \u017d\u00edt vedle nemocn\u00e9ho br\u00e1\u0161ky pro ni nen\u00ed snadn\u00e9,&#8220; dod\u00e1v\u00e1 maminka.<\/p>\n\n\n\n<p>Podle n\u00ed by bylo \u00fa\u017easn\u00e9, kdyby se vybrala cel\u00e1 \u010d\u00e1stka. Kdyby se vybrala ve sb\u00edrce vy\u0161\u0161\u00ed \u010d\u00e1stka ne\u017e je ta c\u00edlov\u00e1, mohla by rodina uhradit i poplatky spojen\u00e9 s l\u00e1zn\u011bmi nebo synovi zajistit intenzivn\u00ed neurorehabilitace pomoc\u00ed robotiky, kde se ceny pohybuj\u00ed od sta tis\u00edc v\u00fd\u0161. \u201eMohli bychom synovi po\u0159\u00eddit n\u00e1kladn\u00e9 pom\u016fcky na cvi\u010den\u00ed, rozvoj hrub\u00e9 i jemn\u00e9 motoriky, pam\u011bti a u\u010den\u00ed, pot\u0159eby k relaxaci a uvoln\u011bn\u00ed spastick\u00e9ho svalstva (hydromas\u00e1\u017ee, snoezelen) \u010di na koupi dopl\u0148k\u016f stravy na podporu mozkov\u00e9 \u010dinnosti. V\u0161echny tyto v\u011bci jsou na po\u0159\u00edzen\u00ed velmi n\u00e1kladn\u00e9 a mimo na\u0161e finan\u010dn\u00ed mo\u017enosti,\u201c informuj\u00ed rodi\u010de na donio.cz.<\/p>\n\n\n\n<p>Pokud z\u00edskaj\u00ed ni\u017e\u0161\u00ed \u010d\u00e1stku, pou\u017eij\u00ed ji na koupi automobilu, ale budou muset hledat je\u0161t\u011b jin\u00e9 mo\u017enosti a n\u00e1kup p\u0159izp\u016fsobit celkov\u00e9 sum\u011b. Velk\u00fd sen o velk\u00e9m aut\u011b, aneb pomoc pro nemocn\u00e9ho Vinc\u00edka: P\u0159isp\u011bt m\u016f\u017eete na webu Donio\u00a0ZDE: <a href=\"https:\/\/www.donio.cz\/velky-sen-o-velkem-aute-aneb-pomoc-pro-nemocneho-vincika\" target=\"_blank\" rel=\"noreferrer noopener\">https:\/\/www.donio.cz\/velky-sen-o-velkem-aute-aneb-pomoc-pro-nemocneho-vincika<\/a><\/p>\n\n\n\n<p>Martin Vokurka<\/p>\n\n\n\n<p>Mosteck\u00fd den\u00edk<\/p>\n\n\n\n<p><a href=\"https:\/\/mostecky.denik.cz\/\" target=\"_blank\" rel=\"noreferrer noopener\">https:\/\/mostecky.denik.cz\/<\/a><\/p>\n","protected":false},"excerpt":{"rendered":"<div class=\"mh-excerpt\"><p>ilustra\u010dn\u00ed foto Abrhamovi se sna\u017e\u00ed sehnat milion a p\u016fl na po\u0159\u00e1dn\u00e9 auto, aby mohli p\u0159epravovat v\u00e1\u017en\u011b nemocn\u00e9ho syna na velk\u00e9 vzd\u00e1lenosti. Osmilet\u00fd Vincek z \u017delenic <a class=\"mh-excerpt-more\" href=\"https:\/\/www.invarena.cz\/?p=38866\" title=\"Rodina z vesnice u Mostu vyhl\u00e1sila sb\u00edrku na pomoc osmilet\u00e9mu d\u00edt\u011bti\">[&#8230;]<\/a><\/p>\n<\/div>","protected":false},"author":1,"featured_media":1015,"comment_status":"open","ping_status":"closed","sticky":false,"template":"","format":"standard","meta":{"footnotes":""},"categories":[9],"tags":[],"class_list":["post-38866","post","type-post","status-publish","format-standard","has-post-thumbnail","hentry","category-zpravy"],"_links":{"self":[{"href":"https:\/\/www.invarena.cz\/index.php?rest_route=\/wp\/v2\/posts\/38866","targetHints":{"allow":["GET"]}}],"collection":[{"href":"https:\/\/www.invarena.cz\/index.php?rest_route=\/wp\/v2\/posts"}],"about":[{"href":"https:\/\/www.invarena.cz\/index.php?rest_route=\/wp\/v2\/types\/post"}],"author":[{"embeddable":true,"href":"https:\/\/www.invarena.cz\/index.php?rest_route=\/wp\/v2\/users\/1"}],"replies":[{"embeddable":true,"href":"https:\/\/www.invarena.cz\/index.php?rest_route=%2Fwp%2Fv2%2Fcomments&post=38866"}],"version-history":[{"count":0,"href":"https:\/\/www.invarena.cz\/index.php?rest_route=\/wp\/v2\/posts\/38866\/revisions"}],"wp:featuredmedia":[{"embeddable":true,"href":"https:\/\/www.invarena.cz\/index.php?rest_route=\/wp\/v2\/media\/1015"}],"wp:attachment":[{"href":"https:\/\/www.invarena.cz\/index.php?rest_route=%2Fwp%2Fv2%2Fmedia&parent=38866"}],"wp:term":[{"taxonomy":"category","embeddable":true,"href":"https:\/\/www.invarena.cz\/index.php?rest_route=%2Fwp%2Fv2%2Fcategories&post=38866"},{"taxonomy":"post_tag","embeddable":true,"href":"https:\/\/www.invarena.cz\/index.php?rest_route=%2Fwp%2Fv2%2Ftags&post=38866"}],"curies":[{"name":"wp","href":"https:\/\/api.w.org\/{rel}","templated":true}]}}