{"id":38910,"date":"2023-04-05T12:59:26","date_gmt":"2023-04-05T10:59:26","guid":{"rendered":"http:\/\/www.invarena.cz\/?p=38910"},"modified":"2023-04-05T12:59:27","modified_gmt":"2023-04-05T10:59:27","slug":"rodicum-deti-se-zdravotnim-postizenim-chybi-penize-na-terapie-a-pomucky","status":"publish","type":"post","link":"https:\/\/www.invarena.cz\/?p=38910","title":{"rendered":"Rodi\u010d\u016fm d\u011bt\u00ed se zdravotn\u00edm posti\u017een\u00edm chyb\u00ed pen\u00edze na terapie a pom\u016fcky"},"content":{"rendered":"\n<p>Zdra\u017eov\u00e1n\u00ed tvrd\u011b dol\u00e9h\u00e1 i na rodiny pe\u010duj\u00edc\u00ed o d\u011bti se zdravotn\u00edm posti\u017een\u00edm. U\u0161et\u0159it na v\u0161echna ze zdravotn\u00edho poji\u0161t\u011bn\u00ed \u010di d\u00e1vek nehrazen\u00e1 vy\u0161et\u0159en\u00ed, terapie, rehabilitace a zdravotn\u00ed pom\u016fcky bylo pro mnoh\u00e9 obt\u00ed\u017en\u00e9 i d\u0159\u00edve, v\u00a0sou\u010dasnosti si v\u0161ak \u0159ada rodi\u010d\u016f mus\u00ed p\u0159iznat, \u017ee je to nemo\u017en\u00e9. <\/p>\n\n\n\n<p><strong>Honz\u00edk i Ivetka se ji\u017e nau\u010dili spoustu v\u011bc\u00ed, dejme jim \u0161anci na dal\u0161\u00ed dovednosti<\/strong><\/p>\n\n\n\n<p>\u201e<em>P\u0159esto\u017ee Honz\u00edk nemluv\u00ed, je to vesel\u00fd a zv\u00eddav\u00fd chlape\u010dek. Rodi\u010de se ho sna\u017e\u00ed, krom\u011b b\u011b\u017en\u00fdch hra\u010dek, rozv\u00edjet pomoc\u00ed r\u016fzn\u00fdch terapi\u00ed a cvi\u010den\u00ed. Jezd\u00ed s&nbsp;n\u00edm na ergoterapie, logopedii, hipoterapie a oslovuj\u00ed specialisty, aby mu pomohli p\u0159ekonat jeho zdravotn\u00ed omezen\u00ed. D\u00edky spole\u010dn\u00e9mu \u00fasil\u00ed rodiny se ji\u017e nau\u010dil spoustu v\u011bc\u00ed a mohl za\u010d\u00edt chodit do \u0161kolky s asistentkou,\u201c <\/em>vypr\u00e1v\u00ed Jaroslava Ma\u0148\u00e1skov\u00e1, poradkyn\u011b ran\u00e9 p\u00e9\u010de. Honz\u00edkovi hodn\u011b pomohla kysl\u00edkov\u00e1 terapie. <em>\u201eBylo by dobr\u00e9 ji opakovat, proto\u017ee v\u00fdsledek p\u016fsoben\u00ed hyperbarick\u00e9 komory se dostavuje a\u017e v&nbsp;del\u0161\u00edm \u010dasov\u00e9m horizontu.\u201c <\/em>V\u0161echno si dote\u010f zvl\u00e1dala rodina uhradit sama, ale nyn\u00ed to u\u017e nen\u00ed mo\u017en\u00e9. Bezm\u00e1la 46 000 K\u010d na p\u016fj\u010dku komory nena\u0161et\u0159\u00ed. Ani kdy\u017e s&nbsp;n\u00e1stupem Honz\u00edka do speci\u00e1ln\u00ed \u0161kolky za\u010dala maminka alespo\u0148 brig\u00e1dn\u011b pracovat. Pomozte n\u00e1m <a href=\"https:\/\/patrondeti.cz\/pribeh\/diky-kyslikove-terapii-se-honzikovi-zlepsi-vyvoj?utm_source=TZ_GivingTuesday_Honzik&amp;utm_medium=noviny&amp;utm_campaign=TZ_GivingTuesday_Honzik\">sd\u00edlen\u00edm Honz\u00edkova p\u0159\u00edb\u011bhu<\/a> naj\u00edt laskav\u00e9 lidi, kte\u0159\u00ed by mu pomohli.<\/p>\n\n\n\n<p>Ivetka je sedmilet\u00e1 hol\u010di\u010dka s&nbsp;t\u011b\u017ekou poruchou autistick\u00e9ho spektra. Ka\u017ed\u00fd den putuje z&nbsp;domova do denn\u00edho centra, ve kter\u00e9m se u\u010d\u00ed nov\u00fdm dovednostem. Rodi\u010de se t\u011b\u0161\u00ed, \u017ee d\u00edky tomu jednou p\u0159ijde doba, kdy se s&nbsp;nimi bude dorozum\u00edvat i slovy a nikoli jen posunky. Bohu\u017eel slu\u017eby v&nbsp;centru si mus\u00ed platit z&nbsp;vlastn\u00ed kapsy. Na p\u016fl roku je to v\u00edce ne\u017e 70&nbsp;000 K\u010d, a tak rodina netu\u0161\u00ed, co d\u011blat. P\u0159\u00edjmy tat\u00ednka na pokryt\u00ed t\u011bchto v\u00fddaj\u016f ani zdaleka nesta\u010d\u00ed. V&nbsp;rodin\u011b je je\u0161t\u011b nav\u00edc je\u0161t\u011b jedno zdrav\u00e9 d\u00edt\u011b a sama maminka m\u00e1 zdravotn\u00ed probl\u00e9my. <a href=\"https:\/\/patrondeti.cz\/pribeh\/ivetka-nejvice-prospiva-v-dennim-centru?utm_source=TZ_GivingTuesday_Iveta&amp;utm_medium=noviny&amp;utm_campaign=TZ_GivingTuesday_Iveta\">O Ivetce se v\u00edce dozv\u00edte zde<\/a>.<\/p>\n\n\n\n<p><strong>Nik\u010da i \u0160tefan pot\u0159ebuj\u00ed pomoc \u2013 pen\u00edze na lidsk\u00e9ho i ps\u00edho asistenta nejsou<\/strong><\/p>\n\n\n\n<p>Nik\u010da je t\u00e9m\u011b\u0159 patn\u00e1ctilet\u00e1 sle\u010dna, kter\u00e1 se narodila s&nbsp;mozkovou obrnou. Nechod\u00ed, pou\u017e\u00edv\u00e1 jen levou ruku, m\u00e1 siln\u011b zhor\u0161en\u00fd zrak a epilepsii. Z\u00e1chvaty i p\u0159es medikaci m\u00edv\u00e1 denn\u011b. Pot\u0159ebuje tak pomoc t\u00e9m\u011b\u0159 v ka\u017ed\u00e9 oblasti \u017eivota. Bohu\u017eel \u0161kola, kterou nav\u0161t\u011bvuje, nen\u00ed bezbari\u00e9rov\u00e1 a \u017e\u00e1dn\u00e1 jin\u00e1, kter\u00e1 by byla vhodn\u011bj\u0161\u00ed v&nbsp;dosa\u017eiteln\u00e9 vzd\u00e1lenosti nen\u00ed. S&nbsp;p\u0159emis\u0165ov\u00e1n\u00edm, s&nbsp;j\u00eddlem ve \u0161koln\u00ed j\u00eddeln\u011b i s&nbsp;hygienou by proto pot\u0159ebovala pomoc osobn\u00edho asistenta. Toho si v\u0161ak maminka, kter\u00e1 o dceru pe\u010duje sama, mus\u00ed zaplatit z&nbsp;vlastn\u00ed pen\u011b\u017eenky. Kde m\u00e1 vz\u00edt pot\u0159ebn\u00fdch 50&nbsp;000 K\u010d nev\u00ed, a proto nakonec <a href=\"https:\/\/patrondeti.cz\/pribeh\/skola-neni-bezbarierova-nikca-potrebuje-asistenci?utm_source=TZ_GivingTuesday_Nik%C4%8Da&amp;utm_medium=noviny&amp;utm_campaign=TZ_GivingTuesday_Nik%C4%8Da\">poprosila o pomoc<\/a> d\u00e1rce prost\u0159ednictv\u00edm projektu Patron d\u011bt\u00ed.<\/p>\n\n\n\n<p>\u0160tefanovi je 16 let a m\u00e1 typick\u00fd autismus, ADHD a \u0159adu dal\u0161\u00edch zdravotn\u00edch probl\u00e9m\u016f. M\u00e1 velk\u00fd probl\u00e9m v&nbsp;navazov\u00e1n\u00ed kontakt\u016f, je ned\u016fv\u011b\u0159iv\u00fd a chyb\u00ed mu kamar\u00e1di. Podle odborn\u00edk\u016f by mu \u017eivot usnadnil asisten\u010dn\u00ed pes \u2013 pomohl by mu v&nbsp;socializaci a navazov\u00e1n\u00ed kontakt\u016f s&nbsp;okol\u00edm. Jen\u017ee asisten\u010dn\u00ed pes nepat\u0159\u00ed na rozd\u00edl od vodic\u00edho pro lidi se zrakov\u00fdm posti\u017een\u00edm k&nbsp;tzv. kompenza\u010dn\u00edm pom\u016fck\u00e1m a nelze na n\u011bj z\u00edskat \u017e\u00e1dn\u00fd p\u0159\u00edsp\u011bvek z&nbsp;\u00fa\u0159adu pr\u00e1ce. Jeho po\u0159\u00edzen\u00ed i speci\u00e1ln\u00ed v\u00fdcvik je pln\u011b v&nbsp;re\u017eii rodi\u010d\u016f. \u0160tef\u00e1nkov\u011b rodin\u011b na n\u011bj chyb\u00ed 100&nbsp;000 K\u010d. Cel\u00fd p\u0159\u00edb\u011bh najdete <a href=\"https:\/\/patrondeti.cz\/pribeh\/psi-asistent-stefankovi-pomuze-zvladat-zivot?utm_source=TZ_GivingTuesday_Stefan&amp;utm_medium=noviny&amp;utm_campaign=TZ_GivingTuesday_Stefan\">na str\u00e1nk\u00e1ch Patrona d\u011bt\u00ed<\/a>.<\/p>\n\n\n\n<p>Podle posledn\u00edch statistik z&nbsp;roku 2018 \u017eije v&nbsp;\u010cR zhruba 117&nbsp;000 d\u011bt\u00ed se zdravotn\u00edm posti\u017een\u00edm ve v\u011bku do 14 let. To je zhruba 7 procent. Pat\u0159\u00ed k&nbsp;nim Honz\u00edk, Ag\u00e1tka, \u0160imonek, Terka, Ad\u00e1mek, Marek, a dal\u0161\u00ed des\u00edtky kluk\u016f a holek, jejich\u017e rodi\u010de \u017e\u00e1daj\u00ed o pomoc s&nbsp;\u00fahradou terapi\u00ed a rehabilitac\u00ed u charitativn\u00edho projektu Patron d\u011bt\u00ed.<\/p>\n\n\n\n<p>Vyberte si d\u00edt\u011b, jeho\u017e p\u0159\u00edb\u011bh v\u00e1s oslov\u00ed a p\u0159isp\u011bjte mu. Na \u00fahradu pomoci p\u016fjde 100 procent \u010d\u00e1stky, proto\u017ee provoz Patrona d\u011bt\u00ed pln\u011b hrad\u00ed Nadace Sirius, kter\u00e1 jej v&nbsp;roce 2017 zalo\u017eila. V\u0161echny d\u011btsk\u00e9 p\u0159\u00edb\u011bhy maj\u00ed sv\u00e9ho Patrona, osobu, kter\u00e1 d\u00edt\u011b dob\u0159e zn\u00e1 a m\u016f\u017ee potvrdit, \u017ee prosba o pomoc je opr\u00e1vn\u011bn\u00e1. Nav\u00edc jsou v\u0161echny \u017e\u00e1dosti pe\u010dliv\u011b prov\u011b\u0159ov\u00e1ny v&nbsp;odd\u011blen\u00ed risku. D\u00e1rci dost\u00e1vaj\u00ed potvrzen\u00ed pro da\u0148ov\u00e9 \u00fa\u010dely a mohou kdykoli p\u0159\u00edb\u011bh, na kter\u00fd p\u0159isp\u011bli, kontrolovat ve sv\u00e9m u\u017eivatelsk\u00e9m \u00fa\u010dtu. Za p\u011bt let sv\u00e9 existence pomohl Patron d\u011bt\u00ed ji\u017e v\u00edce ne\u017e 11 000 d\u011btsk\u00fdch p\u0159\u00edb\u011bh\u016fm, na kter\u00e9 vybral bezm\u00e1la 94 milion\u016f korun.<\/p>\n\n\n\n<p>V\u00a0sou\u010dasn\u00e9 chv\u00edli \u010dek\u00e1 na str\u00e1nk\u00e1ch Patrona d\u011bt\u00ed na pomoc v\u00edce ne\u017e 200 d\u011bt\u00ed se zdravotn\u00edm \u010di soci\u00e1ln\u00edm znev\u00fdhodn\u011bn\u00edm. Chcete pomoci, ale je pro v\u00e1s slo\u017eit\u00e9 vyb\u00edrat si mezi tolika d\u011btsk\u00fdmi p\u0159\u00edb\u011bhy? Ka\u017edou adventn\u00ed ned\u011bli najdete na FB <a href=\"https:\/\/www.facebook.com\/PatronDeti\">@PatronDeti<\/a> jeden p\u0159\u00edb\u011bh. Sv\u016fj p\u0159\u00edsp\u011bvek m\u016f\u017eete poslat i na <a href=\"https:\/\/patrondeti.cz\/pribeh\/transparentni-ucet?utm_source=TZ_GivingTuesday_TU&amp;utm_medium=noviny&amp;utm_campaign=TZ_GivingTuesday_TU\">transparentn\u00ed \u00fa\u010det<\/a> .<\/p>\n","protected":false},"excerpt":{"rendered":"<div class=\"mh-excerpt\"><p>Zdra\u017eov\u00e1n\u00ed tvrd\u011b dol\u00e9h\u00e1 i na rodiny pe\u010duj\u00edc\u00ed o d\u011bti se zdravotn\u00edm posti\u017een\u00edm. U\u0161et\u0159it na v\u0161echna ze zdravotn\u00edho poji\u0161t\u011bn\u00ed \u010di d\u00e1vek nehrazen\u00e1 vy\u0161et\u0159en\u00ed, terapie, rehabilitace a <a class=\"mh-excerpt-more\" href=\"https:\/\/www.invarena.cz\/?p=38910\" title=\"Rodi\u010d\u016fm d\u011bt\u00ed se zdravotn\u00edm posti\u017een\u00edm chyb\u00ed pen\u00edze na terapie a pom\u016fcky\">[&#8230;]<\/a><\/p>\n<\/div>","protected":false},"author":1,"featured_media":24138,"comment_status":"open","ping_status":"closed","sticky":false,"template":"","format":"standard","meta":{"footnotes":""},"categories":[7],"tags":[],"class_list":["post-38910","post","type-post","status-publish","format-standard","has-post-thumbnail","hentry","category-spolecnost"],"_links":{"self":[{"href":"https:\/\/www.invarena.cz\/index.php?rest_route=\/wp\/v2\/posts\/38910","targetHints":{"allow":["GET"]}}],"collection":[{"href":"https:\/\/www.invarena.cz\/index.php?rest_route=\/wp\/v2\/posts"}],"about":[{"href":"https:\/\/www.invarena.cz\/index.php?rest_route=\/wp\/v2\/types\/post"}],"author":[{"embeddable":true,"href":"https:\/\/www.invarena.cz\/index.php?rest_route=\/wp\/v2\/users\/1"}],"replies":[{"embeddable":true,"href":"https:\/\/www.invarena.cz\/index.php?rest_route=%2Fwp%2Fv2%2Fcomments&post=38910"}],"version-history":[{"count":0,"href":"https:\/\/www.invarena.cz\/index.php?rest_route=\/wp\/v2\/posts\/38910\/revisions"}],"wp:featuredmedia":[{"embeddable":true,"href":"https:\/\/www.invarena.cz\/index.php?rest_route=\/wp\/v2\/media\/24138"}],"wp:attachment":[{"href":"https:\/\/www.invarena.cz\/index.php?rest_route=%2Fwp%2Fv2%2Fmedia&parent=38910"}],"wp:term":[{"taxonomy":"category","embeddable":true,"href":"https:\/\/www.invarena.cz\/index.php?rest_route=%2Fwp%2Fv2%2Fcategories&post=38910"},{"taxonomy":"post_tag","embeddable":true,"href":"https:\/\/www.invarena.cz\/index.php?rest_route=%2Fwp%2Fv2%2Ftags&post=38910"}],"curies":[{"name":"wp","href":"https:\/\/api.w.org\/{rel}","templated":true}]}}