{"id":38950,"date":"2023-04-12T19:36:02","date_gmt":"2023-04-12T17:36:02","guid":{"rendered":"http:\/\/www.invarena.cz\/?p=38950"},"modified":"2023-04-12T19:36:03","modified_gmt":"2023-04-12T17:36:03","slug":"bezplatnou-rehabilitaci-muze-lekar-predepsat-i-nekolikrat-do-roka","status":"publish","type":"post","link":"https:\/\/www.invarena.cz\/?p=38950","title":{"rendered":"Bezplatnou rehabilitaci m\u016f\u017ee l\u00e9ka\u0159 p\u0159edepsat i n\u011bkolikr\u00e1t do roka"},"content":{"rendered":"\n<p>Bol\u00ed v\u00e1s dlouhodob\u011b klouby nebo svaly a t\u011blo vol\u00e1 po n\u00e1prav\u011b? Krom\u011b fyzioterapeuta v\u00e1m m\u016f\u017ee pomoci i v\u00e1\u0161 praktick\u00fd l\u00e9ka\u0159 nebo specialista. Mohou v\u00e1m toti\u017e p\u0159edepsat rehabilitaci hrazenou ze zdravotn\u00edho poji\u0161t\u011bn\u00ed.<\/p>\n\n\n\n<p>O tom, jestli m\u00e1te n\u00e1rok na fyzioterapeutickou p\u00e9\u010di hrazenou zdravotn\u00ed poji\u0161\u0165ovnou, rozhoduje o\u0161et\u0159uj\u00edc\u00ed l\u00e9ka\u0159. P\u0159edepsat ji m\u016f\u017ee na z\u00e1kladn\u011b vlastn\u00edho uv\u00e1\u017een\u00ed nejen praktick\u00fd l\u00e9ka\u0159 nebo pediatr, ale tak\u00e9 ambulantn\u00ed specialist\u00e9. Nap\u0159\u00edklad neurolog nebo ortoped.<\/p>\n\n\n\n<p>Z ve\u0159ejn\u00e9ho zdravotn\u00edho poji\u0161t\u011bn\u00ed se hrad\u00ed nap\u0159\u00edklad:<\/p>\n\n\n\n<p>reflexn\u00ed a vazivov\u00e1 mas\u00e1\u017e (u indikac\u00ed ve vymezen\u00fdch p\u0159\u00edpadech),<\/p>\n\n\n\n<p>m\u011bkk\u00e9 techniky,<\/p>\n\n\n\n<p>mobilizace p\u00e1te\u0159e a perifern\u00edch kloub\u016f,<\/p>\n\n\n\n<p>l\u00e9\u010debn\u00e1 t\u011blesn\u00e1 v\u00fdchova (a to i cvi\u010den\u00ed s vyu\u017eit\u00edm pom\u016fcek, jako jsou overbally, velk\u00fd m\u00ed\u010d, nestabiln\u00ed plochy, apod.),<\/p>\n\n\n\n<p>elektrol\u00e9\u010dba,<\/p>\n\n\n\n<p>magnetoterapie,<\/p>\n\n\n\n<p>l\u00e9\u010debn\u00fd ultrazvuk,<\/p>\n\n\n\n<p>kineziologick\u00e9 vy\u0161et\u0159en\u00ed,<\/p>\n\n\n\n<p>vodol\u00e9\u010debn\u00e9 procedury, nap\u0159. vzestupn\u00e9 kon\u010detinov\u00e9 koupele, v\u00ed\u0159iv\u00e9 koupele, st\u0159\u00eddav\u00e9 no\u017en\u00ed koupele, subakv\u00e1ln\u00ed mas\u00e1\u017ee nebo st\u0159\u00eddav\u00e9 skotsk\u00e9 st\u0159iky.<\/p>\n\n\n\n<p>Poji\u0161\u0165ovna v\u0161ak neuhrad\u00ed nap\u0159\u00edklad klasick\u00e9 mas\u00e1\u017ee (celot\u011blov\u00e1 i \u010d\u00e1ste\u010dn\u00e1), mas\u00e1\u017ee l\u00e1vov\u00fdmi kameny nebo perli\u010dkov\u00e9 koupele. <\/p>\n\n\n\n<p>O \u010detnosti n\u00e1v\u0161t\u011bv fyzioterapeuta a zp\u016fsobu rehabilitace rozhoduje o\u0161et\u0159uj\u00edc\u00ed l\u00e9ka\u0159 v z\u00e1vislosti na zdravotn\u00edm stavu pacienta. Pevn\u011b je ale stanoven maxim\u00e1ln\u00ed po\u010det opakov\u00e1n\u00ed jednotliv\u00fdch hrazen\u00fdch procedur. To je d\u00e1no Seznamem zdravotn\u00edch v\u00fdkon\u016f. Seznam zdravotn\u00edch v\u00fdkon\u016f je obsahem vyhl\u00e1\u0161ky Ministerstva zdravotnictv\u00ed v platn\u00e9m zn\u011bn\u00ed. Nap\u0159. reflexn\u00ed mas\u00e1\u017e (v\u00fdkon 21713), kter\u00e1 m\u00e1 dobu trv\u00e1n\u00ed 30 minut, lze vyk\u00e1zat 1x za den a 10x za \u010dtvrtlet\u00ed. Komplexn\u00ed kineziologick\u00e9 vy\u0161et\u0159en\u00ed (v\u00fdkon 21001), kter\u00e9 m\u00e1 dobu trv\u00e1n\u00ed 45 minut, lze vyk\u00e1zat pouze 1x p\u0159i zah\u00e1jen\u00ed kinezioterapie. Fyzik\u00e1ln\u00ed terapie (k\u00f3d 21113), co\u017e je nap\u0159\u00edklad elektroterapie, magnetoterapie, ultrazvuk, p\u0159\u00edstrojov\u00e1 lymfodren\u00e1\u017e, kdy d\u00e9lka v\u00fdkonu trv\u00e1 15 min, lze vyk\u00e1zat 2x za den.<\/p>\n\n\n\n<p>Platnost poukazu, kter\u00fd l\u00e9ka\u0159 vystav\u00ed, je 7 dn\u00ed. Do t\u00e9 doby je t\u0159eba ho uplatnit, to znamen\u00e1 alespo\u0148 se na odborn\u00e9m pracovi\u0161ti objednat. A to mo\u017en\u00e9 i po telefonu \u010di elektronicky. Poukaz se pak odevzd\u00e1 p\u0159i prvn\u00ed n\u00e1v\u0161t\u011bv\u011b v objednan\u00e9m term\u00ednu. <\/p>\n","protected":false},"excerpt":{"rendered":"<div class=\"mh-excerpt\"><p>Bol\u00ed v\u00e1s dlouhodob\u011b klouby nebo svaly a t\u011blo vol\u00e1 po n\u00e1prav\u011b? Krom\u011b fyzioterapeuta v\u00e1m m\u016f\u017ee pomoci i v\u00e1\u0161 praktick\u00fd l\u00e9ka\u0159 nebo specialista. Mohou v\u00e1m toti\u017e <a class=\"mh-excerpt-more\" href=\"https:\/\/www.invarena.cz\/?p=38950\" title=\"Bezplatnou rehabilitaci m\u016f\u017ee l\u00e9ka\u0159 p\u0159edepsat i n\u011bkolikr\u00e1t do roka\">[&#8230;]<\/a><\/p>\n<\/div>","protected":false},"author":1,"featured_media":17845,"comment_status":"open","ping_status":"closed","sticky":false,"template":"","format":"standard","meta":{"footnotes":""},"categories":[11,9],"tags":[],"class_list":["post-38950","post","type-post","status-publish","format-standard","has-post-thumbnail","hentry","category-zdravi","category-zpravy"],"_links":{"self":[{"href":"https:\/\/www.invarena.cz\/index.php?rest_route=\/wp\/v2\/posts\/38950","targetHints":{"allow":["GET"]}}],"collection":[{"href":"https:\/\/www.invarena.cz\/index.php?rest_route=\/wp\/v2\/posts"}],"about":[{"href":"https:\/\/www.invarena.cz\/index.php?rest_route=\/wp\/v2\/types\/post"}],"author":[{"embeddable":true,"href":"https:\/\/www.invarena.cz\/index.php?rest_route=\/wp\/v2\/users\/1"}],"replies":[{"embeddable":true,"href":"https:\/\/www.invarena.cz\/index.php?rest_route=%2Fwp%2Fv2%2Fcomments&post=38950"}],"version-history":[{"count":0,"href":"https:\/\/www.invarena.cz\/index.php?rest_route=\/wp\/v2\/posts\/38950\/revisions"}],"wp:featuredmedia":[{"embeddable":true,"href":"https:\/\/www.invarena.cz\/index.php?rest_route=\/wp\/v2\/media\/17845"}],"wp:attachment":[{"href":"https:\/\/www.invarena.cz\/index.php?rest_route=%2Fwp%2Fv2%2Fmedia&parent=38950"}],"wp:term":[{"taxonomy":"category","embeddable":true,"href":"https:\/\/www.invarena.cz\/index.php?rest_route=%2Fwp%2Fv2%2Fcategories&post=38950"},{"taxonomy":"post_tag","embeddable":true,"href":"https:\/\/www.invarena.cz\/index.php?rest_route=%2Fwp%2Fv2%2Ftags&post=38950"}],"curies":[{"name":"wp","href":"https:\/\/api.w.org\/{rel}","templated":true}]}}