{"id":38984,"date":"2023-04-11T18:46:45","date_gmt":"2023-04-11T16:46:45","guid":{"rendered":"https:\/\/www.invarena.cz\/?p=38984"},"modified":"2023-04-11T18:46:46","modified_gmt":"2023-04-11T16:46:46","slug":"temer-nevidi-ale-ze-svahu-se-riti-devadesatkou-ziju-naplno-rika-paralyzar","status":"publish","type":"post","link":"https:\/\/www.invarena.cz\/?p=38984","title":{"rendered":"T\u00e9m\u011b\u0159 nevid\u00ed, ale ze svahu se \u0159\u00edt\u00ed devades\u00e1tkou. \u017diju naplno, \u0159\u00edk\u00e1 paraly\u017ea\u0159"},"content":{"rendered":"\n<p>Na prvn\u00ed pohled vypad\u00e1 jako zdrav\u00fd \u010dlov\u011bk bez jak\u00e9hokoliv hendikepu. U\u010d\u00ed ve \u0161kole, je aktivn\u00ed a sportuje. Paralympionik Patrik Hetmer v\u0161ak trp\u00ed \u0161eroslepost\u00ed a o\u010dn\u00ed vadou, kv\u016fli kter\u00e9 vid\u00ed jen \u00fahel \u010dty\u0159 stup\u0148\u016f. \u201ePro porovn\u00e1n\u00ed, \u010dlov\u011bk bez hendikepu vid\u00ed 180,\u201c vysv\u011btluje. Navzdory v\u0161em komplikac\u00edm v\u0161ak nav\u0161t\u00edvil t\u0159i paralympi\u00e1dy, vybojoval medaili na mistrovstv\u00ed sv\u011bta a pou\u0161t\u00ed se do dal\u0161\u00edch v\u00fdzev.<\/p>\n\n\n\n<p>Cel\u00fd \u010dl\u00e1nek naleznete na idnes.cz: <a href=\"https:\/\/www.idnes.cz\/sport\/lyzovani-snowboarding\/parasport-patrik-hetmer-alpske-lyziovani-pribeh-o2-sport.A230410_135848_lyzovani_pls\" target=\"_blank\" rel=\"noreferrer noopener\">https:\/\/www.idnes.cz\/sport\/lyzovani-snowboarding\/parasport-patrik-hetmer-alpske-lyziovani-pribeh-o2-sport.A230410_135848_lyzovani_pls<\/a><\/p>\n","protected":false},"excerpt":{"rendered":"<div class=\"mh-excerpt\"><p>Na prvn\u00ed pohled vypad\u00e1 jako zdrav\u00fd \u010dlov\u011bk bez jak\u00e9hokoliv hendikepu. U\u010d\u00ed ve \u0161kole, je aktivn\u00ed a sportuje. Paralympionik Patrik Hetmer v\u0161ak trp\u00ed \u0161eroslepost\u00ed a o\u010dn\u00ed <a class=\"mh-excerpt-more\" href=\"https:\/\/www.invarena.cz\/?p=38984\" title=\"T\u00e9m\u011b\u0159 nevid\u00ed, ale ze svahu se \u0159\u00edt\u00ed devades\u00e1tkou. \u017diju naplno, \u0159\u00edk\u00e1 paraly\u017ea\u0159\">[&#8230;]<\/a><\/p>\n<\/div>","protected":false},"author":1,"featured_media":10548,"comment_status":"open","ping_status":"closed","sticky":false,"template":"","format":"standard","meta":{"footnotes":""},"categories":[9],"tags":[],"class_list":["post-38984","post","type-post","status-publish","format-standard","has-post-thumbnail","hentry","category-zpravy"],"_links":{"self":[{"href":"https:\/\/www.invarena.cz\/index.php?rest_route=\/wp\/v2\/posts\/38984","targetHints":{"allow":["GET"]}}],"collection":[{"href":"https:\/\/www.invarena.cz\/index.php?rest_route=\/wp\/v2\/posts"}],"about":[{"href":"https:\/\/www.invarena.cz\/index.php?rest_route=\/wp\/v2\/types\/post"}],"author":[{"embeddable":true,"href":"https:\/\/www.invarena.cz\/index.php?rest_route=\/wp\/v2\/users\/1"}],"replies":[{"embeddable":true,"href":"https:\/\/www.invarena.cz\/index.php?rest_route=%2Fwp%2Fv2%2Fcomments&post=38984"}],"version-history":[{"count":0,"href":"https:\/\/www.invarena.cz\/index.php?rest_route=\/wp\/v2\/posts\/38984\/revisions"}],"wp:featuredmedia":[{"embeddable":true,"href":"https:\/\/www.invarena.cz\/index.php?rest_route=\/wp\/v2\/media\/10548"}],"wp:attachment":[{"href":"https:\/\/www.invarena.cz\/index.php?rest_route=%2Fwp%2Fv2%2Fmedia&parent=38984"}],"wp:term":[{"taxonomy":"category","embeddable":true,"href":"https:\/\/www.invarena.cz\/index.php?rest_route=%2Fwp%2Fv2%2Fcategories&post=38984"},{"taxonomy":"post_tag","embeddable":true,"href":"https:\/\/www.invarena.cz\/index.php?rest_route=%2Fwp%2Fv2%2Ftags&post=38984"}],"curies":[{"name":"wp","href":"https:\/\/api.w.org\/{rel}","templated":true}]}}