{"id":38995,"date":"2023-04-13T15:27:32","date_gmt":"2023-04-13T13:27:32","guid":{"rendered":"https:\/\/www.invarena.cz\/?p=38995"},"modified":"2023-04-13T15:27:33","modified_gmt":"2023-04-13T13:27:33","slug":"rodi-se-nejvice-deti-s-autismem-v-historii-vznikaji-pro-ne-nova-denni-centra","status":"publish","type":"post","link":"https:\/\/www.invarena.cz\/?p=38995","title":{"rendered":"Rod\u00ed se nejv\u00edce d\u011bt\u00ed s autismem v historii. Vznikaj\u00ed pro n\u011b nov\u00e1 denn\u00ed centra"},"content":{"rendered":"\n<p>V souvislosti s v\u00fdro\u010d\u00edm Sv\u011btov\u00e9ho dne porozum\u011bn\u00ed autismu, kter\u00e9 prob\u011bhlo 2. dubna, byl zve\u0159ejn\u011bn posledn\u00ed v\u00fdpo\u010det prevalence v\u00fdskytu t\u00e9to nemoci u d\u011bt\u00ed. Na 36 narozen\u00fdch d\u011bt\u00ed p\u0159ipad\u00e1 podle americk\u00fdch l\u00e9ka\u0159\u016f jedno d\u00edt\u011b s autismem. Vznikaj\u00ed proto i m\u00edsta, kde mohou d\u011bti s touto v\u00fdvojovou poruchou tr\u00e1vit \u010das bez ru\u0161en\u00ed a podle vyhovuj\u00edc\u00edch pravidel. Co mus\u00ed takov\u00e9 denn\u00ed centrum pro autistick\u00e9 d\u011bti spl\u0148ovat, jsme se pod\u00edvali s kamerou.<\/p>\n\n\n\n<p>Cel\u00fd \u010dl\u00e1nek naleznete na novinky.cz: <a href=\"https:\/\/www.novinky.cz\/clanek\/zena-deti-rodi-se-nejvice-deti-s-autismem-v-historii-vznikaji-pro-ne-nova-denni-centra-40427925\" target=\"_blank\" rel=\"noreferrer noopener\">https:\/\/www.novinky.cz\/clanek\/zena-deti-rodi-se-nejvice-deti-s-autismem-v-historii-vznikaji-pro-ne-nova-denni-centra-40427925<\/a><\/p>\n","protected":false},"excerpt":{"rendered":"<div class=\"mh-excerpt\"><p>V souvislosti s v\u00fdro\u010d\u00edm Sv\u011btov\u00e9ho dne porozum\u011bn\u00ed autismu, kter\u00e9 prob\u011bhlo 2. dubna, byl zve\u0159ejn\u011bn posledn\u00ed v\u00fdpo\u010det prevalence v\u00fdskytu t\u00e9to nemoci u d\u011bt\u00ed. Na 36 narozen\u00fdch <a class=\"mh-excerpt-more\" href=\"https:\/\/www.invarena.cz\/?p=38995\" title=\"Rod\u00ed se nejv\u00edce d\u011bt\u00ed s autismem v historii. Vznikaj\u00ed pro n\u011b nov\u00e1 denn\u00ed centra\">[&#8230;]<\/a><\/p>\n<\/div>","protected":false},"author":1,"featured_media":18793,"comment_status":"open","ping_status":"closed","sticky":false,"template":"","format":"standard","meta":{"footnotes":""},"categories":[9],"tags":[],"class_list":["post-38995","post","type-post","status-publish","format-standard","has-post-thumbnail","hentry","category-zpravy"],"_links":{"self":[{"href":"https:\/\/www.invarena.cz\/index.php?rest_route=\/wp\/v2\/posts\/38995","targetHints":{"allow":["GET"]}}],"collection":[{"href":"https:\/\/www.invarena.cz\/index.php?rest_route=\/wp\/v2\/posts"}],"about":[{"href":"https:\/\/www.invarena.cz\/index.php?rest_route=\/wp\/v2\/types\/post"}],"author":[{"embeddable":true,"href":"https:\/\/www.invarena.cz\/index.php?rest_route=\/wp\/v2\/users\/1"}],"replies":[{"embeddable":true,"href":"https:\/\/www.invarena.cz\/index.php?rest_route=%2Fwp%2Fv2%2Fcomments&post=38995"}],"version-history":[{"count":0,"href":"https:\/\/www.invarena.cz\/index.php?rest_route=\/wp\/v2\/posts\/38995\/revisions"}],"wp:featuredmedia":[{"embeddable":true,"href":"https:\/\/www.invarena.cz\/index.php?rest_route=\/wp\/v2\/media\/18793"}],"wp:attachment":[{"href":"https:\/\/www.invarena.cz\/index.php?rest_route=%2Fwp%2Fv2%2Fmedia&parent=38995"}],"wp:term":[{"taxonomy":"category","embeddable":true,"href":"https:\/\/www.invarena.cz\/index.php?rest_route=%2Fwp%2Fv2%2Fcategories&post=38995"},{"taxonomy":"post_tag","embeddable":true,"href":"https:\/\/www.invarena.cz\/index.php?rest_route=%2Fwp%2Fv2%2Ftags&post=38995"}],"curies":[{"name":"wp","href":"https:\/\/api.w.org\/{rel}","templated":true}]}}