{"id":38998,"date":"2023-04-13T15:31:41","date_gmt":"2023-04-13T13:31:41","guid":{"rendered":"https:\/\/www.invarena.cz\/?p=38998"},"modified":"2023-04-13T15:31:42","modified_gmt":"2023-04-13T13:31:42","slug":"cesky-curling-vozickaru-prepsal-historii-pricinili-se-i-hraci-velkeho-mezirici","status":"publish","type":"post","link":"https:\/\/www.invarena.cz\/?p=38998","title":{"rendered":"\u010cesk\u00fd curling voz\u00ed\u010dk\u00e1\u0159\u016f p\u0159epsal historii. P\u0159i\u010dinili se i hr\u00e1\u010di Velk\u00e9ho Mezi\u0159\u00ed\u010d\u00ed"},"content":{"rendered":"\n<p>Na b\u0159eznov\u00e9m mistrovstv\u00ed sv\u011bta v curlingu voz\u00ed\u010dk\u00e1\u0159\u016f vybojovala \u010desk\u00e1 reprezentace historick\u00e9 um\u00edst\u011bn\u00ed. V kanadsk\u00e9m Vancouveru skon\u010dila osm\u00e1 a zajistila si \u00fa\u010dast i na MS 2024. \u010cleny t\u00fdmu byli v reprezenta\u010dn\u00edm cyklu i \u010dlenov\u00e9 HSC Velk\u00e9 Mezi\u0159\u00ed\u010d\u00ed.<\/p>\n\n\n\n<p>\u00da\u010dast na sv\u011btov\u00e9m \u0161ampion\u00e1tu v Kanad\u011b si \u010desk\u00fd t\u00fdm zajistil na kvalifika\u010dn\u00edm turnaji vloni na podzim. Pod veden\u00edm tren\u00e9ra Sune Frederiksena na n\u00ed reprezentovala dvojice SC J\u00da Praha Dana Selnekovi\u010dov\u00e1, Radek Mus\u00edlek a trojice z Velk\u00e9ho Mezi\u0159\u00ed\u010d\u00ed Jana B\u0159in\u010dilov\u00e1, Milan Bart\u016fn\u011bk, Martin Tluk.<\/p>\n\n\n\n<p>Samotn\u00e9ho mistrovstv\u00ed sv\u011bta skupiny A se ve Vancouveru nez\u00fa\u010dastnila ze zdravotn\u00edch d\u016fvod\u016f Jana B\u0159in\u010dilov\u00e1.<\/p>\n\n\n\n<p>\u010cesk\u00fd t\u00fdm po \u0161patn\u00e9m startu do turnaje sahal po postupu do boj\u016f o medaili. Por\u00e1\u017eka v posledn\u00edm duelu se \u0160v\u00e9dskem ale nakonec znamenala kone\u010dn\u00e9 osm\u00e9 m\u00edsto.<\/p>\n\n\n\n<p>I to ale sta\u010dilo na p\u0159\u00edm\u00fd postup na MS 2024, kter\u00e9 p\u0159iv\u00edt\u00e1 Korea.<\/p>\n\n\n\n<p>Karel L\u00edbal<\/p>\n\n\n\n<p>Jihlavsk\u00fd den\u00edk<\/p>\n\n\n\n<p><a href=\"https:\/\/jihlavsky.denik.cz\/\" target=\"_blank\" rel=\"noreferrer noopener\">https:\/\/jihlavsky.denik.cz\/<\/a><\/p>\n","protected":false},"excerpt":{"rendered":"<div class=\"mh-excerpt\"><p>Na b\u0159eznov\u00e9m mistrovstv\u00ed sv\u011bta v curlingu voz\u00ed\u010dk\u00e1\u0159\u016f vybojovala \u010desk\u00e1 reprezentace historick\u00e9 um\u00edst\u011bn\u00ed. V kanadsk\u00e9m Vancouveru skon\u010dila osm\u00e1 a zajistila si \u00fa\u010dast i na MS 2024. <a class=\"mh-excerpt-more\" href=\"https:\/\/www.invarena.cz\/?p=38998\" title=\"\u010cesk\u00fd curling voz\u00ed\u010dk\u00e1\u0159\u016f p\u0159epsal historii. P\u0159i\u010dinili se i hr\u00e1\u010di Velk\u00e9ho Mezi\u0159\u00ed\u010d\u00ed\">[&#8230;]<\/a><\/p>\n<\/div>","protected":false},"author":1,"featured_media":1804,"comment_status":"open","ping_status":"closed","sticky":false,"template":"","format":"standard","meta":{"footnotes":""},"categories":[9],"tags":[],"class_list":["post-38998","post","type-post","status-publish","format-standard","has-post-thumbnail","hentry","category-zpravy"],"_links":{"self":[{"href":"https:\/\/www.invarena.cz\/index.php?rest_route=\/wp\/v2\/posts\/38998","targetHints":{"allow":["GET"]}}],"collection":[{"href":"https:\/\/www.invarena.cz\/index.php?rest_route=\/wp\/v2\/posts"}],"about":[{"href":"https:\/\/www.invarena.cz\/index.php?rest_route=\/wp\/v2\/types\/post"}],"author":[{"embeddable":true,"href":"https:\/\/www.invarena.cz\/index.php?rest_route=\/wp\/v2\/users\/1"}],"replies":[{"embeddable":true,"href":"https:\/\/www.invarena.cz\/index.php?rest_route=%2Fwp%2Fv2%2Fcomments&post=38998"}],"version-history":[{"count":0,"href":"https:\/\/www.invarena.cz\/index.php?rest_route=\/wp\/v2\/posts\/38998\/revisions"}],"wp:featuredmedia":[{"embeddable":true,"href":"https:\/\/www.invarena.cz\/index.php?rest_route=\/wp\/v2\/media\/1804"}],"wp:attachment":[{"href":"https:\/\/www.invarena.cz\/index.php?rest_route=%2Fwp%2Fv2%2Fmedia&parent=38998"}],"wp:term":[{"taxonomy":"category","embeddable":true,"href":"https:\/\/www.invarena.cz\/index.php?rest_route=%2Fwp%2Fv2%2Fcategories&post=38998"},{"taxonomy":"post_tag","embeddable":true,"href":"https:\/\/www.invarena.cz\/index.php?rest_route=%2Fwp%2Fv2%2Ftags&post=38998"}],"curies":[{"name":"wp","href":"https:\/\/api.w.org\/{rel}","templated":true}]}}