{"id":39014,"date":"2023-04-14T14:51:36","date_gmt":"2023-04-14T12:51:36","guid":{"rendered":"https:\/\/www.invarena.cz\/?p=39014"},"modified":"2023-04-14T14:51:37","modified_gmt":"2023-04-14T12:51:37","slug":"zamitli-mi-lazne","status":"publish","type":"post","link":"https:\/\/www.invarena.cz\/?p=39014","title":{"rendered":"Zam\u00edtli mi l\u00e1zn\u011b"},"content":{"rendered":"\n<p><strong>Dotaz<\/strong>: Mam dotaz, jsem astmatik, m\u00e1m Chopin. Podal jsem \u017e\u00e1dost na l\u00e1zn\u011b, kter\u00e9 mi zam\u00edtli.<\/p>\n\n\n\n<p><strong>Odpov\u011b\u010f: <\/strong>V dotazu uv\u00e1d\u00edte Chopin a m\u00e1te z\u0159ejm\u011b na mysli CHOPN, tedy chronickou obstruk\u010dn\u00ed plicn\u00ed nemoc. Astma i CHOPN jsou dlouhodob\u00e9 stavy, kter\u00e9 ovliv\u0148uj\u00ed d\u00fdchac\u00ed cesty a pl\u00edce, co\u017e zt\u011b\u017euje d\u00fdch\u00e1n\u00ed. Rozli\u0161ov\u00e1n\u00ed mezi t\u011bmito dv\u011bma diagn\u00f3zami m\u016f\u017ee b\u00fdt obt\u00ed\u017en\u00e9 a n\u011bkte\u0159\u00ed lid\u00e9 maj\u00ed p\u0159\u00edznaky, kter\u00e9 jsou charakteristick\u00e9 pro ob\u011b nemoci. <\/p>\n\n\n\n<p>St\u011b\u017eujete si, \u017ee v\u00e1m zam\u00edtli l\u00e1zn\u011b. Pravd\u011bpodobn\u011b v\u00e1s praktick\u00fd l\u00e9ka\u0159 poslal za specialistou a ten posoudil stav va\u0161eho onemocn\u011bn\u00ed. Pro p\u0159edpis l\u00e1ze\u0148sk\u00e9 p\u00e9\u010de je toti\u017e nutn\u00e9 splnit krit\u00e9ria pro komplexn\u00ed l\u00e1ze\u0148skou p\u00e9\u010di. Specialista ve va\u0161em p\u0159\u00edpad\u011b patrn\u011b do\u0161el k z\u00e1v\u011bru, \u017ee tyto podm\u00ednky nespl\u0148ujete, \u017ee tedy z\u00e1va\u017enost va\u0161eho onemocn\u011bn\u00ed nen\u00ed takov\u00e1, aby vy\u017eadovala l\u00e1ze\u0148skou p\u00e9\u010di. P\u0159\u00edpadn\u011b se k tomu mohl zam\u00edtav\u011b vyj\u00e1d\u0159it revizn\u00ed l\u00e9ka\u0159 poji\u0161\u0165ovny, kter\u00fd kladn\u00fd n\u00e1vrh specialisty posuzoval a nepotvrdil jej. Dojde -li tedy k zhor\u0161en\u00ed va\u0161eho stavu, nav\u0161tivte op\u011bt sv\u00e9ho l\u00e9ka\u0159e se \u017e\u00e1dost\u00ed o l\u00e1zn\u011b. V\u00e1\u0161 zdravotn\u00ed stav bude znovu posouzen ve vztahu ke stanoven\u00fdm podm\u00ednk\u00e1m. Je mo\u017en\u00e9, \u017ee tentokr\u00e1t dan\u00e1 krit\u00e9ria spln\u00edte.  <\/p>\n\n\n\n<p>na sn\u00edmku jsou Priesnitzovy l\u00e9\u010debn\u00e9 l\u00e1zn\u011b<\/p>\n\n\n\n<figure class=\"wp-block-image\"><img decoding=\"async\" src=\"blob:https:\/\/www.invarena.cz\/d7c3dadd-21ec-4901-a1aa-3f1ca68f7141\" alt=\"\"\/><\/figure>\n\n\n\n<p> <\/p>\n\n\n\n<p><\/p>\n","protected":false},"excerpt":{"rendered":"<div class=\"mh-excerpt\"><p>Dotaz: Mam dotaz, jsem astmatik, m\u00e1m Chopin. Podal jsem \u017e\u00e1dost na l\u00e1zn\u011b, kter\u00e9 mi zam\u00edtli. Odpov\u011b\u010f: V dotazu uv\u00e1d\u00edte Chopin a m\u00e1te z\u0159ejm\u011b na mysli <a class=\"mh-excerpt-more\" href=\"https:\/\/www.invarena.cz\/?p=39014\" title=\"Zam\u00edtli mi l\u00e1zn\u011b\">[&#8230;]<\/a><\/p>\n<\/div>","protected":false},"author":1,"featured_media":39015,"comment_status":"open","ping_status":"closed","sticky":false,"template":"","format":"standard","meta":{"footnotes":""},"categories":[11],"tags":[],"class_list":["post-39014","post","type-post","status-publish","format-standard","has-post-thumbnail","hentry","category-zdravi"],"_links":{"self":[{"href":"https:\/\/www.invarena.cz\/index.php?rest_route=\/wp\/v2\/posts\/39014","targetHints":{"allow":["GET"]}}],"collection":[{"href":"https:\/\/www.invarena.cz\/index.php?rest_route=\/wp\/v2\/posts"}],"about":[{"href":"https:\/\/www.invarena.cz\/index.php?rest_route=\/wp\/v2\/types\/post"}],"author":[{"embeddable":true,"href":"https:\/\/www.invarena.cz\/index.php?rest_route=\/wp\/v2\/users\/1"}],"replies":[{"embeddable":true,"href":"https:\/\/www.invarena.cz\/index.php?rest_route=%2Fwp%2Fv2%2Fcomments&post=39014"}],"version-history":[{"count":0,"href":"https:\/\/www.invarena.cz\/index.php?rest_route=\/wp\/v2\/posts\/39014\/revisions"}],"wp:featuredmedia":[{"embeddable":true,"href":"https:\/\/www.invarena.cz\/index.php?rest_route=\/wp\/v2\/media\/39015"}],"wp:attachment":[{"href":"https:\/\/www.invarena.cz\/index.php?rest_route=%2Fwp%2Fv2%2Fmedia&parent=39014"}],"wp:term":[{"taxonomy":"category","embeddable":true,"href":"https:\/\/www.invarena.cz\/index.php?rest_route=%2Fwp%2Fv2%2Fcategories&post=39014"},{"taxonomy":"post_tag","embeddable":true,"href":"https:\/\/www.invarena.cz\/index.php?rest_route=%2Fwp%2Fv2%2Ftags&post=39014"}],"curies":[{"name":"wp","href":"https:\/\/api.w.org\/{rel}","templated":true}]}}