{"id":3907,"date":"2013-04-19T10:02:37","date_gmt":"2013-04-19T08:02:37","guid":{"rendered":"http:\/\/www.invarena.cz\/?p=3907"},"modified":"2013-04-20T17:22:35","modified_gmt":"2013-04-20T15:22:35","slug":"kohoutova-lidem-chodi-reklamni-letaky-ceske-sporitelny","status":"publish","type":"post","link":"https:\/\/www.invarena.cz\/?p=3907","title":{"rendered":"Kohoutov\u00e1: Lidem chod\u00ed reklamn\u00ed let\u00e1ky \u010cesk\u00e9 spo\u0159itelny"},"content":{"rendered":"<p><strong>sKarty jsou aktu\u00e1ln\u011b nejv\u011bt\u0161\u00edm jablkem sv\u00e1ru mezi koali\u010dn\u00edmi stranami. Premi\u00e9r a p\u0159edseda ODS Ne\u010das mluv\u00ed o podvodu na vl\u00e1du, TOP 09 pova\u017euje \u00fatoky na skartu za volebn\u00ed kampa\u0148 pravicov\u00e9ho rivala. Na podivnosti v\u0161ak upozor\u0148uje poslankyn\u011b ODS Lenka Kohoutov\u00e1.<\/strong><br \/>\n<!--more--><br \/>\nSoci\u00e1ln\u00ed karta byla velk\u00fdm p\u0159\u00edslibem, mo\u017en\u00e1 v\u0161ak skon\u010d\u00ed jako velk\u00fd propad\u00e1k. P\u0159i jej\u00edm pl\u00e1nov\u00e1n\u00ed a zav\u00e1d\u011bn\u00ed se mluvilo o u\u0161et\u0159en\u00fdch statis\u00edc\u00edch d\u00edky tomu, \u017ee se p\u0159\u00edjemc\u016fm soci\u00e1ln\u00edch d\u00e1vek nebudou muset pos\u00edlat pen\u00edze slo\u017eenkou, ale na \u00fa\u010dty \u010cesk\u00e9 spo\u0159itelny, kter\u00e9 tato bankovn\u00ed instituce lidem k sKart\u00e1m z\u0159\u00edd\u00ed.<\/p>\n<p>M\u011bla slou\u017eit jako identifik\u00e1tor a rovn\u011b\u017e m\u011bla zamezit zneu\u017e\u00edv\u00e1n\u00ed soci\u00e1ln\u00edch d\u00e1vek, proto\u017ee by s n\u00ed ne\u0161ly nakupovat nap\u0159\u00edklad alkohol \u010di cigarety.<\/p>\n<p>Mezi vl\u00e1dn\u00edmi stranami o ni u\u017e n\u011bkolik m\u011bs\u00edc\u016f zu\u0159\u00ed v\u00e1lka. ODS by ji bez me\u0161k\u00e1n\u00ed zru\u0161ila, TOP 09 v\u0161ak trv\u00e1 na pokra\u010dov\u00e1n\u00ed projektu. Premi\u00e9r a p\u0159edseda ODS Petr Ne\u010das mluv\u00ed otev\u0159en\u011b o podvodu, jeho\u017e se dopustilo ministerstvo pr\u00e1ce na jeho vl\u00e1d\u011b.<\/p>\n<p>Nej\u010dast\u011bji se mezi ob\u010dansk\u00fdmi demokraty v souvislosti s podvodem zmi\u0148uje to, \u017ee sKarta byla od po\u010d\u00e1tku zam\u00fd\u0161lena jako dobrovoln\u00e1, co\u017e bylo podm\u00ednkou, aby pro ni poslanci ODS hlasovali.<\/p>\n<p><strong>Podle tehdej\u0161\u00edho ministra Dr\u00e1bka m\u011bla b\u00fdt sKarta povinn\u00e1<\/strong><\/p>\n<p>Kdy\u017e padl p\u016fvodn\u00ed z\u00e1m\u011br ministerstva pr\u00e1ce, \u017ee sKarta bude povinn\u00e1 a jen p\u0159es ni p\u016fjdou platby soci\u00e1ln\u00edch d\u00e1vek, vyvinul se projekt tak, \u017ee karta sice bude povinn\u00e1, ale jej\u00ed platebn\u00ed funkce bude dobrovoln\u00e1.<\/p>\n<p>&#8222;V\u017edy jsem zd\u016fraz\u0148oval, \u017ee dobrovoln\u00e1 je platebn\u00ed funkce karty,&#8220; p\u0159ipom\u00edn\u00e1 pro Parlamentn\u00edListy.cz exministr pr\u00e1ce Jarom\u00edr Dr\u00e1bek.<\/p>\n<p>Pokud nyn\u00ed tvrd\u00ed ob\u010dan\u0161t\u00ed demokrat\u00e9, \u017ee i samotn\u00e1 sKarta m\u011bla b\u00fdt dobrovoln\u00e1, m\u011bli reagovat u\u017e p\u0159ed p\u016fldruh\u00fdm rokem.<\/p>\n<p>To ve sn\u011bmovn\u011b p\u0159i druh\u00e9m \u010dten\u00ed z\u00e1kona zazn\u011blo 1. z\u00e1\u0159\u00ed 2011 od tehdej\u0161\u00edho ministra Jarom\u00edra Dr\u00e1bka toto: &#8222;Karta soci\u00e1ln\u00edch syst\u00e9m\u016f bude slou\u017eit jako identifik\u00e1tor pro v\u0161echny osoby zapojen\u00e9 do syst\u00e9mu soci\u00e1ln\u00ed pomoci, av\u0161ak vyu\u017eit\u00ed jej\u00edch dal\u0161\u00edch funkc\u00ed bude na rozhodnut\u00ed klienta.&#8220;<\/p>\n<p><strong>ODS nem\u00e1 pozitivn\u00ed t\u00e9mata, a tak kope do sKarty<\/strong><\/p>\n<p>U\u017e tehdy se m\u011bli bou\u0159it, pokud jim tento z\u00e1m\u011br tehdej\u0161\u00edho \u0161\u00e9fa resortu nebyl po chuti. Je\u0161t\u011b p\u0159ed definitivn\u00edm schv\u00e1len\u00edm ve sn\u011bmovn\u011b se konalo koali\u010dn\u00ed jedn\u00e1n\u00ed, v n\u011bm\u017e zastupovali jednotliv\u00e9 strany p\u0159edsedov\u00e9 poslaneck\u00fdch klub\u016f a strani\u010dt\u00ed experti na soci\u00e1ln\u00ed oblast.<\/p>\n<p>Za ODS se jedn\u00e1n\u00ed z\u00fa\u010dastnili Zbyn\u011bk Stanjura a Lenka Kohoutov\u00e1, za TOP 09 Petr Gazd\u00edk a Jarom\u00edr Dr\u00e1bek, jen\u017e na tomto f\u00f3ru ani kdykoli jindy nep\u0159ipustil dobrovolnost sKarty.<\/p>\n<p>&#8222;\u017d\u00e1dn\u00fd slib o tom, \u017ee by karta soci\u00e1ln\u00edch syst\u00e9m\u016f m\u011bla b\u00fdt dobrovoln\u00e1, jsem ODS nedal,&#8220; potvrzuje Jarom\u00edr Dr\u00e1bek, a tak se lze jen dohadovat, pro\u010d ob\u010dan\u0161t\u00ed demokrat\u00e9 hovo\u0159\u00ed o tom, \u017ee sKarta m\u011bla b\u00fdt dobrovoln\u00e1 od po\u010d\u00e1tku projektu.<\/p>\n<p>&#8222;ODS zah\u00e1jila p\u0159ed\u010dasn\u011b volebn\u00ed kampa\u0148 a nem\u00e1 vlastn\u00ed pozitivn\u00ed t\u00e9mata, tak jen kope,&#8220; nab\u00edz\u00ed pro Parlamentn\u00edListy.cz jedno z mo\u017en\u00fdch vysv\u011btlen\u00ed exministr pr\u00e1ce Jarom\u00edr Dr\u00e1bek.<\/p>\n<p><strong>Lidem chod\u00ed dom\u016f let\u00e1ky s nab\u00eddkami slu\u017eeb \u010cesk\u00e9 spo\u0159itelny<\/strong><\/p>\n<p>&#8222;U\u017e v z\u00e1\u0159\u00ed minul\u00e9ho roku jsem \u0159\u00edkala, \u017ee v tomto pojet\u00ed jsou sKarty podvod na lidech. Jenom se mi pan ministr v\u017edy sm\u00e1l, \u017ee jsem v tom sama, \u017ee jsou sKarty u\u017e schv\u00e1leny a nikdo proti nim ne\u0159ekne p\u016fl slova \u0161patn\u00e9ho, ale postupem \u010dasu, jak se objevovaly nov\u00e9 poznatky o tom, jak\u00fd je sKarta probl\u00e9m, se ke mn\u011b p\u0159idala cel\u00e1 ODS.<\/p>\n<p>Tak\u017ee to nen\u00ed tak, \u017ee to \u0159\u00edk\u00e1me te\u010f a \u017ee to m\u00e1 n\u011bco spole\u010dn\u00e9ho s p\u0159edvolebn\u00ed kampan\u00ed,&#8220; konstatuje pro Parlamentn\u00edListy.cz \u010dlenka soci\u00e1ln\u00edho v\u00fdboru Lenka Kohoutov\u00e1 s t\u00edm, \u017ee nem\u00e1 d\u016fvod d\u011blat negativn\u00ed kampa\u0148 na sKart\u00e1ch.<\/p>\n<p>Ale pozastavuje se nad podivnostmi, kter\u00e9 projekt sKaret prov\u00e1zej\u00ed. &#8222;Pokud m\u00e1 sKarta slou\u017eit jen jako identifik\u00e1tor, tak nen\u00ed d\u016fvod, pro\u010d by ji m\u011bl vyd\u00e1vat bankovn\u00ed d\u016fm, a ani jsme nev\u011bd\u011bli, \u017ee tomu tak bude. Dnes se oz\u00fdvaj\u00ed lid\u00e9, \u017ee jim chod\u00ed nejr\u016fzn\u011bj\u0161\u00ed let\u00e1ky s nab\u00eddkami slu\u017eeb \u010cesk\u00e9 spo\u0159itelny. To je n\u011bco, co p\u0159esn\u011b jsme necht\u011bli, co bereme jako tot\u00e1ln\u00ed podvod,&#8220; poukazuje poslankyn\u011b ODS na to, jak m\u016f\u017ee bankovn\u00ed instituce vyu\u017e\u00edvat datab\u00e1zi, kterou v souvislosti s projektem sKaret z\u00edskala.<\/p>\n<p><strong>Na sKarty by se v p\u0159\u00ed\u0161t\u00edm roce musely koupit \u010dte\u010dky za sto milion\u016f<\/strong><\/p>\n<p>&#8222;Kdyby takov\u00fd identifik\u00e1tor vyr\u00e1b\u011blo, schra\u0148ovalo a vyd\u00e1valo ministerstvo pr\u00e1ce, pota\u017emo \u00fa\u0159ad pr\u00e1ce, tak ten probl\u00e9m bude asi daleko men\u0161\u00ed. Kdy\u017e pot\u0159ebuju identifika\u010dn\u00ed kartu pro ministerstvo \u010di \u00fa\u0159ad pr\u00e1ce, tak pro\u010d tento identifik\u00e1tor vyd\u00e1v\u00e1 bankovn\u00ed d\u016fm. Tak\u017ee ve skute\u010dnosti je to platebn\u00ed karta, kter\u00e1 pouze nen\u00ed aktivov\u00e1na. A to zav\u00e1n\u00ed n\u011bjakou nekalou praktikou,&#8220; domn\u00edv\u00e1 se Lenka Kohoutov\u00e1.<\/p>\n<p>A ve v\u00fd\u010dtu sv\u00fdch v\u00fdhrad pokra\u010duje. &#8222;Pan\u00ed ministryn\u011b M\u00fcllerov\u00e1 n\u00e1m nen\u00ed schopn\u00e1 vysv\u011btlit, k \u010demu pot\u0159ebujeme kartu, kter\u00e1 bez ob\u010dansk\u00e9ho pr\u016fkazu nen\u00ed vyu\u017eiteln\u00e1, proto\u017ee ten \u00b4identifik\u00e1tor\u00b4 nem\u00e1 fotografii ani rodn\u00e9 \u010d\u00edslo. A pan exministr Dr\u00e1bek tvrdil, \u017ee karty budou bezplatn\u00e9 a najednou se dozv\u00edd\u00e1me, \u017ee se v p\u0159\u00ed\u0161t\u00edm roce mus\u00ed za sto milion\u016f nakoupit \u010dte\u010dky,&#8220; bu\u0161\u00ed poslankyn\u011b do veden\u00ed resortu ovl\u00e1dan\u00e9ho TOP 09.<\/p>\n<p><strong>Platebn\u00ed \u00fa\u010det se z\u0159\u00edd\u00ed i tomu, kdo m\u00e1 kartu jen jako identifik\u00e1tor<\/strong><\/p>\n<p>To p\u016fvodn\u00ed v \u010dele s Jarom\u00edrem Dr\u00e1bkem a jeho prvn\u00edm n\u00e1m\u011bstkem Vladim\u00edrem \u0160i\u0161kou se p\u0159i uzav\u00edr\u00e1n\u00ed smluv s \u010ceskou spo\u0159itelnou rozhodn\u011b nedr\u017eelo koali\u010dn\u00edch dohod. Jinak by \u010cesk\u00e1 spo\u0159itelna nez\u0159izovala ka\u017ed\u00e9mu p\u0159\u00edjemci soci\u00e1ln\u00edch d\u00e1vek platebn\u00ed \u00fa\u010det.<\/p>\n<p>Tedy i tomu, kdo nestoj\u00ed o platebn\u00ed funkci sKarty a posta\u010d\u00ed mu jej\u00ed funkce identifik\u00e1toru, co\u017e vypl\u00fdv\u00e1 z Podm\u00ednek \u010cesk\u00e9 spo\u0159itelny, a.s., pro vyd\u00e1n\u00ed a pou\u017e\u00edv\u00e1n\u00ed sKarty a otev\u0159en\u00ed platebn\u00edho \u00fa\u010dtu, kter\u00e9 m\u00e1 redakce k dispozici.<\/p>\n<p>A stejn\u011b tak by ve smlouv\u011b o zaji\u0161t\u011bn\u00ed administrace v\u00fdplaty nepojistn\u00fdch d\u00e1vek a d\u00e1vek z oblasti st\u00e1tn\u00ed politiky zam\u011bstnanosti a provozov\u00e1n\u00ed karty soci\u00e1ln\u00edch syst\u00e9m\u016f, kterou za ministerstvo pr\u00e1ce uzav\u0159el s \u010ceskou spo\u0159itelnou Vladim\u00edr \u0160i\u0161ka, nemohlo st\u00e1t, \u017ee ministerstvo pl\u00e1nuje prost\u0159ednictv\u00edm sKarty prov\u00e1d\u011bt v\u00fdplatu d\u016fchod\u016f nebo \u017ee touto cestou bude prov\u00e1d\u011bna v\u00fdplata alespo\u0148 98 procent objemu v\u0161ech v tuzemsku vypl\u00e1cen\u00fdch d\u00e1vek s v\u00fdjimkou t\u011bch, co souvis\u00ed se \u017eiveln\u00fdmi pohromami.<\/p>\n<p>Parlamentnilisty.cz<\/p>\n","protected":false},"excerpt":{"rendered":"<div class=\"mh-excerpt\"><p>sKarty jsou aktu\u00e1ln\u011b nejv\u011bt\u0161\u00edm jablkem sv\u00e1ru mezi koali\u010dn\u00edmi stranami. Premi\u00e9r a p\u0159edseda ODS Ne\u010das mluv\u00ed o podvodu na vl\u00e1du, TOP 09 pova\u017euje \u00fatoky na skartu <a class=\"mh-excerpt-more\" href=\"https:\/\/www.invarena.cz\/?p=3907\" title=\"Kohoutov\u00e1: Lidem chod\u00ed reklamn\u00ed let\u00e1ky \u010cesk\u00e9 spo\u0159itelny\">[&#8230;]<\/a><\/p>\n<\/div>","protected":false},"author":1,"featured_media":1829,"comment_status":"open","ping_status":"open","sticky":false,"template":"","format":"standard","meta":{"footnotes":""},"categories":[6],"tags":[],"class_list":["post-3907","post","type-post","status-publish","format-standard","has-post-thumbnail","hentry","category-politika"],"_links":{"self":[{"href":"https:\/\/www.invarena.cz\/index.php?rest_route=\/wp\/v2\/posts\/3907","targetHints":{"allow":["GET"]}}],"collection":[{"href":"https:\/\/www.invarena.cz\/index.php?rest_route=\/wp\/v2\/posts"}],"about":[{"href":"https:\/\/www.invarena.cz\/index.php?rest_route=\/wp\/v2\/types\/post"}],"author":[{"embeddable":true,"href":"https:\/\/www.invarena.cz\/index.php?rest_route=\/wp\/v2\/users\/1"}],"replies":[{"embeddable":true,"href":"https:\/\/www.invarena.cz\/index.php?rest_route=%2Fwp%2Fv2%2Fcomments&post=3907"}],"version-history":[{"count":0,"href":"https:\/\/www.invarena.cz\/index.php?rest_route=\/wp\/v2\/posts\/3907\/revisions"}],"wp:featuredmedia":[{"embeddable":true,"href":"https:\/\/www.invarena.cz\/index.php?rest_route=\/wp\/v2\/media\/1829"}],"wp:attachment":[{"href":"https:\/\/www.invarena.cz\/index.php?rest_route=%2Fwp%2Fv2%2Fmedia&parent=3907"}],"wp:term":[{"taxonomy":"category","embeddable":true,"href":"https:\/\/www.invarena.cz\/index.php?rest_route=%2Fwp%2Fv2%2Fcategories&post=3907"},{"taxonomy":"post_tag","embeddable":true,"href":"https:\/\/www.invarena.cz\/index.php?rest_route=%2Fwp%2Fv2%2Ftags&post=3907"}],"curies":[{"name":"wp","href":"https:\/\/api.w.org\/{rel}","templated":true}]}}