{"id":3924,"date":"2013-04-19T09:50:59","date_gmt":"2013-04-19T07:50:59","guid":{"rendered":"http:\/\/www.invarena.cz\/?p=3924"},"modified":"2013-04-21T07:40:52","modified_gmt":"2013-04-21T05:40:52","slug":"klasnova-jasne-zlocinny-pocin-drabka-jde-o-stamiliony","status":"publish","type":"post","link":"https:\/\/www.invarena.cz\/?p=3924","title":{"rendered":"Klasnov\u00e1: Zlo\u010dinn\u00fd po\u010din Dr\u00e1bka. Jde o stamiliony"},"content":{"rendered":"<p><strong>V\u011bci ve\u0159ejn\u00e9 p\u0159em\u00fd\u0161lej\u00ed o tom, \u017ee vyvolaj\u00ed kv\u016fli sKart\u00e1m hlasov\u00e1n\u00ed o ned\u016fv\u011b\u0159e vl\u00e1d\u011b. St\u00e1le toti\u017e pr\u00fd hroz\u00ed, \u017ee st\u00e1t bude muset spo\u0159iteln\u011b zaplatit kompenzaci v\u00fddaj\u016f. &#8222;M\u016f\u017ee to b\u00fdt i v\u00edc ne\u017e 300 milion\u016f,&#8220; upozornila \u0161\u00e9fka klubu VV Kate\u0159ina Klasnov\u00e1 v po\u0159adu TV Barrandov T\u00e9mata t\u00fddne. <\/strong><br \/>\n<!--more-->Kv\u016fli projektu nav\u00edc VV asi podaj\u00ed i trestn\u00ed ozn\u00e1men\u00ed.<\/p>\n<p>&#8222;Smlouva k sKart\u00e1m je s \u010ceskou spo\u0159itelnou tak ne\u0161\u0165astn\u011b postaven\u00e1, \u017ee \u010cesk\u00e1 spo\u0159itelna velmi pravd\u011bpodobn\u011b bude \u017e\u00e1dat kompenzaci v\u00fddaj\u016f,&#8220; \u0159ekla v diskusn\u00edm po\u0159adu T\u00e9mata t\u00fddne p\u0159edsedkyn\u011b poslaneck\u00e9ho klubu V\u011bc\u00ed ve\u0159ejn\u00fdch Kate\u0159ina Klasnov\u00e1.<\/p>\n<p>&#8222;Kdy\u017e jsem hovo\u0159ila s gener\u00e1ln\u00edm \u0159editelem \u010cesk\u00e9 spo\u0159itelny, tak vy\u0161lo najevo, \u017ee spo\u0159itelna si nyn\u00ed vy\u010d\u00edsluje investice, kter\u00e9 by po\u017eadovala od st\u00e1tu,&#8220; zm\u00ednila. Podle n\u00ed je to zhruba 300 milion\u016f korun. &#8222;Je to velmi pravd\u011bpodobn\u00e9,&#8220; uvedla pak na dotaz, zda by tyto pen\u00edze museli spo\u0159iteln\u011b zaplatit ob\u010dan\u00e9.<\/p>\n<p>&#8222;Vypad\u00e1 to, jako by byla smlouva uzav\u0159ena s n\u011bjak\u00fdm, mo\u017en\u00e1 arbitr\u00e1\u017en\u00edm \u00famyslem, t\u011b\u017eko to rozkryjeme. Mus\u00edme si uv\u011bdomit, \u017ee \u010ceskou spo\u0159itelnu vlastn\u00ed zahrani\u010dn\u00ed majitel. Jsme p\u0159ipraveni ve chv\u00edli, kdy \u010cesk\u00e1 spo\u0159itelna po\u017e\u00e1d\u00e1 o kompenzaci, \u017ee pod\u00e1me trestn\u00ed ozn\u00e1men\u00ed a mysl\u00edme si, \u017ee odpov\u011bdnost by m\u011bl tady n\u00e9st pan exministr Jarom\u00edr Dr\u00e1bek a jeho prvn\u00ed n\u00e1m\u011bstek \u0160i\u0161ka,&#8220; \u0159ekla d\u00e1le Klasnov\u00e1.<\/p>\n<p>Podle jej\u00edch slov dosud ani nebyla odtajn\u011bna smlouva mezi st\u00e1tem a spo\u0159itelnou. &#8222;Ta smlouva je postavena zlo\u010dinn\u00fdm zp\u016fsobem. Pan exministr Dr\u00e1bek lhal a lhal i n\u00e1m poslanc\u016fm a pokud lhal i panu premi\u00e9rovi, tak je to o to hor\u0161\u00ed. Ta smlouva je toti\u017e velmi v\u00fdhodn\u00e1 pro \u010ceskou spo\u0159itelnu a nev\u00fdhodn\u00e1 pro st\u00e1t,&#8220; \u0159ekla.<\/p>\n<p><strong>Asi r\u00e1d \u010detl Jist\u011b, pane minist\u0159e<\/strong><\/p>\n<p>Klasnov\u00e1 pr\u00fd p\u0159ed \u010dasem velmi pozorn\u011b \u010dekala, co premi\u00e9r n\u00e1rodu ohledn\u011b sKaret sd\u011bl\u00ed. &#8222;Bylo to ale typicky ne\u010dasovsk\u00e9. Pan premi\u00e9r ur\u010dit\u011b r\u00e1d \u010detl, nebo sledoval &#8218;Jist\u011b, pane minist\u0159e&#8216;, tak\u017ee to bylo od n\u011bj &#8218;ano i ne&#8216;. Nikdo si z toho ale nebyl schopen p\u0159elo\u017eit, zda sKarty budou pokra\u010dovat a pokud ano, tak v jak\u00e9 podob\u011b. Tady si to Ministerstvo pr\u00e1ce a soci\u00e1ln\u00edch v\u011bc\u00ed a pan premi\u00e9r st\u00e1le dokola ne\u0161\u0165astn\u011b prohazuj\u00ed jako horkou bramboru,&#8220; dodala k t\u00e9matu Klasnov\u00e1.<\/p>\n<p>Parlamentnilisty.cz<\/p>\n","protected":false},"excerpt":{"rendered":"<div class=\"mh-excerpt\"><p>V\u011bci ve\u0159ejn\u00e9 p\u0159em\u00fd\u0161lej\u00ed o tom, \u017ee vyvolaj\u00ed kv\u016fli sKart\u00e1m hlasov\u00e1n\u00ed o ned\u016fv\u011b\u0159e vl\u00e1d\u011b. St\u00e1le toti\u017e pr\u00fd hroz\u00ed, \u017ee st\u00e1t bude muset spo\u0159iteln\u011b zaplatit kompenzaci v\u00fddaj\u016f. <a class=\"mh-excerpt-more\" href=\"https:\/\/www.invarena.cz\/?p=3924\" title=\"Klasnov\u00e1: Zlo\u010dinn\u00fd po\u010din Dr\u00e1bka. Jde o stamiliony\">[&#8230;]<\/a><\/p>\n<\/div>","protected":false},"author":1,"featured_media":928,"comment_status":"open","ping_status":"open","sticky":false,"template":"","format":"standard","meta":{"footnotes":""},"categories":[6],"tags":[],"class_list":["post-3924","post","type-post","status-publish","format-standard","has-post-thumbnail","hentry","category-politika"],"_links":{"self":[{"href":"https:\/\/www.invarena.cz\/index.php?rest_route=\/wp\/v2\/posts\/3924","targetHints":{"allow":["GET"]}}],"collection":[{"href":"https:\/\/www.invarena.cz\/index.php?rest_route=\/wp\/v2\/posts"}],"about":[{"href":"https:\/\/www.invarena.cz\/index.php?rest_route=\/wp\/v2\/types\/post"}],"author":[{"embeddable":true,"href":"https:\/\/www.invarena.cz\/index.php?rest_route=\/wp\/v2\/users\/1"}],"replies":[{"embeddable":true,"href":"https:\/\/www.invarena.cz\/index.php?rest_route=%2Fwp%2Fv2%2Fcomments&post=3924"}],"version-history":[{"count":0,"href":"https:\/\/www.invarena.cz\/index.php?rest_route=\/wp\/v2\/posts\/3924\/revisions"}],"wp:featuredmedia":[{"embeddable":true,"href":"https:\/\/www.invarena.cz\/index.php?rest_route=\/wp\/v2\/media\/928"}],"wp:attachment":[{"href":"https:\/\/www.invarena.cz\/index.php?rest_route=%2Fwp%2Fv2%2Fmedia&parent=3924"}],"wp:term":[{"taxonomy":"category","embeddable":true,"href":"https:\/\/www.invarena.cz\/index.php?rest_route=%2Fwp%2Fv2%2Fcategories&post=3924"},{"taxonomy":"post_tag","embeddable":true,"href":"https:\/\/www.invarena.cz\/index.php?rest_route=%2Fwp%2Fv2%2Ftags&post=3924"}],"curies":[{"name":"wp","href":"https:\/\/api.w.org\/{rel}","templated":true}]}}