{"id":39249,"date":"2023-04-25T11:59:00","date_gmt":"2023-04-25T09:59:00","guid":{"rendered":"https:\/\/www.invarena.cz\/?p=39249"},"modified":"2023-04-25T17:02:16","modified_gmt":"2023-04-25T15:02:16","slug":"z-novojicinske-porodnice-nejcasteji-odchazeli-s-natalii-a-jakubem","status":"publish","type":"post","link":"https:\/\/www.invarena.cz\/?p=39249","title":{"rendered":"Z novoji\u010d\u00ednsk\u00e9 porodnice nej\u010dast\u011bji odch\u00e1zeli s Nat\u00e1li\u00ed a Jakubem"},"content":{"rendered":"\n<p><strong>P\u0159es \u0161est set d\u011bt\u00ed se narodilo v roce 2022 v porodnici Nemocnice AGEL Nov\u00fd Ji\u010d\u00edn, kter\u00e1 i loni roz\u0161\u00ed\u0159ila spektrum nab\u00edzen\u00fdch slu\u017eeb nap\u0159\u00edklad o anal\u00fdzu pupe\u010dn\u00edkov\u00e9 krve miminek.<\/strong><\/p>\n\n\n\n<p>Statistiky m\u00edrn\u011b ovl\u00e1dla d\u011bv\u010data, kter\u00e1 v pomysln\u00e9m souboji pohlav\u00ed chlapce p\u0159ed\u010dila v pom\u011bru 311:297. <em>\u201eHol\u010di\u010dk\u00e1m rodi\u010de nej\u010dast\u011bji d\u00e1vala jm\u00e9na Nat\u00e1lie, Sofie a Ad\u00e9la. U kluk\u016f v\u00e9vodil Jakub, Adam a pak David,\u201d <\/em>uvedla <strong>Marcela Bu\u010dko, vrchn\u00ed sestra vrchn\u00ed sestra gynekologicko \u2013 porodnick\u00e9ho odd\u011blen\u00ed Nemocnice AGEL Nov\u00fd Ji\u010d\u00edn<\/strong>. Naopak netradi\u010dn\u00ed jm\u00e9no dostalo hned prvn\u00ed miminko narozen\u00e9 v leto\u0161n\u00edm roce. Mamince z Nov\u00e9ho Ji\u010d\u00edna se narodila v ned\u011bli 1. ledna v \u010dase 7:42 hol\u010di\u010dka, kter\u00e1 dostala jm\u00e9no M\u00e1rie-Elena.<\/p>\n\n\n\n<p>Od lo\u0148sk\u00e9ho roku maj\u00ed zdej\u0161\u00ed odborn\u00edci k dispozici unik\u00e1tn\u00ed p\u0159\u00edstroj ur\u010den\u00fd k prov\u011b\u0159en\u00ed zdravotn\u00edho stavu novorozenc\u016f ze vzorku krve. Analyz\u00e1tor krevn\u00edch plyn\u016f je ur\u010den p\u0159edev\u0161\u00edm \u010derstv\u011b narozen\u00fdm mimink\u00e1m a je um\u00edst\u011bn v&nbsp;prostor\u00e1ch porodn\u00edch box\u016f a s\u00e1l\u016f, kde umo\u017en\u00ed b\u011bhem minuty zajistit v\u00fdsledky vy\u0161et\u0159ovan\u00fdch parametr\u016f miminka, a to z jak\u00e9hokoliv vzorku krve \u2013 v\u010detn\u011b pupe\u010dn\u00edkov\u00e9. <\/p>\n\n\n\n<p><em>\u201eTyto \u00fadaje oce\u0148ujeme p\u0159edev\u0161\u00edm v akutn\u00edch stavech. Krevn\u00ed v\u00fdsledky novorozenc\u016f jsou toti\u017e d\u00edky n\u011bmu k dispozici z mal\u00e9ho mno\u017estv\u00ed pupe\u010dn\u00edkov\u00e9 krve prakticky do minuty, l\u00e9ka\u0159 tak m\u016f\u017ee velice rychle vyhodnotit stav d\u00edt\u011bte adekv\u00e1tn\u011b reagovat. Odpad\u00e1 pak no\u0161en\u00ed vzork\u016f do laborato\u0159e a ve\u0161ker\u00fd person\u00e1l se tak m\u016f\u017ee pln\u011b v\u011bnovat p\u00e9\u010di o miminko i maminku,\u201c<\/em> <strong>vysv\u011btluje Dana Babe\u013eov\u00e1, stani\u010dn\u00ed sestra novorozeneck\u00e9ho odd\u011blen\u00ed Nemocnice AGEL Nov\u00fd Ji\u010d\u00edn.<\/strong><\/p>\n\n\n\n<p>Odd\u011blen\u00ed \u0161estined\u011bl\u00ed mamink\u00e1m m\u016f\u017ee nab\u00eddnout celkem 5 nadstandardn\u00edch pokoj\u016f, ve kter\u00fdch samoz\u0159ejm\u011b nechyb\u00ed TV, lednice \u010di koj\u00edc\u00ed k\u0159esla. \u201e<em>V porodnici novoji\u010d\u00ednsk\u00e9 nemocnice se ka\u017ed\u00e1 maminka m\u016f\u017ee t\u011b\u0161it na celou \u0159adu benefit\u016f, v\u010detn\u011b d\u00e1rk\u016f pro sv\u00e9 miminko. Velice obl\u00edben\u00e9 je tak\u00e9 focen\u00ed novorozenc\u016f \u010di celodenn\u00ed bufet, kter\u00fd nab\u00edz\u00edme zcela zdarma. Na\u0161e odd\u011blen\u00ed zaji\u0161\u0165uje nep\u0159etr\u017eitou lakta\u010dn\u00ed poradnu a tak\u00e9 zaji\u0161\u0165uje mamink\u00e1m zap\u016fj\u010den\u00ed monitoru dechu. P\u00e9\u010de o maminky a jejich novorozence v\u0161ak za\u010d\u00edn\u00e1 daleko d\u0159\u00edve p\u0159ed porodem \u2013 absolvov\u00e1n\u00edm p\u0159edporodn\u00edch kurz\u016f, rehabilita\u010dn\u00edch cvi\u010den\u00ed. Nezapom\u00edn\u00e1me v\u0161ak ani na obdob\u00ed po porodu \u2013 ten s&nbsp;sebou mnohdy p\u0159in\u00e1\u0161\u00ed spoustu i m\u00e9n\u011b p\u0159\u00edjemn\u00fdch zm\u011bn, proto jsme mamink\u00e1m ve spolupr\u00e1ci s&nbsp;na\u0161\u00edm rehabilita\u010dn\u00edm odd\u011blen\u00edm p\u0159ipraveni nab\u00eddnout adekv\u00e1tn\u00ed specializovanou p\u00e9\u010di nap\u0159. v&nbsp;edukaci pro zpevn\u011bn\u00ed b\u0159i\u0161n\u00edho svalstva, sval\u016f p\u00e1nevn\u00edho dna jako prevenci \u00faniku mo\u010di. Narozen\u00ed miminka je tedy pouze ta nejkr\u00e1sn\u011bj\u0161\u00ed chvilka v&nbsp;tomto obdob\u00ed maminek, na\u0161e p\u00e9\u010de v\u0161ak za\u010d\u00edn\u00e1 o mnohem d\u0159\u00edve a nekon\u010d\u00ed propu\u0161t\u011bn\u00edm dom\u016f, do nov\u00fdch d\u011btsk\u00fdch pokoj\u00ed\u010dk\u016f,\u201c <\/em>p\u0159ipomn\u011bla Marcela Bu\u010dko.<\/p>\n\n\n\n<p>Nejen pro budouc\u00ed rodi\u010dky tak\u00e9<strong> Nemocnice AGEL Nov\u00fd Ji\u010d\u00edn <\/strong>p\u0159ipravila z\u00e1bavn\u011b-pou\u010dn\u00fd seri\u00e1l <strong>\u201cBacha rod\u00edm!\u201d<\/strong>, kter\u00fd div\u00e1k\u016fm na YouTube kan\u00e1lu AGEL i na Facebooku novoji\u010d\u00ednsk\u00e9 nemocnice p\u0159ibli\u017euje na re\u00e1ln\u00e9m p\u0159\u00edb\u011bhu rodi\u010dky atmosf\u00e9ru v novoji\u010d\u00ednsk\u00e9 porodnici.<\/p>\n","protected":false},"excerpt":{"rendered":"<div class=\"mh-excerpt\"><p>P\u0159es \u0161est set d\u011bt\u00ed se narodilo v roce 2022 v porodnici Nemocnice AGEL Nov\u00fd Ji\u010d\u00edn, kter\u00e1 i loni roz\u0161\u00ed\u0159ila spektrum nab\u00edzen\u00fdch slu\u017eeb nap\u0159\u00edklad o anal\u00fdzu <a class=\"mh-excerpt-more\" href=\"https:\/\/www.invarena.cz\/?p=39249\" title=\"Z novoji\u010d\u00ednsk\u00e9 porodnice nej\u010dast\u011bji odch\u00e1zeli s Nat\u00e1li\u00ed a Jakubem\">[&#8230;]<\/a><\/p>\n<\/div>","protected":false},"author":1,"featured_media":29146,"comment_status":"open","ping_status":"closed","sticky":false,"template":"","format":"standard","meta":{"footnotes":""},"categories":[11],"tags":[],"class_list":["post-39249","post","type-post","status-publish","format-standard","has-post-thumbnail","hentry","category-zdravi"],"_links":{"self":[{"href":"https:\/\/www.invarena.cz\/index.php?rest_route=\/wp\/v2\/posts\/39249","targetHints":{"allow":["GET"]}}],"collection":[{"href":"https:\/\/www.invarena.cz\/index.php?rest_route=\/wp\/v2\/posts"}],"about":[{"href":"https:\/\/www.invarena.cz\/index.php?rest_route=\/wp\/v2\/types\/post"}],"author":[{"embeddable":true,"href":"https:\/\/www.invarena.cz\/index.php?rest_route=\/wp\/v2\/users\/1"}],"replies":[{"embeddable":true,"href":"https:\/\/www.invarena.cz\/index.php?rest_route=%2Fwp%2Fv2%2Fcomments&post=39249"}],"version-history":[{"count":0,"href":"https:\/\/www.invarena.cz\/index.php?rest_route=\/wp\/v2\/posts\/39249\/revisions"}],"wp:featuredmedia":[{"embeddable":true,"href":"https:\/\/www.invarena.cz\/index.php?rest_route=\/wp\/v2\/media\/29146"}],"wp:attachment":[{"href":"https:\/\/www.invarena.cz\/index.php?rest_route=%2Fwp%2Fv2%2Fmedia&parent=39249"}],"wp:term":[{"taxonomy":"category","embeddable":true,"href":"https:\/\/www.invarena.cz\/index.php?rest_route=%2Fwp%2Fv2%2Fcategories&post=39249"},{"taxonomy":"post_tag","embeddable":true,"href":"https:\/\/www.invarena.cz\/index.php?rest_route=%2Fwp%2Fv2%2Ftags&post=39249"}],"curies":[{"name":"wp","href":"https:\/\/api.w.org\/{rel}","templated":true}]}}