{"id":39472,"date":"2023-05-10T12:22:00","date_gmt":"2023-05-10T10:22:00","guid":{"rendered":"https:\/\/www.invarena.cz\/?p=39472"},"modified":"2023-05-10T14:23:30","modified_gmt":"2023-05-10T12:23:30","slug":"desitky-ukrajinskych-lekaru-chteji-zustat-v-cesku","status":"publish","type":"post","link":"https:\/\/www.invarena.cz\/?p=39472","title":{"rendered":"Des\u00edtky ukrajinsk\u00fdch l\u00e9ka\u0159\u016f cht\u011bj\u00ed z\u016fstat v \u010cesku"},"content":{"rendered":"\n<p><strong>Od za\u010d\u00e1tku v\u00e1lky na Ukrajin\u011b zam\u011bstnali \u010de\u0161t\u00ed praktici t\u00e9m\u011b\u0159 pades\u00e1t l\u00e9ka\u0159\u016f, kte\u0159\u00ed ze zem\u011b p\u0159ed konfliktem uprchli. V&nbsp;ordinac\u00edch ale zat\u00edm pln\u00ed roli asistent\u016f, kte\u0159\u00ed praktik\u016fm pom\u00e1haj\u00ed p\u0159edev\u0161\u00edm s&nbsp;ukrajinsk\u00fdmi pacienty. L\u00e9\u010dit dosud nemohou, br\u00e1n\u00ed tomu proces tzv. nostrifikace a zejm\u00e9na aprobace. \u0158ada ukrajinsk\u00fdch l\u00e9ka\u0159\u016f by p\u0159itom cht\u011bla v&nbsp;\u010cesku z\u016fstat a&nbsp;ordinovat. <\/strong><\/p>\n\n\n\n<p>U\u017e p\u0159es rok trv\u00e1 projekt Ukrajina, do kter\u00e9ho se zapojilo t\u00e9m\u011b\u0159 p\u011bt des\u00edtek ukrajinsk\u00fdch l\u00e9ka\u0159\u016f a&nbsp;kolem dvaceti ordinac\u00ed praktik\u016f. <em>\u201eJe to v\u00fdhodn\u00e9 pro v\u0161echny strany: ukrajinsk\u00fd pacient, kter\u00e9mu se \u017eivot obr\u00e1til vzh\u016fru nohama a p\u0159i\u0161el o v\u0161echny jistoty, m\u016f\u017ee mluvit s&nbsp;l\u00e9ka\u0159em ve sv\u00e9m rodn\u00e9m jazyce, ukrajinsk\u00fd l\u00e9ka\u0159 m\u016f\u017ee pracovat v&nbsp;oboru a \u010desk\u00e9mu l\u00e9ka\u0159i uleh\u010d\u00ed pr\u00e1ci s&nbsp;ukrajinsk\u00fdmi pacienty. Pro \u010desk\u00e9 pacienty se d\u00edky takto nav\u00fd\u0161en\u00e9 kapacit\u011b neprodlu\u017euj\u00ed \u010dekac\u00ed doby a pro st\u00e1t je v\u00fdhodn\u00e9, \u017ee ukrajinsk\u00fd l\u00e9ka\u0159 m\u00e1 placen\u00e9 zam\u011bstn\u00e1n\u00ed a nepob\u00edr\u00e1 soci\u00e1ln\u00ed d\u00e1vky,\u201c <\/em>\u0159\u00edk\u00e1 MUDr. Cyril Mucha, hlavn\u00ed koordin\u00e1tor projektu Ukrajina. Ten vznikl v&nbsp;reakci na p\u0159\u00edliv ukrajinsk\u00fdch uprchl\u00edk\u016f, z&nbsp;nich\u017e \u0159ada pot\u0159ebovala zdravotn\u00ed p\u00e9\u010di a mezi nimi\u017e byli z\u00e1rove\u0148 i l\u00e9ka\u0159i. <\/p>\n\n\n\n<p>Po\u010dty zapojen\u00fdch ukrajinsk\u00fdch l\u00e9ka\u0159\u016f se pr\u016fb\u011b\u017en\u011b m\u011bn\u00ed, proto\u017ee n\u011bkte\u0159\u00ed p\u0159i\u0161li do \u010ceska pozd\u011bji, nebo u\u017e se naopak vr\u00e1tili zp\u011bt na Ukrajinu. Mezi t\u011bmi, kte\u0159\u00ed zat\u00edm z\u016fst\u00e1vaj\u00ed, je nap\u0159. Oksana Denysiuk z&nbsp;Kyjeva, je\u017e p\u0159ed v\u00e1lkou uprchla v&nbsp;b\u0159eznu minul\u00e9ho roku. <em>\u201eOd listopadu pracuji v&nbsp;pra\u017esk\u00e9 ordinaci a jsem moc spokojen\u00e1, \u017ee mohu pracovat ve sv\u00e9m oboru, i kdy\u017e ne vylo\u017een\u011b jako l\u00e9ka\u0159ka,\u201c <\/em>popisuje Denysiuk, kter\u00e1 v&nbsp;ordinaci pom\u00e1h\u00e1 p\u0159edev\u0161\u00edm p\u0159i p\u00e9\u010di o sv\u00e9 krajany. Tak jsou ostatn\u011b zapojen\u00ed i dal\u0161\u00ed l\u00e9ka\u0159i a&nbsp;l\u00e9ka\u0159ky, kte\u0159\u00ed z&nbsp;Ukrajiny uprchli.<\/p>\n\n\n\n<p> \u201e<em>Kdy\u017e p\u0159ijde do ordinace ukrajinsk\u00fd pacient, ujme se ho zam\u011bstnan\u00fd l\u00e9ka\u0159 z&nbsp;Ukrajiny, projde jeho anamn\u00e9zu a zjist\u00ed hlavn\u00ed probl\u00e9my. \u010cesk\u00fd l\u00e9ka\u0159 potom na z\u00e1klad\u011b zji\u0161t\u011bn\u00fdch informac\u00ed stanov\u00ed diagn\u00f3zu a&nbsp;navrhne terapii,\u201c <\/em>vysv\u011btluje MUDr. Mucha. <\/p>\n\n\n\n<p>Praktick\u00e1 l\u00e9ka\u0159ka MUDr. Anna Matou\u0161kov\u00e1 doslova v&nbsp;prvn\u00edch dnech rusk\u00e9 agrese vytvo\u0159ila a dodnes udr\u017euje web <a href=\"http:\/\/www.lekariproukrajinu.cz\/\">www.lekariproukrajinu.cz<\/a>, kter\u00fd je skute\u010dnou studnic\u00ed informac\u00ed pro v\u0161echny, kdo s&nbsp;ute\u010denci jakkoli pracuj\u00ed. Na projekt Ukrajina vyhradila SVL milion korun a&nbsp;t\u0159i \u010dtvrt\u011b z&nbsp;n\u011bj u\u017e vyu\u017eila.<\/p>\n\n\n\n<p> <em>\u201eOrdinace, kter\u00e9 zam\u011bstn\u00e1vaj\u00ed ukrajinsk\u00e9ho l\u00e9ka\u0159e jako asistenta, dost\u00e1vaj\u00ed p\u0159\u00edsp\u011bvek deset tis\u00edc korun m\u011bs\u00ed\u010dn\u011b. Tak\u00e9 jim na za\u010d\u00e1tku pom\u016f\u017eeme s&nbsp;administrativou, kter\u00e1 je spojen\u00e1 s&nbsp;p\u0159ijet\u00edm l\u00e9ka\u0159e a je dost komplikovan\u00e1,\u201c <\/em>popisuje doc. MUDr. Svatopluk B\u00fdma, p\u0159edseda SVL&nbsp;\u010cLS JEP. Zda bude SVL po vy\u010derp\u00e1n\u00ed prost\u0159edk\u016f vyhrazovat dal\u0161\u00ed, je\u0161t\u011b nen\u00ed jasn\u00e9. Otazn\u00edkem je i&nbsp;budoucnost ukrajinsk\u00fdch l\u00e9ka\u0159\u016f, kte\u0159\u00ed v&nbsp;\u010cesku cht\u011bj\u00ed z\u016fstat. Zat\u00edm nen\u00ed jist\u00e9, kolik by jich cht\u011blo ordinovat v&nbsp;\u010cesku, proto\u017ee kv\u016fli nestabiln\u00ed situaci v jejich domovin\u011b nemohou dop\u0159edu nic pl\u00e1novat. <\/p>\n\n\n\n<p>Jista si nen\u00ed ani Oksana Denysiuk. <em>\u201eZ\u00e1le\u017e\u00ed, jestli budu moci pracovat jako l\u00e9ka\u0159ka. Ale ur\u010dit\u011b bych se o&nbsp;to cht\u011bla pokusit,\u201c<\/em> \u0159\u00edk\u00e1. Aby mohli Ukrajinci pracovat jako l\u00e9ka\u0159i v&nbsp;\u010cesku, mus\u00ed m\u00edt nejd\u0159\u00edv tzv.&nbsp;nostrifikaci \u2013 uzn\u00e1n\u00ed zahrani\u010dn\u00edho vzd\u011bl\u00e1n\u00ed, potom slo\u017eit prvn\u00ed \u010d\u00e1st aproba\u010dn\u00ed zkou\u0161ky a absolvovat p\u016flro\u010dn\u00ed st\u00e1\u017e v&nbsp;nemocnici, kterou si sami plat\u00ed. <em>\u201eJe ot\u00e1zka, z&nbsp;\u010deho budou mezit\u00edm \u017e\u00edt. Je to b\u011bh na dlouhou tra\u0165. Z&nbsp;pozice praktik\u016f jim t\u011b\u017eko m\u016f\u017eeme pomoci. Chceme zatla\u010dit na st\u00e1t, aby pro n\u011b upravil podm\u00ednky. Pomohlo by, kdyby nap\u0159\u00edklad ud\u011blil ukrajinsk\u00fdm l\u00e9ka\u0159\u016fm do\u010dasnou v\u00fdjimku, \u017ee mohou pracovat pod dohledem \u010desk\u00e9ho l\u00e9ka\u0159e nebo \u017ee by p\u016flku st\u00e1\u017ee absolvovali v&nbsp;ordinac\u00edch u praktick\u00fdch l\u00e9ka\u0159\u016f. P\u0159\u00edpadn\u011b by st\u00e1t mohl podpo\u0159it nemocnice, aby ukrajinsk\u00e9 l\u00e9ka\u0159e v&nbsp;r\u00e1mci aproba\u010dn\u00ed st\u00e1\u017ee zam\u011bstnaly,\u201c n<\/em>avrhuje MUDr. Mucha.<\/p>\n","protected":false},"excerpt":{"rendered":"<div class=\"mh-excerpt\"><p>Od za\u010d\u00e1tku v\u00e1lky na Ukrajin\u011b zam\u011bstnali \u010de\u0161t\u00ed praktici t\u00e9m\u011b\u0159 pades\u00e1t l\u00e9ka\u0159\u016f, kte\u0159\u00ed ze zem\u011b p\u0159ed konfliktem uprchli. V&nbsp;ordinac\u00edch ale zat\u00edm pln\u00ed roli asistent\u016f, kte\u0159\u00ed praktik\u016fm <a class=\"mh-excerpt-more\" href=\"https:\/\/www.invarena.cz\/?p=39472\" title=\"Des\u00edtky ukrajinsk\u00fdch l\u00e9ka\u0159\u016f cht\u011bj\u00ed z\u016fstat v \u010cesku\">[&#8230;]<\/a><\/p>\n<\/div>","protected":false},"author":1,"featured_media":14888,"comment_status":"open","ping_status":"closed","sticky":false,"template":"","format":"standard","meta":{"footnotes":""},"categories":[7],"tags":[],"class_list":["post-39472","post","type-post","status-publish","format-standard","has-post-thumbnail","hentry","category-spolecnost"],"_links":{"self":[{"href":"https:\/\/www.invarena.cz\/index.php?rest_route=\/wp\/v2\/posts\/39472","targetHints":{"allow":["GET"]}}],"collection":[{"href":"https:\/\/www.invarena.cz\/index.php?rest_route=\/wp\/v2\/posts"}],"about":[{"href":"https:\/\/www.invarena.cz\/index.php?rest_route=\/wp\/v2\/types\/post"}],"author":[{"embeddable":true,"href":"https:\/\/www.invarena.cz\/index.php?rest_route=\/wp\/v2\/users\/1"}],"replies":[{"embeddable":true,"href":"https:\/\/www.invarena.cz\/index.php?rest_route=%2Fwp%2Fv2%2Fcomments&post=39472"}],"version-history":[{"count":0,"href":"https:\/\/www.invarena.cz\/index.php?rest_route=\/wp\/v2\/posts\/39472\/revisions"}],"wp:featuredmedia":[{"embeddable":true,"href":"https:\/\/www.invarena.cz\/index.php?rest_route=\/wp\/v2\/media\/14888"}],"wp:attachment":[{"href":"https:\/\/www.invarena.cz\/index.php?rest_route=%2Fwp%2Fv2%2Fmedia&parent=39472"}],"wp:term":[{"taxonomy":"category","embeddable":true,"href":"https:\/\/www.invarena.cz\/index.php?rest_route=%2Fwp%2Fv2%2Fcategories&post=39472"},{"taxonomy":"post_tag","embeddable":true,"href":"https:\/\/www.invarena.cz\/index.php?rest_route=%2Fwp%2Fv2%2Ftags&post=39472"}],"curies":[{"name":"wp","href":"https:\/\/api.w.org\/{rel}","templated":true}]}}