{"id":39526,"date":"2023-05-12T14:42:11","date_gmt":"2023-05-12T12:42:11","guid":{"rendered":"https:\/\/www.invarena.cz\/?p=39526"},"modified":"2023-05-12T15:37:29","modified_gmt":"2023-05-12T13:37:29","slug":"charitativni-beh-tesinska-osmicka-bude-v-nedeli-11-cervna","status":"publish","type":"post","link":"https:\/\/www.invarena.cz\/?p=39526","title":{"rendered":"Charitativn\u00ed b\u011bh T\u011b\u0161\u00ednsk\u00e1 osmi\u010dka bude v\u00a0ned\u011bli 11. \u010dervna"},"content":{"rendered":"\n<p><strong> NADACE AGEL o\u010dek\u00e1v\u00e1 za m\u011bs\u00edc \u00fa\u010dastnick\u00fd rekord: na startu i Ocel\u00e1\u0159i, Krp\u00e1lek a Petr\u00e1\u010dek<\/strong>. <strong>Za m\u011bs\u00edc, v&nbsp;ned\u011bli 11. \u010dervna dopoledne, startuje u nemocnice AGEL v&nbsp;T\u0159inci Podles\u00ed p\u00e1t\u00fd ro\u010dn\u00edk 8kilometrov\u00e9ho charitativn\u00edho b\u011bhu T\u011b\u0161\u00ednsk\u00e1 osmi\u010dka. Dosud se ji\u017e <a>zaregistrovalo 286 b\u011b\u017ec\u016f z&nbsp;celkov\u00e9 kapacity 500 m\u00edst<\/a>, co\u017e napov\u00edd\u00e1, \u017ee bude p\u0159ekon\u00e1n dosavadn\u00ed \u00fa\u010dastnick\u00fd rekord. D\u00edky tomu bude vybr\u00e1na i nejvy\u0161\u0161\u00ed suma startovn\u00e9ho, kter\u00e1 bude v&nbsp;pln\u00e9 v\u00fd\u0161i rozd\u011blena dv\u011bma handicapovan\u00fdm t\u011b\u017ece nemocn\u00fdm d\u011btem Karolin\u011b a Patrikovi. B\u011bhem uplynul\u00fdch ro\u010dn\u00edk\u016f ji\u017e bylo pot\u0159ebn\u00fdm z&nbsp;regionu rozd\u011bleno d\u00edky startovn\u00e9mu \u00fa\u010dastn\u00edk\u016f p\u0159es \u010dtvrt milionu korun.<\/strong><\/p>\n\n\n\n<p><strong>Souboj Davida s&nbsp;Goli\u00e1\u0161em<\/strong><\/p>\n\n\n\n<p><a>Ji\u017e podruh\u00e9 se na tra\u0165 vyprav\u00ed dvojn\u00e1sobn\u00fd olympijsk\u00fd v\u00edt\u011bz v&nbsp;judu Luk\u00e1\u0161 Krp\u00e1lek. Letos mu bude soupe\u0159em jeho kamar\u00e1d a v\u00edt\u011bz paralympijsk\u00fdch her v&nbsp;Riu, kde i Luk\u00e1\u0161 z\u00edskal svou prvn\u00ed zlatou olympijskou, plavec Arno\u0161t Petr\u00e1\u010dek<\/a>. <em>\u201eNADACE AGEL od lo\u0148sk\u00e9ho roku podporuje Arno\u0161tovu sportovn\u00ed p\u0159\u00edpravu, a tak jsem r\u00e1di, \u017ee se p\u0159edstav\u00ed na speci\u00e1ln\u00edm kole na trati z&nbsp;T\u0159ince do T\u011b\u0161\u00edna. Jeho kamar\u00e1dsk\u00fd souboj s&nbsp;Luk\u00e1\u0161em Krp\u00e1lkem bude jedn\u00edm z&nbsp;vrchol\u016f nadch\u00e1zej\u00edc\u00ed akce,\u201c<\/em> <strong>uvedla \u0159editelka NADACE AGEL Veronika Dost\u00e1lov\u00e1.<\/strong><\/p>\n\n\n\n<p><strong>Poh\u00e1r v&nbsp;c\u00edli, Ocel\u00e1\u0159i na trati<\/strong><\/p>\n\n\n\n<p><a>Stejn\u011b jako vloni bude pokra\u010dovat spolupr\u00e1ce s&nbsp;mistrovsk\u00fdm celkem HC Ocel\u00e1\u0159i T\u0159inec, kte\u0159\u00ed v&nbsp;c\u00edli v&nbsp;parku Adama Sikory v&nbsp;\u010cesk\u00e9m T\u011b\u0161\u00edn\u011b vystav\u00ed poh\u00e1r pro v\u00edt\u011bze Extraligy, hr\u00e1\u010di v\u00edt\u011bzn\u00e9ho celku p\u0159iprav\u00ed autogrami\u00e1du a n\u011bkte\u0159\u00ed se letos poprv\u00e9 postav\u00ed i na start. <\/a>\u201e<em>Ji\u017e vloni jsme se hecovali, kdy\u017e jsem b\u011b\u017eel jenom j\u00e1 a pak je potkal v&nbsp;c\u00edli. \u0158\u00edkal jsem, \u017ee si s&nbsp;nimi r\u00e1d zatr\u00e9nuji na led\u011b, kdy\u017e letos n\u011bkdo pob\u011b\u017e\u00ed, co\u017e st\u00e1le plat\u00ed. Hokejku m\u00e1m p\u0159ipravenou. A kdy\u017e jsem v&nbsp;dubnu vid\u011bl, jak Zdeno Ch\u00e1ra ned\u00e1vnou ub\u011bhl v&nbsp;Bostonu cel\u00fd maraton hluboko pod \u010dty\u0159i hodiny, tak jsem jim vzk\u00e1zal, \u017ee u\u017e \u017e\u00e1dn\u00e1 v\u00fdmluva pro 8kilometrov\u00fd b\u011bh neexistuje,\u201c<\/em><strong>sm\u00e1l se Luk\u00e1\u0161 Krp\u00e1lek<\/strong>.<\/p>\n\n\n\n<figure class=\"wp-block-image size-large is-resized\"><img loading=\"lazy\" decoding=\"async\" src=\"https:\/\/www.invarena.cz\/wp-content\/uploads\/Lukas-Krpalek-na-behu-Tesinska-osmicka-470x243.jpg\" alt=\"\" class=\"wp-image-39540\" width=\"559\" height=\"289\" srcset=\"https:\/\/www.invarena.cz\/wp-content\/uploads\/Lukas-Krpalek-na-behu-Tesinska-osmicka-470x243.jpg 470w, https:\/\/www.invarena.cz\/wp-content\/uploads\/Lukas-Krpalek-na-behu-Tesinska-osmicka-250x129.jpg 250w, https:\/\/www.invarena.cz\/wp-content\/uploads\/Lukas-Krpalek-na-behu-Tesinska-osmicka-130x67.jpg 130w, https:\/\/www.invarena.cz\/wp-content\/uploads\/Lukas-Krpalek-na-behu-Tesinska-osmicka-768x398.jpg 768w, https:\/\/www.invarena.cz\/wp-content\/uploads\/Lukas-Krpalek-na-behu-Tesinska-osmicka-1536x795.jpg 1536w, https:\/\/www.invarena.cz\/wp-content\/uploads\/Lukas-Krpalek-na-behu-Tesinska-osmicka-2048x1060.jpg 2048w\" sizes=\"auto, (max-width: 559px) 100vw, 559px\" \/><figcaption class=\"wp-element-caption\">Luk\u00e1\u0161 Krp\u00e1lek na b\u011bhu T\u011b\u0161\u00ednsk\u00e1 osmi\u010dka<\/figcaption><\/figure>\n\n\n\n<p><strong>B\u011bh pro d\u011bti v&nbsp;c\u00edli a dopl\u0148kov\u00fd program<\/strong><\/p>\n\n\n\n<p>Novinkou p\u00e1t\u00e9ho ro\u010dn\u00edku je nesout\u011b\u017en\u00ed b\u011bh pro d\u011bti, kter\u00e9 by je\u0161t\u011b nezvl\u00e1dly celou tra\u0165 hlavn\u00edho z\u00e1vodu. V parku Adama Sikory v \u010cesk\u00e9m T\u011b\u0161\u00edn\u011b pro n\u011b budou p\u0159ipraveny nesout\u011b\u017en\u00ed b\u011bhy a medaile pro ka\u017ed\u00e9ho \u00fa\u010dastn\u00edka. <em>\u201eCht\u011bli jsme p\u0159ipravit z\u00e1vody i pro d\u011bti, kter\u00e9 doprov\u00e1zely z\u00e1vod\u00edc\u00ed rodi\u010de, a jen na n\u011b \u010dekaly v c\u00edli, a\u017e dob\u011bhnou. P\u0159itom okruhy v t\u011b\u0161\u00ednsk\u00e9m parku p\u0159ipom\u00ednaj\u00ed atletick\u00fd stadion, tak toho vyu\u017eijeme a d\u00e1me mo\u017enost z\u00e1vodit v\u0161em, kte\u0159\u00ed ujdou alespo\u0148 50 metr\u016f. Medaile budou pochopiteln\u011b i letos p\u0159ipraveny pro v\u0161echny \u00fa\u010dastn\u00edky hlavn\u00edho z\u00e1vodu,\u201c <\/em><strong>doplnila \u0159editelka nadace i z\u00e1vodu Bc. Veronika Dost\u00e1lov\u00e1. <\/strong>Registrace d\u011bt\u00ed p\u0159edem nen\u00ed nutn\u00e1, sta\u010d\u00ed p\u0159ij\u00edt v&nbsp;ned\u011bli 11. \u010dervna ve sportovn\u00edm do parku Adama Sikory v&nbsp;\u010cesk\u00e9m T\u011b\u0161\u00edne.<\/p>\n\n\n\n<p>Doprovodn\u00fd program v&nbsp;c\u00edli nab\u00eddne tak\u00e9 nab\u00eddku bezplatn\u00fdch vy\u0161et\u0159en\u00ed \u2013 m\u011b\u0159en\u00ed tlaku, pulsu, saturace, ale tak\u00e9 n\u00e1cvik spr\u00e1vn\u00e9ho samovy\u0161et\u0159en\u00ed prsou pro prevenci rakoviny. Lid\u00e9 si budou moci vyzkou\u0161et resuscitaci a pro d\u011bti bude p\u0159ipravena tak\u00e9 \u0159ada interaktivn\u00edch \u00fakol\u016f.<\/p>\n\n\n\n<p><strong>Komu poputuje v\u00fdt\u011b\u017eek z&nbsp;b\u011bhu T\u011b\u0161\u00ednsk\u00e1 osmi\u010dka letos<\/strong><\/p>\n\n\n\n<p>Registrace dosp\u011bl\u00fdch je otev\u0159ena na str\u00e1nk\u00e1ch z\u00e1vodu: beh.agel.cz, kdy\u017e <strong><mark style=\"background-color:rgba(0, 0, 0, 0)\" class=\"has-inline-color has-white-color\"><em>p\u0159ihl\u00e1\u0161en\u00ed do 20. kv\u011btna zaplat\u00ed 400 korun<\/em><\/mark> <\/strong>a maj\u00ed u prezentace garantovan\u00e9 i funk\u010dn\u00ed \u00fa\u010dastnick\u00e9 triko. <em>\u201eDohromady jsme ji\u017e od roku 2017, kdy se T\u011b\u0161\u00ednsk\u00e1 osmi\u010dka konala poprv\u00e9, z\u00edskali 269 900 korun. Z v\u00fdt\u011b\u017eku jsme v jednotliv\u00fdch letech podpo\u0159ili jednak 21let\u00e9ho reprezentanta \u010cesk\u00e9 republiky v boccie, kter\u00fd trp\u00ed od narozen\u00ed d\u011btskou mozkovou obrnou. Dva ro\u010dn\u00edky po sob\u011b jsme obdarovali \u010deskot\u011b\u0161\u00ednsk\u00e9 st\u0159edisko L\u00fddie, kter\u00e9 poskytuje soci\u00e1ln\u011b aktiviza\u010dn\u00ed slu\u017eby d\u011btem a mlad\u00fdm dosp\u011bl\u00fdm se zdravotn\u00edm posti\u017een\u00edm a v lo\u0148sk\u00e9m roce jsme v\u011bnovali p\u0159\u00edsp\u011bvek na rehabilitace t\u0159em mal\u00fdm hol\u010di\u010dk\u00e1m se zdravotn\u00edm znev\u00fdhodn\u011bn\u00edm,\u201c<\/em> <strong>uvedla \u0159editelka NADACE AGEL Bc. Veronika Dost\u00e1lov\u00e1<\/strong>.<\/p>\n\n\n\n<p><strong>Karol\u00edna, 15 let<\/strong><\/p>\n\n\n\n<p>Karol\u00edna vyr\u016fst\u00e1 se sv\u00fdm bratrem v p\u00e9\u010di prarodi\u010d\u016f. Jej\u00ed z\u00e1kladn\u00ed onemocn\u011bn\u00ed je svalov\u00e1 dystrofie. S t\u00edmto souvis\u00ed tak\u00e9 dal\u0161\u00ed zdravotn\u00ed probl\u00e9my. K\u00e1ja je sledov\u00e1na na neurologii, ortopedii, kardiologii a plicn\u00edm odd\u011blen\u00ed. P\u0159edev\u0161\u00edm mus\u00ed pravideln\u011b a intenzivn\u011b rehabilitovat. Nov\u011b absolvuje t\u00e9\u017e kardioplicn\u00ed rehabilitaci, kv\u016fli zhor\u0161en\u00e9mu d\u00fdch\u00e1n\u00ed. V tuto chv\u00edli je Karol\u00edna po velk\u00e9 operaci stehenn\u00ed kosti kv\u016fli korekci sedu. Nyn\u00ed se zotavuje v l\u00e1zn\u00edch v Klimkovic\u00edch. P\u0159es t\u011b\u017ek\u00e9 onemocn\u011bn\u00ed je st\u00e1le pozitivn\u011b nalad\u011bna. Miluje tanec. V roce 2019 se \u00fasp\u011b\u0161n\u011b se svou tane\u010dn\u00ed kamar\u00e1dkou \u00fa\u010dastnila sout\u011b\u017ee \u010ceskoslovensko m\u00e1 talent. \u00da\u010dastnily se mnoha dal\u0161\u00edch tane\u010dn\u00edch i mezin\u00e1rodn\u00edch sout\u011b\u017e\u00ed. Na ZU\u0160 studuje hru na zobcovou fl\u00e9tnu a elektronick\u00e9 varhany. P\u0159i ZU\u0160 se t\u00e9\u017e v\u011bnuje v\u00fdtvarn\u00e9 tvorb\u011b. K\u00e1ja je nyn\u00ed v 9.t\u0159\u00edd\u011b a po pr\u00e1zdnin\u00e1ch bude studovat v Jedli\u010dkov\u011b \u00fastavu v Praze. Pobyt v J\u00daS je finan\u010dn\u011b velmi n\u00e1kladn\u00fd, ale prarodi\u010de v\u011b\u0159\u00ed, \u017ee Karol\u00edna tam bude \u0161\u0165astn\u00e1 a uplatn\u00ed sv\u00e9 nad\u00e1n\u00ed. V\u00fdt\u011b\u017eek z b\u011bhu bude pou\u017eit na \u00fahradu elektrick\u00e9ho voz\u00edku, kter\u00fd nen\u00ed zcela hrazen zdravotn\u00ed poji\u0161\u0165ovnou.<\/p>\n\n\n\n<figure class=\"wp-block-image size-large\"><img loading=\"lazy\" decoding=\"async\" width=\"383\" height=\"260\" src=\"https:\/\/www.invarena.cz\/wp-content\/uploads\/Vytezek-z-letosni-Tesinske-osmicky-poputuje-take-na-podporu-15lete-Karoliny-383x260.jpg\" alt=\"\" class=\"wp-image-39541\" srcset=\"https:\/\/www.invarena.cz\/wp-content\/uploads\/Vytezek-z-letosni-Tesinske-osmicky-poputuje-take-na-podporu-15lete-Karoliny-383x260.jpg 383w, https:\/\/www.invarena.cz\/wp-content\/uploads\/Vytezek-z-letosni-Tesinske-osmicky-poputuje-take-na-podporu-15lete-Karoliny-250x170.jpg 250w, https:\/\/www.invarena.cz\/wp-content\/uploads\/Vytezek-z-letosni-Tesinske-osmicky-poputuje-take-na-podporu-15lete-Karoliny-122x83.jpg 122w, https:\/\/www.invarena.cz\/wp-content\/uploads\/Vytezek-z-letosni-Tesinske-osmicky-poputuje-take-na-podporu-15lete-Karoliny-768x521.jpg 768w, https:\/\/www.invarena.cz\/wp-content\/uploads\/Vytezek-z-letosni-Tesinske-osmicky-poputuje-take-na-podporu-15lete-Karoliny.jpg 1212w\" sizes=\"auto, (max-width: 383px) 100vw, 383px\" \/><figcaption class=\"wp-element-caption\">V\u00fdt\u011b\u017eek z leto\u0161n\u00ed T\u011b\u0161\u00ednsk\u00e9 osmi\u010dky poputuje tak\u00e9 na podporu 15let\u00e9 Karoliny<\/figcaption><\/figure>\n\n\n\n<p><strong>Patrik, 13 let<\/strong><\/p>\n\n\n\n<p>Patrikovi byl v jednom roce v\u011bku diagnostikov\u00e1n vz\u00e1cn\u00fd Costello syndrom. M\u00e1 za sebou mnoho zdravotn\u00edch komplikac\u00ed a tr\u00e1pen\u00ed (rakovinu mo\u010dov\u00e9ho m\u011bch\u00fd\u0159e, oboustrann\u00e9 ureterostomie, operaci srdce, 6 ortopedick\u00fdch operac\u00ed a mnoho dal\u0161\u00edch, kv\u016fli kter\u00fdm bere n\u011bkolikr\u00e1t denn\u011b spousty l\u00e9k\u016f). Ve sv\u00e9m v\u011bku nemluv\u00ed a nechod\u00ed, zvl\u00e1dne se pohybovat pouze po \u010dty\u0159ech a kr\u00e1tkou ch\u016fzi zvl\u00e1dne jen s dopomoc\u00ed druh\u00e9 osoby anebo chod\u00edtka. Velmi mu v\u0161ak pom\u00e1haj\u00ed pravideln\u00e9 rehabilitace, d\u00edky kter\u00fdm se po mal\u00fdch kr\u016f\u010dc\u00edch dost\u00e1v\u00e1 d\u00e1l. V\u00fdt\u011b\u017eek z charitativn\u00edho b\u011bhu T\u011b\u0161\u00ednsk\u00e1 osmi\u010dka NADACE AGEL by rodina pou\u017eila na \u00fahradu dal\u0161\u00edch rehabilitac\u00ed v Neurorehabilita\u010dn\u00edm st\u0159edisku ARCADA Ostrava. Tyto zat\u00edm nejsou hrazeny z ve\u0159ejn\u00e9ho zdravotn\u00edhopoji\u0161t\u011bn\u00ed.<\/p>\n","protected":false},"excerpt":{"rendered":"<div class=\"mh-excerpt\"><p>NADACE AGEL o\u010dek\u00e1v\u00e1 za m\u011bs\u00edc \u00fa\u010dastnick\u00fd rekord: na startu i Ocel\u00e1\u0159i, Krp\u00e1lek a Petr\u00e1\u010dek. Za m\u011bs\u00edc, v&nbsp;ned\u011bli 11. \u010dervna dopoledne, startuje u nemocnice AGEL v&nbsp;T\u0159inci <a class=\"mh-excerpt-more\" href=\"https:\/\/www.invarena.cz\/?p=39526\" title=\"Charitativn\u00ed b\u011bh T\u011b\u0161\u00ednsk\u00e1 osmi\u010dka bude v\u00a0ned\u011bli 11. \u010dervna\">[&#8230;]<\/a><\/p>\n<\/div>","protected":false},"author":1,"featured_media":39537,"comment_status":"open","ping_status":"closed","sticky":false,"template":"","format":"standard","meta":{"footnotes":""},"categories":[7],"tags":[],"class_list":["post-39526","post","type-post","status-publish","format-standard","has-post-thumbnail","hentry","category-spolecnost"],"_links":{"self":[{"href":"https:\/\/www.invarena.cz\/index.php?rest_route=\/wp\/v2\/posts\/39526","targetHints":{"allow":["GET"]}}],"collection":[{"href":"https:\/\/www.invarena.cz\/index.php?rest_route=\/wp\/v2\/posts"}],"about":[{"href":"https:\/\/www.invarena.cz\/index.php?rest_route=\/wp\/v2\/types\/post"}],"author":[{"embeddable":true,"href":"https:\/\/www.invarena.cz\/index.php?rest_route=\/wp\/v2\/users\/1"}],"replies":[{"embeddable":true,"href":"https:\/\/www.invarena.cz\/index.php?rest_route=%2Fwp%2Fv2%2Fcomments&post=39526"}],"version-history":[{"count":0,"href":"https:\/\/www.invarena.cz\/index.php?rest_route=\/wp\/v2\/posts\/39526\/revisions"}],"wp:featuredmedia":[{"embeddable":true,"href":"https:\/\/www.invarena.cz\/index.php?rest_route=\/wp\/v2\/media\/39537"}],"wp:attachment":[{"href":"https:\/\/www.invarena.cz\/index.php?rest_route=%2Fwp%2Fv2%2Fmedia&parent=39526"}],"wp:term":[{"taxonomy":"category","embeddable":true,"href":"https:\/\/www.invarena.cz\/index.php?rest_route=%2Fwp%2Fv2%2Fcategories&post=39526"},{"taxonomy":"post_tag","embeddable":true,"href":"https:\/\/www.invarena.cz\/index.php?rest_route=%2Fwp%2Fv2%2Ftags&post=39526"}],"curies":[{"name":"wp","href":"https:\/\/api.w.org\/{rel}","templated":true}]}}