{"id":39551,"date":"2023-05-12T20:41:47","date_gmt":"2023-05-12T18:41:47","guid":{"rendered":"https:\/\/www.invarena.cz\/?p=39551"},"modified":"2023-05-12T20:41:48","modified_gmt":"2023-05-12T18:41:48","slug":"tyflocentrum-pod-jednou-strechou-chatrajici-dum-nahradila-moderni-stavba","status":"publish","type":"post","link":"https:\/\/www.invarena.cz\/?p=39551","title":{"rendered":"TyfloCentrum pod jednou st\u0159echou. Ch\u00e1traj\u00edc\u00ed d\u016fm nahradila modern\u00ed stavba"},"content":{"rendered":"\n<p>Novou modern\u00ed p\u011btipodla\u017en\u00ed budovu pro poskytov\u00e1n\u00ed slu\u017eeb nevidom\u00fdm a slabozrak\u00fdm osob\u00e1m se poda\u0159ilo za pomoci dotace EU postavit v Chaloupkov\u011b ulici v Brn\u011b \u2013 Kr\u00e1lov\u011b Poli. \u201eJe to spln\u011bn\u00fd sen,\u201c \u0159\u00edk\u00e1 o budov\u011b Hana Buben\u00ed\u010dkov\u00e1, \u0159editelka spole\u010dnosti TyfloCentrum Brno, kter\u00e9 d\u016fm pat\u0159\u00ed.<\/p>\n\n\n\n<p>\u201eD\u016fm slu\u017eeb pro nevidom\u00e9 Josefa Chaloupky\u201c je doslovn\u00fd p\u0159eklad n\u00e1pisu v Braillov\u011b p\u00edsmu na fas\u00e1d\u011b novostavby stoj\u00edc\u00ed v m\u00edst\u011b d\u0159\u00edv\u011bj\u0161\u00edho domu brn\u011bnsk\u00e9ho b\u00e1sn\u00edka Josefa Chaloupky. Ten kdysi vyslovil p\u0159\u00e1n\u00ed, aby jeho d\u016fm byl v\u011bnov\u00e1n nevidom\u00fdm, co\u017e se v roce 1937 splnilo. Nejprve zde vznikla ubytovna a d\u00edlny pro nevidom\u00e9. D\u016fm pozd\u011bji m\u011bnil vlastn\u00edky, nevidom\u00fdm op\u011bt slou\u017eil a\u017e od roku 1990. V roce 2005 p\u0159e\u0161el do majetku obecn\u011b prosp\u011b\u0161n\u00e9 spole\u010dnosti TyfloCentrum Brno, kterou zalo\u017eila Sjednocen\u00e1 organizace nevidom\u00fdch a slabozrak\u00fdch (SONS).<\/p>\n\n\n\n<p>Na rekonstrukci nezb\u00fdvalo pen\u011bz. \u201eStar\u00e1 bari\u00e9rov\u00e1 budova byla v technicky naprosto nevyhovuj\u00edc\u00edm stavu. P\u0159esto jsme v n\u00ed vydr\u017eeli, ne\u017e se propadla kanalizace pod domem a my museli v roce 2011 d\u016fm skute\u010dn\u011b opustit,\u201c vzpom\u00edn\u00e1 \u0159editelka TyfloCentra Brno Hana Buben\u00ed\u010dkov\u00e1. V \u010dele brn\u011bnsk\u00e9ho TyfloCentra stoj\u00ed u\u017e t\u0159iadvacet let. V hlav\u011b ji tehdy tr\u00e1pila ot\u00e1zka, co s domem bude d\u00e1l. Slu\u017eby mezit\u00edm p\u0159em\u00edstili do pronajat\u00fdch prostor v t\u00e9\u017ee ulici a d\u00edlnu o 600 metr\u016f d\u00e1le. \u201eRozhodovali jsme se vyu\u017e\u00edt toho, \u017ee \u010cesk\u00e1 republika je \u010dlenem Evropsk\u00e9 unie, a po\u017e\u00e1dat o pen\u00edze z fond\u016f EU, d\u016fm zbo\u0159it a postavit n\u011bco zcela nov\u00e9ho,\u201c l\u00ed\u010dila.<\/p>\n\n\n\n<p>V roce 2017 se brn\u011bnsk\u00e9mu TyfloCentru poda\u0159ilo z\u00edskat dotaci z fond\u016f EU ve v\u00fd\u0161i 38 milion\u016f korun na v\u00fdstavbu nov\u00e9ho domu. Bylo rozhodnuto. Star\u00e1 budova po b\u00e1sn\u00edkovi \u0161la k zemi. Na jej\u00edm m\u00edst\u011b v letech 2019\u20132020 vyrostla modern\u00ed p\u011btipodla\u017en\u00ed stavba. Zde nyn\u00ed TyfloCentrum Brno poskytuje nevidom\u00fdm a slabozrak\u00fdm \u0161irok\u00e9 spektrum slu\u017eeb v prostor\u00e1ch vyhovuj\u00edc\u00edch pot\u0159eb\u00e1m modern\u00ed doby.<\/p>\n\n\n\n<p>Nov\u00e9 prostory a modern\u00ed technika<\/p>\n\n\n\n<p>Zvl\u00e1\u0161t\u011b nevidom\u00ed p\u0159\u00edchoz\u00ed n\u00e1v\u0161t\u011bvn\u00edci b\u00fdvaj\u00ed p\u0159\u00edjemn\u011b p\u0159ekvapeni u\u017e u vstupu do domu, nebo\u0165 je vybaven hlasov\u00fdm maj\u00e1\u010dkem pro navigaci, vodic\u00edmi liniemi a kontrastn\u00edmi prvky. Za prosklen\u00fdmi vchodov\u00fdmi dve\u0159mi je recepce. Naproti n\u00ed je prodejna s v\u00fdrobky zdej\u0161\u00ed d\u00edlny HapAteli\u00e9r, kter\u00e1 je um\u00edst\u011bna v zadn\u00edm traktu p\u0159\u00edzem\u00ed. Ned\u00e1vno v prodejn\u011b roz\u0161\u00ed\u0159ili sortiment tak\u00e9 o kompenza\u010dn\u00ed pom\u016fcky pro nevidom\u00e9. Suter\u00e9n obsadilo technick\u00e9 z\u00e1zem\u00ed a prostor pro z\u00e1\u017eitkov\u00e9 aktivity ve tm\u011b. Ve vy\u0161\u0161\u00edch patrech jsou pracovny, u\u010debny, klubovny, cvi\u010dn\u00e1 kuchyn\u011b pro klienty a soci\u00e1ln\u00ed z\u00e1zem\u00ed.<\/p>\n\n\n\n<p>Slu\u017eeb brn\u011bnsk\u00e9ho TyfloCentra v nov\u00e9 budov\u011b b\u011bhem roku vyu\u017eije na 600 nevidom\u00fdch a slabozrak\u00fdch klient\u016f. \u201ePoprv\u00e9 k n\u00e1m p\u0159ich\u00e1zej\u00ed nevidom\u00ed a lid\u00e9 se zrakov\u00fdm posti\u017een\u00edm v\u011bt\u0161inou proto, aby se s n\u00e1mi poradili. Zji\u0161\u0165ujeme, co je tr\u00e1p\u00ed. Nap\u0159\u00edklad netu\u0161\u00ed, jak\u00e9 kompenza\u010dn\u00ed pom\u016fcky mohou vyu\u017e\u00edvat \u010di jak\u00fdm zp\u016fsobem by mohli tr\u00e1vit sv\u016fj voln\u00fd \u010das. Mnohdy ani nev\u011bd\u00ed, na jak\u00e9 soci\u00e1ln\u00ed d\u00e1vky maj\u00ed n\u00e1rok. Jde o pestr\u00e1 t\u00e9mata, kter\u00e1 s nimi rozeb\u00edr\u00e1me,\u201c popisuje \u0159editelka Buben\u00ed\u010dkov\u00e1.<\/p>\n\n\n\n<p>Klienti b\u00fdvaj\u00ed nad\u0161eni, jak\u00fdm zp\u016fsobem zde pracuj\u00ed s nejmodern\u011bj\u0161\u00ed technikou, kterou tu disponuj\u00ed. \u201ePr\u00e1v\u011b kompenza\u010dn\u00ed pom\u016fcky na b\u00e1zi techniky a po\u010d\u00edta\u010d\u016f uk\u00e1zaly, \u017ee je velmi d\u016fle\u017eit\u00e9, aby s nevidom\u00fdmi, kte\u0159\u00ed pot\u0159ebuj\u00ed s technikou poradit, hovo\u0159ili ji\u017e zku\u0161en\u00ed nevidom\u00ed. Proto na pozic\u00edch lektor\u016f a soci\u00e1ln\u00edch pracovn\u00edk\u016f zam\u011bstn\u00e1v\u00e1me zrakov\u011b posti\u017een\u00e9 osoby s vhodn\u00fdm vzd\u011bl\u00e1n\u00edm a kvalifikac\u00ed. Pr\u00e1ci s po\u010d\u00edta\u010dem u n\u00e1s u\u010d\u00ed nevidom\u00ed lekto\u0159i. Klientelou je to velmi oce\u0148ovan\u00e9 peer poradenstv\u00ed,\u201c m\u00edn\u00ed \u0159editelka.<\/p>\n\n\n\n<p>P\u0159esto\u017ee v\u011bt\u0161inu klientely tvo\u0159\u00ed lid\u00e9 nad pades\u00e1t let, d\u00edky nov\u00e9mu vybaven\u00ed a zku\u0161en\u00e9mu lektorsk\u00e9mu t\u00fdmu p\u0159ib\u00fdv\u00e1 i mlad\u0161\u00edch klient\u016f. \u201eMlad\u00e9 lidi hodn\u011b zaj\u00edmaj\u00ed na\u0161e kurzy ve cvi\u010dn\u00e9 kuchyni, p\u0159itahuj\u00ed je i ostatn\u00ed dovednostn\u00ed kurzy,\u201c hodnot\u00ed \u0159editelka. D\u016fraz zde kladou tak\u00e9 na oblast zapojen\u00ed klient\u016f do pracovn\u00edho procesu. \u201eNa\u0161e soci\u00e1ln\u011b-terapeutick\u00e1 d\u00edlna HapAteli\u00e9r pom\u00e1h\u00e1 lidem se zrakov\u00fdm posti\u017een\u00edm udr\u017eet a rozv\u00edjet pracovn\u00ed n\u00e1vyky a manu\u00e1ln\u00ed zru\u010dnost. Doch\u00e1z\u00ed do n\u00ed p\u0159es dvacet osob \u010dty\u0159ikr\u00e1t t\u00fddn\u011b v pravideln\u00fdch term\u00ednech. Vedle toho provozujeme i chr\u00e1n\u011bnou d\u00edlnu. V n\u00ed zam\u011bstn\u00e1v\u00e1me v sou\u010dasn\u00e9 dob\u011b \u0161est zrakov\u011b posti\u017een\u00fdch osob v oborech keramik, ko\u0161\u00edk\u00e1\u0159, karton\u00e1\u017en\u00edk,\u201c doplnil \u0159editelku jej\u00ed z\u00e1stupce Petr S\u00fdkora.<\/p>\n\n\n\n<p>Z nov\u00fdch prostor maj\u00ed v brn\u011bnsk\u00e9m TyfloCentru obrovskou radost. Vid\u00ed v nich potenci\u00e1l k dal\u0161\u00edmu rozvoji nab\u00edzen\u00fdch slu\u017eeb.<\/p>\n\n\n\n<p>Hana Buben\u00ed\u010dkov\u00e1: D\u00edky fond\u016fm EU maj\u00ed nevidom\u00ed a slabozrac\u00ed slu\u017eby pod jednou st\u0159echou<\/p>\n\n\n\n<p>Novostavbu Domu slu\u017eeb pro nevidom\u00e9 Josefa Chaloupky v Brn\u011b otev\u0159eli v roce 2020. Objekt pat\u0159\u00ed obecn\u011b prosp\u011b\u0161n\u00e9 spole\u010dnosti TyfloCentrum Brno, kter\u00e1 v n\u011bm provozuje sv\u00e9 slu\u017eby pro nevidom\u00e9 a slabozrak\u00e9. Na v\u00fdstavbu budovy se j\u00ed v roce 2017 poda\u0159ilo z\u00edskat \u0161t\u011bdrou dotaci z fond\u016f Evropsk\u00e9 unie. D\u016fm slu\u017eeb pro nevidom\u00e9 Josefa Chaloupky nab\u00edz\u00ed dostatek prostoru pro skupinovou i individu\u00e1ln\u00ed pr\u00e1ci s klienty t\u011b\u017ece zrakov\u011b posti\u017een\u00fdmi a slabozrak\u00fdmi. Zaj\u00edmavosti o nov\u00e9 budov\u011b nast\u00ednila \u0159editelka obecn\u011b prosp\u011b\u0161n\u00e9 spole\u010dnosti TyfloCentrum Brno Hana Buben\u00ed\u010dkov\u00e1.<\/p>\n\n\n\n<p>M\u016f\u017eete p\u0159ibl\u00ed\u017eit, kolik pen\u011bz v\u00fdstavba nov\u00e9ho Domu slu\u017eeb pro nevidom\u00e9 Josefa Chaloupky st\u00e1la?<\/p>\n\n\n\n<p>Cel\u00e1 stavba vy\u0161la na bezm\u00e1la 50 milion\u016f korun v\u010detn\u011b pot\u0159ebn\u00e9ho vybaven\u00ed domu, kter\u00e9 ji\u017e nebylo sou\u010d\u00e1st\u00ed projektu, ale k zah\u00e1jen\u00ed provozu bylo nutnou investic\u00ed. P\u0159es 38,2 milionu korun tvo\u0159ila evropsk\u00e1 dotace z Integrovan\u00e9ho region\u00e1ln\u00edho opera\u010dn\u00edho programu. T\u00e9m\u011b\u0159 4,5 milionu korun poskytl st\u00e1tn\u00ed rozpo\u010det, \u0161est milion\u016f ostatn\u00ed ve\u0159ejn\u00e9 zdroje (m\u011bsto Brno a Jihomoravsk\u00fd kraj), dal\u0161\u00edmi zdroji byly firemn\u00ed i soukrom\u00e9 dary. Na financov\u00e1n\u00ed stavby bylo nutn\u00e9 si vz\u00edt p\u016fj\u010dku u banky, kter\u00e1 byla pr\u016fb\u011b\u017en\u011b spl\u00e1cena poskytnut\u00fdmi \u010d\u00e1stmi dotace po ukon\u010den\u00ed jednotliv\u00fdch etap.<\/p>\n\n\n\n<p>S jak\u00fdmi probl\u00e9my jste se d\u0159\u00edve pot\u00fdkali p\u0159i poskytov\u00e1n\u00ed sv\u00fdch slu\u017eeb nevidom\u00fdm v pronajat\u00fdch prostor\u00e1ch, ne\u017e se v\u00e1m poda\u0159ilo z\u00edskat dotaci na v\u00fdstavbu nov\u00e9 budovy?<\/p>\n\n\n\n<p>\u0160lo o nedostatek vhodn\u00e9ho prostoru pro pr\u00e1ci s klienty. V d\u0159\u00edve pronajat\u00fdch prostor\u00e1ch byla polovina m\u00edstnost\u00ed pr\u016fchoz\u00edch, v\u011bt\u0161\u00ed klubovna byla jen jedin\u00e1. Nezanedbateln\u00fdm aspektem byl vysok\u00fd n\u00e1jem.<\/p>\n\n\n\n<p>V \u010dem je nov\u00e1 budova Domu pro nevidom\u00e9 jin\u00e1 oproti b\u011b\u017en\u00fdm stavb\u00e1m? Kter\u00e9 stavebn\u00ed a technick\u00e9 \u201evychyt\u00e1vky\u201c se v\u00e1m poda\u0159ilo v n\u00ed zrealizovat?<\/p>\n\n\n\n<p>Lid\u00e9 se zrakov\u00fdm posti\u017een\u00edm pot\u0159ebuj\u00ed jednoduch\u00fd, nep\u0159\u00edli\u0161 \u010dlenit\u00fd prostor. Chodby jsou vybaveny vodic\u00edmi li\u0161tami. Pro slabozrak\u00e9 jsme zajistili kontrastn\u00ed orienta\u010dn\u00ed prvky na st\u011bn\u00e1ch. Vstup do domu je osazen zvukov\u00fdm a hlasov\u00fdm maj\u00e1\u010dkem. Symbol Braillova p\u00edsma jsme krom\u011b n\u00e1pisu na fas\u00e1d\u011b domu vyu\u017eili i p\u0159i n\u00e1vrhu akustick\u00fdch panel\u016f ve v\u011bt\u0161\u00edch prostor\u00e1ch. Z dal\u0161\u00edch \u201evychyt\u00e1vek\u201c mohu zm\u00ednit nap\u0159\u00edklad pracovn\u00ed desku kuchy\u0148sk\u00e9 linky ve cvi\u010dn\u00e9 kuchyni \u2013 je vybavena zv\u00fd\u0161en\u00fdm okrajem, aby p\u0159\u00edpadn\u00e1 unikl\u00e1 tekutina nest\u00e9kala ihned po lince na zem.<\/p>\n\n\n\n<p>\u010c\u00e1st evropsk\u00e9 dotace se soust\u0159edila i na materi\u00e1ln\u011b technick\u00e9 zaji\u0161t\u011bn\u00ed. Co se d\u00edky tomu zlep\u0161ilo?<\/p>\n\n\n\n<p>Po\u0159\u00eddili jsme do poradny k\u0159esla pro seniory se zv\u00fd\u0161en\u00fdm sedem, nov\u00e9 vybaven\u00ed pro cvi\u010den\u00ed klient\u016f. D\u016fm je v ka\u017ed\u00e9m podla\u017e\u00ed vybaven kuchy\u0148kami pro ob\u010derstven\u00ed zam\u011bstnanc\u016f i klient\u016f. Nechyb\u00ed vybaven\u00ed novou telefonn\u00ed \u00fast\u0159ednou i novou IT technikou \u2013 m\u00e1me zde po\u010d\u00edta\u010de se speci\u00e1ln\u00edmi programy pro nevidom\u00e9 nebo slabozrak\u00e9 u\u017eivatele, braillsk\u00e9 \u0159\u00e1dky, kter\u00e9 zobrazuj\u00ed text z po\u010d\u00edta\u010de v Braillov\u011b p\u00edsmu.<\/p>\n\n\n\n<p>Co si v nov\u00e9 budov\u011b va\u0161i klienti a zam\u011bstnanci pochvaluj\u00ed nejv\u00edce?<\/p>\n\n\n\n<p>P\u0159edev\u0161\u00edm to, \u017ee maj\u00ed slu\u017eby pod jednou st\u0159echou. Pro aktivity m\u00e1me dobr\u00e9 z\u00e1zem\u00ed, pro d\u00edlnu nebo pro cvi\u010den\u00ed m\u00e1me \u0161atny. Klienti nemus\u00ed \u010dekat na term\u00edn, kdy se jim budeme v\u011bnovat. Na ka\u017ed\u00e9m podla\u017e\u00ed kolegov\u00e9 i klienti maj\u00ed z\u00e1zem\u00ed v podob\u011b kuchy\u0148ky, nen\u00ed probl\u00e9m p\u0159ipravit \u010daj, k\u00e1vu.<\/p>\n\n\n\n<p>Jak\u00e9 jsou dal\u0161\u00ed pl\u00e1ny TyfloCentra v Brn\u011b?<\/p>\n\n\n\n<p>Prob\u011bhla redefinice na\u0161ich slu\u017eeb, obn\u00e1\u0161\u00ed to provazov\u00e1n\u00ed v\u0161ech na\u0161ich \u010dinnost\u00ed a aktivit. V propojen\u00ed v\u0161ech slu\u017eeb (poradenstv\u00ed, aktivizace, soci\u00e1ln\u00ed rehabilitace a asisten\u010dn\u00ed slu\u017eby) l\u00e9pe m\u016f\u017eeme reagovat na aktu\u00e1ln\u00ed pot\u0159eby klient\u016f. U\u017e si je nemus\u00edme p\u0159ed\u00e1vat mezi slu\u017ebami a vymezen\u00fdmi \u010dinnostmi. Douf\u00e1me, \u017ee se n\u00e1m poda\u0159\u00ed rozvinout peer podporu na\u0161im klient\u016fm, nebo\u0165 zam\u011bstn\u00e1v\u00e1me kolegy p\u0159\u00edmo z dan\u00e9 c\u00edlov\u00e9 skupiny. Nap\u0159\u00edklad v oblasti obsluhy IT technologi\u00ed peer podpora funguje \u0159adu let. Obsluhu PC a chytr\u00fdch telefon\u016f u n\u00e1s u\u010d\u00ed nevidom\u00ed lekto\u0159i ji\u017e p\u0159es 20 rok\u016f.<\/p>\n\n\n\n<p>Eva B\u00e1rt\u00edkov\u00e1<\/p>\n\n\n\n<p>Den\u00edk.cz<\/p>\n\n\n\n<p><a href=\"https:\/\/www.denik.cz\/\" target=\"_blank\" rel=\"noreferrer noopener\">https:\/\/www.denik.cz\/<\/a><\/p>\n","protected":false},"excerpt":{"rendered":"<div class=\"mh-excerpt\"><p>Novou modern\u00ed p\u011btipodla\u017en\u00ed budovu pro poskytov\u00e1n\u00ed slu\u017eeb nevidom\u00fdm a slabozrak\u00fdm osob\u00e1m se poda\u0159ilo za pomoci dotace EU postavit v Chaloupkov\u011b ulici v Brn\u011b \u2013 Kr\u00e1lov\u011b <a class=\"mh-excerpt-more\" href=\"https:\/\/www.invarena.cz\/?p=39551\" title=\"TyfloCentrum pod jednou st\u0159echou. Ch\u00e1traj\u00edc\u00ed d\u016fm nahradila modern\u00ed stavba\">[&#8230;]<\/a><\/p>\n<\/div>","protected":false},"author":1,"featured_media":21013,"comment_status":"open","ping_status":"closed","sticky":false,"template":"","format":"standard","meta":{"footnotes":""},"categories":[9],"tags":[],"class_list":["post-39551","post","type-post","status-publish","format-standard","has-post-thumbnail","hentry","category-zpravy"],"_links":{"self":[{"href":"https:\/\/www.invarena.cz\/index.php?rest_route=\/wp\/v2\/posts\/39551","targetHints":{"allow":["GET"]}}],"collection":[{"href":"https:\/\/www.invarena.cz\/index.php?rest_route=\/wp\/v2\/posts"}],"about":[{"href":"https:\/\/www.invarena.cz\/index.php?rest_route=\/wp\/v2\/types\/post"}],"author":[{"embeddable":true,"href":"https:\/\/www.invarena.cz\/index.php?rest_route=\/wp\/v2\/users\/1"}],"replies":[{"embeddable":true,"href":"https:\/\/www.invarena.cz\/index.php?rest_route=%2Fwp%2Fv2%2Fcomments&post=39551"}],"version-history":[{"count":0,"href":"https:\/\/www.invarena.cz\/index.php?rest_route=\/wp\/v2\/posts\/39551\/revisions"}],"wp:featuredmedia":[{"embeddable":true,"href":"https:\/\/www.invarena.cz\/index.php?rest_route=\/wp\/v2\/media\/21013"}],"wp:attachment":[{"href":"https:\/\/www.invarena.cz\/index.php?rest_route=%2Fwp%2Fv2%2Fmedia&parent=39551"}],"wp:term":[{"taxonomy":"category","embeddable":true,"href":"https:\/\/www.invarena.cz\/index.php?rest_route=%2Fwp%2Fv2%2Fcategories&post=39551"},{"taxonomy":"post_tag","embeddable":true,"href":"https:\/\/www.invarena.cz\/index.php?rest_route=%2Fwp%2Fv2%2Ftags&post=39551"}],"curies":[{"name":"wp","href":"https:\/\/api.w.org\/{rel}","templated":true}]}}