{"id":39604,"date":"2023-05-15T15:33:33","date_gmt":"2023-05-15T13:33:33","guid":{"rendered":"https:\/\/www.invarena.cz\/?p=39604"},"modified":"2023-05-16T15:29:57","modified_gmt":"2023-05-16T13:29:57","slug":"zlata-medailistka-peskova-na-kurtu-nejsem-za-adamovu-maminku-ale-asistentku","status":"publish","type":"post","link":"https:\/\/www.invarena.cz\/?p=39604","title":{"rendered":"Zlat\u00e1 medailistka Pe\u0161kov\u00e1: Na kurtu nejsem za Adamovu maminku, ale asistentku"},"content":{"rendered":"\n<p><em>ilustra\u010dn\u00ed foto<\/em><\/p>\n\n\n\n<p>\u0160est z\u00e1pas\u016f. A&nbsp;na konci ve fin\u00e1le cinklo zlato. Adam Pe\u0161ka s&nbsp;maminkou Ivanou Pe\u0161kovou vybojovali na Sv\u011btov\u00e9m poh\u00e1ru v&nbsp;boccie v&nbsp;Montrealu na konci dubna dal\u0161\u00ed v\u00edt\u011bzstv\u00ed. A&nbsp;p\u0159ibl\u00ed\u017eili se tak k&nbsp;paralympi\u00e1d\u011b, kter\u00e1 se kon\u00e1 v&nbsp;roce 2024&nbsp;v&nbsp;Pa\u0159\u00ed\u017ei.<\/p>\n\n\n\n<p>Zat\u00edmco v&nbsp;nich je\u0161t\u011b dozn\u00edvaly v\u00edt\u011bzn\u00e9 pocity, zp\u00e1te\u010dn\u00ed cestu poznamenalo chlapcovo zran\u011bn\u00ed. \u201eV&nbsp;letadle, p\u0159esto\u017ee Adam sed\u011bl vep\u0159edu, bylo m\u00e1lo prostoru. P\u0159i p\u0159end\u00e1v\u00e1n\u00ed na sedadlo zavadil levou nohou o&nbsp;p\u0159ek\u00e1\u017eku p\u0159ed sebou a je z&nbsp;toho v\u00fdron. Ledujeme, ma\u017eeme masti\u010dky, pod\u00e1v\u00e1me injekce proti sr\u00e1\u017een\u00ed krve,\u201c popisuje Ivana Pe\u0161kov\u00e1.<\/p>\n\n\n\n<p>\u201eA&nbsp;aby toho nebylo m\u00e1lo, potr\u00e1pila m\u011b st\u0159evn\u00ed ch\u0159ipka,\u201c dopl\u0148uje Adam, kter\u00fd je v\u0161ak my\u0161lenkami je\u0161t\u011b v&nbsp;Montrealu. \u201eBylo tam kr\u00e1sn\u011b, nakonec&nbsp;kolem&nbsp;osmn\u00e1cti stup\u0148\u016f. Z&nbsp;hotelu&nbsp;jsme to m\u011bli do haly p\u016fl kilometru, tak jsme chodili p\u011b\u0161ky,\u201c vypr\u00e1v\u00ed.<\/p>\n\n\n\n<p>T\u0159ikr\u00e1t, kdy\u017e se zkazilo po\u010das\u00ed, jeli Pe\u0161kovi autobusy. \u201eAle jak\u00fdmi!\u201c vzpom\u00edn\u00e1 Ivana: \u201eHezk\u00fdmi mal\u00fdmi bezbari\u00e9rov\u00fdmi autobusy, kter\u00e9 jsou pro voz\u00ed\u010dk\u00e1\u0159e velmi bezpe\u010dn\u00e9. Dbaj\u00ed tam na spr\u00e1vn\u00e9 uchycen\u00ed voz\u00edk\u016f, to se jen tak nevid\u00ed. Opravdu par\u00e1da.\u201c<\/p>\n\n\n\n<p>P\u0159inejhor\u0161\u00edm druh\u00fd<\/p>\n\n\n\n<p>Ka\u017ed\u00fd z\u00e1pas v&nbsp;boccie je pro Adama v\u00fdjime\u010dn\u00fd. A&nbsp;na ka\u017ed\u00fd se poctiv\u011b p\u0159ipravuje. Fin\u00e1le tak pro n\u011bho oproti jin\u00fdm z\u00e1pas\u016fm neznamen\u00e1 v\u011bt\u0161\u00ed nervy. \u201eV\u00edm, \u017ee budu p\u0159inejhor\u0161\u00edm druh\u00fd,\u201c sm\u011bje se Adam, kter\u00fd m\u00e1 na ka\u017ed\u00e9m turnaji talismany. Na jenom z&nbsp;nejstar\u0161\u00edch, kter\u00fd m\u00e1 od strejdy Milana, stoj\u00ed \u201a\u017d\u00edt sv\u016fj sen\u2018.<\/p>\n\n\n\n<p>\u201eAle t\u00edm nejstar\u0161\u00edm, u\u017e ani nev\u00edm, od koho byl, je \u010dty\u0159l\u00edstek pro \u0161t\u011bst\u00ed a and\u011bl. Oba m\u011bl Adam na operaci p\u00e1te\u0159e p\u0159ed dvan\u00e1cti lety,\u201c \u0159\u00edk\u00e1 Ivana.<\/p>\n\n\n\n<p>Sv\u011btov\u00fd poh\u00e1r se silnou konkurenc\u00ed<\/p>\n\n\n\n<p>Konkurence v&nbsp;Montrealu byla obrovsk\u00e1. \u201eSv\u011btov\u00fd poh\u00e1r? Tam u\u017e lehk\u00fd soupe\u0159 neexistuje,\u201c vysv\u011btluje Ivana, kter\u00e1 na kurtu nen\u00ed za Adamovu maminku. \u201eJsem tam za asistentku. Za ty roky jsem se nau\u010dila odd\u011blovat tyto dv\u011b role. Kdybych tam byla za maminku, asi jsem s&nbsp;nervy v&nbsp;konc\u00edch,\u201c dod\u00e1v\u00e1.<\/p>\n\n\n\n<p>Sledovat soupe\u0159e, zjistit, na co je kdo dobr\u00fd. To pat\u0159\u00ed k&nbsp;hern\u00ed p\u0159\u00edprav\u011b Adama Pe\u0161ky a jeho maminky Ivany. \u201eU\u017e v\u00edme, kdo jak pod\u00e1v\u00e1. T\u0159eba obecn\u011b Asiat\u00e9 um\u00ed hr\u00e1t fantasticky nabl\u00edzko,\u201c p\u0159ipom\u00edn\u00e1 Adam.<\/p>\n\n\n\n<p>Raduje se uvnit\u0159<\/p>\n\n\n\n<p>Na z\u00e1pasech boccii jsou \u010dasto velmi vypjat\u00e9 emoce. \u201eN\u011bkdo k\u0159i\u010d\u00ed, jin\u00fd to pro\u017e\u00edv\u00e1 uvnit\u0159. To je p\u0159esn\u011b Adam\u016fv p\u0159\u00edpad. M\u00e1 Duchennovu svalovou dystrofii a hraje s&nbsp;d\u00fdchac\u00edm p\u0159\u00edstrojem. A&nbsp;je introvert, tak to zkr\u00e1tka je. Naopak takov\u00ed Brazilci \u010di Portugalci jsou velmi hlu\u010dn\u00ed. Ale to ostatn\u00ed hr\u00e1\u010de nesm\u00ed odradit, rozhodit,\u201c mysl\u00ed si Ivana, kter\u00e1 si musela zvykat na to, \u017ee Adam ned\u00e1v\u00e1 najevo emoce.<\/p>\n\n\n\n<p>\u201eJe to tak i&nbsp;v&nbsp;Parent Projectu, pacientsk\u00e9 organizaci, kter\u00e1 pom\u00e1h\u00e1 lidem se svalovou dystrofi\u00ed. Jezd\u00edme na r\u016fzn\u00e9 pobyty, kde se Adam setk\u00e1v\u00e1 se \u201asv\u00fdmi\u2018, s&nbsp;podobn\u011b star\u00fdmi kluky. A&nbsp;i&nbsp;mezi nimi je klidn\u00fd, je nerad st\u0159edem pozornosti,\u201c \u0159\u00edk\u00e1 Ivana.<\/p>\n\n\n\n<p>Na Adamovi oce\u0148uje neuv\u011b\u0159itelnou schopnost koncentrovat se. I&nbsp;ona sama p\u0159itom praktikuje r\u016fzn\u00e1 dechov\u00e1 cvi\u010den\u00ed. \u201eD\u00edky tomu si sn\u00ed\u017e\u00edm tep, jinak by se mi ud\u011blalo z&nbsp;t\u011bch nerv\u016f a zodpov\u011bdnosti \u0161patn\u011b\u2026 V\u0161ichni cht\u011bj\u00ed vyhr\u00e1t, podat co nejlep\u0161\u00ed v\u00fdkon, aby z\u00faro\u010dili svou pr\u00e1ci,\u201c vysv\u011btluje.<\/p>\n\n\n\n<p>A&nbsp;jak spole\u010dn\u011b oslavili velk\u00fd triumf? \u201eStihli jsme doma \u010darod\u011bjnice, ale ta po\u0159\u00e1dn\u00e1&nbsp;oslava&nbsp;n\u00e1s teprve \u010dek\u00e1. S&nbsp;v\u00fdronem a pr\u016fjmem se k&nbsp;tomu pomalu doplaz\u00edme,\u201c v\u011b\u0159\u00ed Ivana.<\/p>\n\n\n\n<p>Pot\u0159ebuje se nadechnout!<\/p>\n\n\n\n<p>Sou\u010dasn\u00e9 zdravotn\u00ed trable nejsou t\u00edm jedin\u00fdm, s&nbsp;\u010d\u00edm se rodina musela poprat p\u0159i odletu z&nbsp;Montrealu. Nep\u0159\u00edjemn\u00fd byl p\u0159\u00edstup person\u00e1lu na leti\u0161ti.<\/p>\n\n\n\n<p>\u201eP\u0159i odbavov\u00e1n\u00ed jsme museli d\u00e1t na p\u00e1s i&nbsp;d\u00fdchac\u00ed p\u0159\u00edstroje, p\u0159esto\u017ee je na nich naps\u00e1no, \u017ee jsou zdravotn\u00edm prost\u0159edkem. Adamovi se za\u010dalo \u0161patn\u011b d\u00fdchat, vedouc\u00ed v\u00fdpravy tedy poprosila person\u00e1l leti\u0161t\u011b, jestli by mohli zkontrolovat d\u00fdchac\u00ed p\u0159\u00edstroj jako prvn\u00ed, proto\u017ee m\u00e1 Adam dechovou nedostate\u010dnost. A&nbsp;pan\u00ed z&nbsp;leti\u0161t\u011b odpov\u011bd\u011bla, \u017ee a\u017e na to dojde \u0159ada, tak to zkontroluj\u00ed. Nakonec se vedouc\u00ed v\u00fdpravy p\u0159\u00edstroje domohla razantn\u011bj\u0161\u00edm vyjedn\u00e1v\u00e1n\u00edm,\u201c popisuje nep\u0159\u00edjemnou zku\u0161enost Ivana.<\/p>\n\n\n\n<p>R\u00e1da naopak vzpom\u00edn\u00e1 na Leti\u0161t\u011b V\u00e1clava Havla. \u201eTam je v\u0161echno t\u00e9m\u011b\u0159 bezprobl\u00e9mov\u00e9. T\u00edm, \u017ee l\u00e9t\u00e1me na z\u00e1vody pom\u011brn\u011b \u010dasto, leti\u0161tn\u00ed person\u00e1l u\u017e Adama zn\u00e1 a v\u00ed, co pot\u0159ebuje,\u201c uzav\u00edr\u00e1 Ivana Pe\u0161kov\u00e1.<\/p>\n\n\n\n<hr class=\"wp-block-separator has-alpha-channel-opacity\"\/>\n\n\n\n<p>Co je to boccia<\/p>\n\n\n\n<p>Bocciu hraj\u00ed sportovci, kte\u0159\u00ed jsou z&nbsp;d\u016fvodu sv\u00e9ho posti\u017een\u00ed na voz\u00edku, jednotlivci, p\u00e1ry nebo t\u00fdmy se t\u0159emi hr\u00e1\u010di. Jde o&nbsp;hru o&nbsp;strategii a p\u0159esnosti, c\u00edlem hry je um\u00edstit ko\u017een\u00e9 m\u00ed\u010dky, \u010derven\u00e9 nebo modr\u00e9, co nejbl\u00ed\u017ee c\u00edlov\u00e9mu b\u00edl\u00e9mu m\u00ed\u010dku (jack). Ka\u017ed\u00fd hr\u00e1\u010d m\u00e1 6&nbsp;m\u00ed\u010dk\u016f na \u201eend\u201c a ka\u017ed\u00fd \u201eend\u201c je limitov\u00e1n \u010dasem, hraje se na 4&nbsp;endy (t\u00fdmy na 6&nbsp;end\u016f). V\u00edt\u011bzem je hr\u00e1\u010d nebo t\u00fdm, jejich\u017e m\u00ed\u010dky jsou um\u00edst\u011bny nejbl\u00ed\u017ee k&nbsp;b\u00edl\u00e9mu m\u00ed\u010dku.<\/p>\n\n\n\n<p><em>Zdroj: paralympic.cz<\/em><\/p>\n\n\n\n<p>Veronika \u0160irc<\/p>\n\n\n\n<p>Pra\u017esk\u00fd den\u00edk<\/p>\n\n\n\n<p><a href=\"https:\/\/prazsky.denik.cz\/\" target=\"_blank\" rel=\"noreferrer noopener\">https:\/\/prazsky.denik.cz\/<\/a><\/p>\n","protected":false},"excerpt":{"rendered":"<div class=\"mh-excerpt\"><p>ilustra\u010dn\u00ed foto \u0160est z\u00e1pas\u016f. A&nbsp;na konci ve fin\u00e1le cinklo zlato. Adam Pe\u0161ka s&nbsp;maminkou Ivanou Pe\u0161kovou vybojovali na Sv\u011btov\u00e9m poh\u00e1ru v&nbsp;boccie v&nbsp;Montrealu na konci dubna dal\u0161\u00ed <a class=\"mh-excerpt-more\" href=\"https:\/\/www.invarena.cz\/?p=39604\" title=\"Zlat\u00e1 medailistka Pe\u0161kov\u00e1: Na kurtu nejsem za Adamovu maminku, ale asistentku\">[&#8230;]<\/a><\/p>\n<\/div>","protected":false},"author":1,"featured_media":39621,"comment_status":"open","ping_status":"closed","sticky":false,"template":"","format":"standard","meta":{"footnotes":""},"categories":[7],"tags":[],"class_list":["post-39604","post","type-post","status-publish","format-standard","has-post-thumbnail","hentry","category-spolecnost"],"_links":{"self":[{"href":"https:\/\/www.invarena.cz\/index.php?rest_route=\/wp\/v2\/posts\/39604","targetHints":{"allow":["GET"]}}],"collection":[{"href":"https:\/\/www.invarena.cz\/index.php?rest_route=\/wp\/v2\/posts"}],"about":[{"href":"https:\/\/www.invarena.cz\/index.php?rest_route=\/wp\/v2\/types\/post"}],"author":[{"embeddable":true,"href":"https:\/\/www.invarena.cz\/index.php?rest_route=\/wp\/v2\/users\/1"}],"replies":[{"embeddable":true,"href":"https:\/\/www.invarena.cz\/index.php?rest_route=%2Fwp%2Fv2%2Fcomments&post=39604"}],"version-history":[{"count":0,"href":"https:\/\/www.invarena.cz\/index.php?rest_route=\/wp\/v2\/posts\/39604\/revisions"}],"wp:featuredmedia":[{"embeddable":true,"href":"https:\/\/www.invarena.cz\/index.php?rest_route=\/wp\/v2\/media\/39621"}],"wp:attachment":[{"href":"https:\/\/www.invarena.cz\/index.php?rest_route=%2Fwp%2Fv2%2Fmedia&parent=39604"}],"wp:term":[{"taxonomy":"category","embeddable":true,"href":"https:\/\/www.invarena.cz\/index.php?rest_route=%2Fwp%2Fv2%2Fcategories&post=39604"},{"taxonomy":"post_tag","embeddable":true,"href":"https:\/\/www.invarena.cz\/index.php?rest_route=%2Fwp%2Fv2%2Ftags&post=39604"}],"curies":[{"name":"wp","href":"https:\/\/api.w.org\/{rel}","templated":true}]}}