{"id":39617,"date":"2023-05-16T16:22:00","date_gmt":"2023-05-16T14:22:00","guid":{"rendered":"https:\/\/www.invarena.cz\/?p=39617"},"modified":"2023-05-16T16:22:40","modified_gmt":"2023-05-16T14:22:40","slug":"mel-tvar-modela-prezil-naraz-do-stromu-ted-je-na-voziku-a-bojuje-o-novy-zivot","status":"publish","type":"post","link":"https:\/\/www.invarena.cz\/?p=39617","title":{"rendered":"M\u011bl tv\u00e1\u0159 modela, p\u0159e\u017eil n\u00e1raz do stromu. Te\u010f je na voz\u00edku a bojuje o nov\u00fd \u017eivot"},"content":{"rendered":"\n<p>Kdy\u017e bylo Luk\u00e1\u0161ovi 21 let, p\u0159e\u017eil velmi v\u00e1\u017enou autonehodu. Dnes je na voz\u00edku, sotva mluv\u00ed a s\u00e1m se o sebe nepostar\u00e1. Nikdo p\u0159esn\u011b nev\u00ed, co se tenkr\u00e1t p\u0159ihodilo, ale nejsp\u00ed\u0161 nezvl\u00e1dl \u0159\u00edzen\u00ed a naboural do stromu. \u017de u\u017e nikdy nebude jako d\u0159\u00edv, \u0159ekli jeho mamince l\u00e9ka\u0159i hned na za\u010d\u00e1tku. Ona to ale nevzd\u00e1v\u00e1 a sna\u017e\u00ed se, aby syn jednou mohl \u017e\u00edt plnohodnotn\u00fd \u017eivot.<\/p>\n\n\n\n<p>Luk\u00e1\u0161 vykon\u00e1val p\u0159ed nehodou pr\u00e1ci, kter\u00e1 ho velmi bavila a napl\u0148ovala. Realizoval elektro projekty pro stavby dom\u016f. Pak ale jednoho listopadov\u00e9ho dne roku 2019 dostal jako \u0159idi\u010d p\u0159i cest\u011b s kamar\u00e1dy smyk a nezvl\u00e1dl \u0159\u00edzen\u00ed. Naboural autem do stromu a utrp\u011bl v\u00e1\u017en\u00e1 zran\u011bn\u00ed vedouc\u00ed k t\u011blesn\u00e9mu i ment\u00e1ln\u00edmu posti\u017een\u00ed. I takhle se m\u016f\u017ee oto\u010dit \u017eivot vzh\u016fru nohama mlad\u00e9mu \u010dlov\u011bku a cel\u00e9mu jeho okol\u00ed.<\/p>\n\n\n\n<p>\u201eV\u0161e se neust\u00e1le m\u011bn\u00ed a vym\u011b\u0159en\u00fd \u010das nen\u00ed b\u011b\u017en\u011b nikomu z n\u00e1s p\u0159edem zn\u00e1m, a proto ka\u017ed\u00fd\u0301 okam\u017eik je vz\u00e1cn\u00fd,\u201c zn\u00ed Luk\u00e1\u0161ova slova na instagramov\u00e9m profilu @lukyho_cesta, kter\u00fd zalo\u017eila jeho maminka Eva a sd\u00edl\u00ed na n\u011bm spole\u010dn\u011b se sv\u00fdm synem okam\u017eiky od chv\u00edle, kdy Luk\u00e1\u0161 jen z\u00e1zrakem nep\u0159i\u0161el o \u017eivot.<\/p>\n\n\n\n<p>\u201eL\u00e9ka\u0159i mi nejd\u0159\u00edv ani necht\u011bli \u0159\u00edct, jestli je syn v\u016fbec \u017eiv\u00fd. Jen mi cht\u011bli p\u0159edat jeho v\u011bci. N\u00e1sledn\u011b jsem se dozv\u011bd\u011bla, \u017ee \u017eije, ale \u017ee jeho mozek byl z 80 procent po\u0161kozen,\u201c vzpom\u00edn\u00e1 na prvn\u00ed okam\u017eiky, kdy se dozv\u011bd\u011bla o nehod\u011b sv\u00e9ho syna, maminka Eva.<\/p>\n\n\n\n<p>Nejhor\u0161\u00ed t\u0159i m\u011bs\u00edce<\/p>\n\n\n\n<p>Prvn\u00edch devades\u00e1t dn\u00ed po nehod\u011b byl Luk\u00e1\u0161 ve vigiln\u00edm k\u00f3matu, kdy jen koukal po m\u00edstnosti, ale na okol\u00ed nereagoval. Byl proto odk\u00e1z\u00e1n na nep\u0159etr\u017eitou p\u00e9\u010di l\u00e9ka\u0159\u016f a sv\u00e9 maminky. Pak ale p\u0159i\u0161la pandemie viru covid-19 a nemocnice se pro ve\u0159ejnost uzav\u0159ely.<\/p>\n\n\n\n<p>Pro pan\u00ed Evu a jej\u00edho syna to bylo nep\u0159edstaviteln\u011b t\u011b\u017ek\u00e9, proto\u017ee spolu mohli komunikovat pouze online, co\u017e nebylo v Luk\u00e1\u0161ov\u011b p\u0159\u00edpad\u011b \u00fapln\u011b ide\u00e1ln\u00ed. L\u00e9ka\u0159i j\u00ed rovnou doporu\u010dili, a\u0165 se za\u010dne poohl\u00ed\u017eet po \u00fastavech, kde by o syna pe\u010dovali. To v\u0161ak razantn\u011b odm\u00edtla.<\/p>\n\n\n\n<p>Kdy\u017e se pak sc\u00e9n\u00e1\u0159 opakoval i na podzim t\u00e9ho\u017e roku, odhodlala se pan\u00ed Eva k t\u011b\u017ek\u00e9mu kroku a ode\u0161la ze zam\u011bstn\u00e1n\u00ed, aby mohla za\u010d\u00edt o syna pe\u010dovat v dom\u00e1c\u00edm prost\u0159ed\u00ed.<\/p>\n\n\n\n<p>\u201eKdy\u017e jsem si syna v dob\u011b pandemie brala dom\u016f, absolutn\u011b jsem netu\u0161ila, co m\u011b \u010dek\u00e1. Nau\u010dila jsem se ale ods\u00e1v\u00e1n\u00ed z tracheostomie a krmila jsem Luk\u00e1\u0161e do hadi\u010dky, kterou m\u011bl zavedenou p\u0159\u00edmo do \u017ealudku. Rehabilitace prob\u00edhaly u n\u00e1s doma, kdy k n\u00e1m doch\u00e1zel fyzioterapeut, kter\u00fd m\u011b postupn\u011b nau\u010dil, jak se synem cvi\u010dit,\u201c popisuje sv\u00e9 za\u010d\u00e1tky s dom\u00e1c\u00ed p\u00e9\u010d\u00ed maminka hendikepovan\u00e9ho chlapce.<\/p>\n\n\n\n<p>P\u0159ebalit, nakrmit, cvi\u010dit<\/p>\n\n\n\n<p>Ka\u017ed\u00fd den je pro maminku dnes 24let\u00e9ho mu\u017ee stejn\u00fd a velice vy\u010derp\u00e1vaj\u00edc\u00ed. M\u00edsto toho, aby se pomalu za\u010d\u00ednala t\u011b\u0161it na to, \u017ee j\u00ed Luk\u00e1\u0161 jednoho dne p\u0159ivede dom\u016f \u017eenu sv\u00e9ho srdce a bude s n\u00ed pl\u00e1novat rodinu, syna p\u0159ebaluje, krm\u00ed a star\u00e1 se o n\u011bj od sv\u00edt\u00e1n\u00ed do soumraku.<\/p>\n\n\n\n<p>\u201eV p\u016fl sedm\u00e9 Luk\u00e1\u0161e p\u0159ebal\u00edm a jdeme se um\u00fdt. Pak p\u0159iprav\u00edm sn\u00eddani a po n\u00ed odch\u00e1z\u00edme na dv\u011b a\u017e t\u0159i hodiny na rehabilita\u010dn\u00ed cvi\u010den\u00ed. N\u00e1sleduje va\u0159en\u00ed, ob\u011bd, a pak m\u00e1 Luky klid na odpo\u010dinek.<\/p>\n\n\n\n<p>Odpoledne chod\u00edme podle po\u010das\u00ed na proch\u00e1zku s chod\u00edtkem, nebo se doma u\u010d\u00edme logick\u00e9 hry a tr\u00e9nujeme mluven\u00ed. Pak n\u00e1sleduje sva\u010dina, v \u0161est hodin ve\u010de\u0159e a kolem osm\u00e9 Luk\u00e1\u0161e sprchuji a ukl\u00e1d\u00e1m,\u201c popisuje sv\u016fj denn\u00ed re\u017eim pan\u00ed Eva.<\/p>\n\n\n\n<p>Je\u0161t\u011b ned\u00e1vno po proch\u00e1zce vyn\u00e1\u0161ela syna se svou sedmdes\u00e1tiletou maminkou do schod\u016f, aby ho dostala dom\u016f. Dnes ji\u017e maj\u00ed v\u00fdtah na invalidn\u00ed voz\u00edk, co\u017e j\u00ed velmi uleh\u010duje pr\u00e1ci.<\/p>\n\n\n\n<p>A\u017e kdy\u017e je v\u0161e hotov\u00e9, p\u0159ich\u00e1z\u00ed \u010das na ni, co\u017e b\u00fdv\u00e1 kolem dev\u00e1t\u00e9 hodiny ve\u010dern\u00ed. Svou chvilku si \u201eu\u017e\u00edv\u00e1\u201c \u00faklidem, vy\u0159izov\u00e1n\u00edm e-mail\u016f a sv\u00fdch osobn\u00edch v\u011bc\u00ed. \u201eKdy\u017e u\u017e sotva kouk\u00e1m, co\u017e b\u00fdv\u00e1 kolem jeden\u00e1ct\u00e9, jdu sp\u00e1t i j\u00e1. A tak vypad\u00e1 ka\u017ed\u00fd den,\u201c dopl\u0148uje.<\/p>\n\n\n\n<p>Odk\u00e1zan\u00ed na p\u0159\u00edsp\u011bvek<\/p>\n\n\n\n<p>Pan\u00ed Eva rehabilituje se sv\u00fdm synem 365 dn\u00ed v roce. Doch\u00e1zej\u00ed spole\u010dn\u011b na cvi\u010den\u00ed, logopedii, mikroproudy, praktikuj\u00ed Vojtovu metodu a dal\u0161\u00ed terapie. D\u00edky nim se m\u016f\u017ee Luk\u00e1\u0161 neust\u00e1le posouvat kup\u0159edu. M\u011bs\u00edc terapi\u00ed ale bohu\u017eel stoj\u00ed v\u00edc, ne\u017e kolik m\u00e1 pan\u00ed Eva k dispozici.<\/p>\n\n\n\n<p>Kv\u016fli p\u00e9\u010di o sv\u00e9ho syna byla pan\u00ed Eva nucena odej\u00edt ze zam\u011bstn\u00e1n\u00ed, a proto jej\u00ed p\u0159\u00edjem tvo\u0159\u00ed pouze syn\u016fv invalidn\u00ed d\u016fchod.<\/p>\n\n\n\n<p>\u201eJ\u00e1 nem\u00e1m n\u00e1rok na \u017e\u00e1dn\u00fd p\u0159\u00edsp\u011bvek od st\u00e1tu, a to ani p\u0159esto, \u017ee se o syna star\u00e1m sedm dn\u00ed v t\u00fddnu. Jsou i m\u011bs\u00edce, kdy n\u00e1m pen\u00edze na z\u00e1kladn\u00ed \u017eivobyt\u00ed nezbydou. Uva\u017eovala jsem, \u017ee bych se vr\u00e1tila do zam\u011bstn\u00e1n\u00ed a ze synova p\u0159\u00edsp\u011bvku zaplatila soci\u00e1ln\u00ed pracovnici. Kdy\u017e jsem ale zjistila, kolik berou na hodinu, spo\u010d\u00edtala jsem si, \u017ee bychom ji byli schopni zaplatit na pouh\u00fdch deset dn\u00ed v m\u011bs\u00edci,\u201c zouf\u00e1 si pan\u00ed Eva, kter\u00e1 m\u00e1 je\u0161t\u011b jednoho syna, kter\u00fd v\u0161ak \u017eije se svou p\u0159\u00edtelkyn\u00ed.<\/p>\n\n\n\n<p>Na v\u0161e z\u016fstala sama<\/p>\n\n\n\n<p>\u017divot pan\u00ed Evy je velmi vy\u010derp\u00e1vaj\u00edc\u00ed, ale i p\u0159esto v\u011b\u0159\u00ed, \u017ee jej\u00ed p\u00e9\u010de nen\u00ed zbyte\u010dn\u00e1 a jednoho dne se spln\u00ed jejich nejv\u011bt\u0161\u00ed spole\u010dn\u00e9 p\u0159\u00e1n\u00ed.<\/p>\n\n\n\n<p>\u201eP\u0159izn\u00e1m se, \u017ee p\u00e9\u010de o syna je velice n\u00e1ro\u010dn\u00e1 na \u010das, finance i psychiku. Bez sb\u00edrek a \u00fa\u017easn\u00fdch lid\u00ed bychom nebyli dnes zdaleka tam, kde jsme. Jsme za to oba neskonale vd\u011b\u010dn\u00ed,\u201c d\u011bkuje v\u0161em, kte\u0159\u00ed j\u00ed ji\u017e v minulosti pomohli t\u0159eba i nejmen\u0161\u00edm finan\u010dn\u00edm darem.<\/p>\n\n\n\n<p>\u201eLuky si svou nemohoucnost moc dob\u0159e uv\u011bdomuje a jsou dny, kdy je obzvl\u00e1\u0161\u0165 smutn\u00fd. Nejsmutn\u011bj\u0161\u00ed je, kdy\u017e vid\u00ed, \u017ee u\u017e jsem tak\u00e9 na pokraji sil, ale v\u017edy mi vrac\u00ed energii t\u00edm, \u017ee ud\u011bl\u00e1 dal\u0161\u00ed pokrok,\u201c sv\u011b\u0159uje se pan\u00ed Eva. D\u00edky n\u00ed dnes Luk\u00e1\u0161 zvl\u00e1dne ch\u016fzi s pomoc\u00ed chod\u00edtka, oble\u010de se a dorozum\u00ed se. Bez neust\u00e1l\u00e9 pomoci se v\u0161ak neobejde.<\/p>\n\n\n\n<p>Luk\u00e1\u0161 u\u017e nikdy nebude jako d\u0159\u00edv, ale s velkou p\u00edl\u00ed a trp\u011blivost\u00ed m\u016f\u017ee jednou \u017e\u00edt plnohodnotn\u00fd \u017eivot. Chcete-li mu pomoci posouvat se prost\u0159ednictv\u00edm rehabilitac\u00ed neust\u00e1le kup\u0159edu, m\u016f\u017eete mu p\u0159isp\u011bt do jeho ov\u011b\u0159en\u00e9 sb\u00edrky ZDE: <a href=\"https:\/\/www.donio.cz\/uz-jen-par-krucku\" target=\"_blank\" rel=\"noreferrer noopener\">https:\/\/www.donio.cz\/uz-jen-par-krucku<\/a><\/p>\n\n\n\n<p>Do sb\u00edrky se zapojil i Oktagon MMA, co\u017e je \u010deskoslovensk\u00e1 organizace po\u0159\u00e1daj\u00edc\u00ed turnaje ve sm\u00ed\u0161en\u00fdch bojov\u00fdch um\u011bn\u00edch na \u00fazem\u00ed \u010cR. S heslem \u201eV ka\u017ed\u00e9m z n\u00e1s je bojovn\u00edk\u201c se tak p\u0159ipojuje k platform\u011b Donio, kter\u00e9 pomoc\u00ed sb\u00edrek pom\u00e1h\u00e1 lidem v t\u011b\u017ek\u00fdch \u017eivotn\u00edch situac\u00edch.<\/p>\n\n\n\n<p>Celou v\u00fdpov\u011b\u010f naleznete v tomto videu: <a href=\"https:\/\/youtu.be\/K9mCdmGXD5E\" target=\"_blank\" rel=\"noreferrer noopener\">https:\/\/youtu.be\/K9mCdmGXD5E<\/a><\/p>\n\n\n\n<p>Kate\u0159ina N\u011bmcov\u00e1<\/p>\n\n\n\n<p>Den\u00edk.cz<\/p>\n\n\n\n<p><a href=\"https:\/\/www.denik.cz\/\" target=\"_blank\" rel=\"noreferrer noopener\">https:\/\/www.denik.cz\/<\/a><\/p>\n","protected":false},"excerpt":{"rendered":"<div class=\"mh-excerpt\"><p>Kdy\u017e bylo Luk\u00e1\u0161ovi 21 let, p\u0159e\u017eil velmi v\u00e1\u017enou autonehodu. Dnes je na voz\u00edku, sotva mluv\u00ed a s\u00e1m se o sebe nepostar\u00e1. Nikdo p\u0159esn\u011b nev\u00ed, co <a class=\"mh-excerpt-more\" href=\"https:\/\/www.invarena.cz\/?p=39617\" title=\"M\u011bl tv\u00e1\u0159 modela, p\u0159e\u017eil n\u00e1raz do stromu. Te\u010f je na voz\u00edku a bojuje o nov\u00fd \u017eivot\">[&#8230;]<\/a><\/p>\n<\/div>","protected":false},"author":1,"featured_media":16377,"comment_status":"open","ping_status":"closed","sticky":false,"template":"","format":"standard","meta":{"footnotes":""},"categories":[9],"tags":[],"class_list":["post-39617","post","type-post","status-publish","format-standard","has-post-thumbnail","hentry","category-zpravy"],"_links":{"self":[{"href":"https:\/\/www.invarena.cz\/index.php?rest_route=\/wp\/v2\/posts\/39617","targetHints":{"allow":["GET"]}}],"collection":[{"href":"https:\/\/www.invarena.cz\/index.php?rest_route=\/wp\/v2\/posts"}],"about":[{"href":"https:\/\/www.invarena.cz\/index.php?rest_route=\/wp\/v2\/types\/post"}],"author":[{"embeddable":true,"href":"https:\/\/www.invarena.cz\/index.php?rest_route=\/wp\/v2\/users\/1"}],"replies":[{"embeddable":true,"href":"https:\/\/www.invarena.cz\/index.php?rest_route=%2Fwp%2Fv2%2Fcomments&post=39617"}],"version-history":[{"count":0,"href":"https:\/\/www.invarena.cz\/index.php?rest_route=\/wp\/v2\/posts\/39617\/revisions"}],"wp:featuredmedia":[{"embeddable":true,"href":"https:\/\/www.invarena.cz\/index.php?rest_route=\/wp\/v2\/media\/16377"}],"wp:attachment":[{"href":"https:\/\/www.invarena.cz\/index.php?rest_route=%2Fwp%2Fv2%2Fmedia&parent=39617"}],"wp:term":[{"taxonomy":"category","embeddable":true,"href":"https:\/\/www.invarena.cz\/index.php?rest_route=%2Fwp%2Fv2%2Fcategories&post=39617"},{"taxonomy":"post_tag","embeddable":true,"href":"https:\/\/www.invarena.cz\/index.php?rest_route=%2Fwp%2Fv2%2Ftags&post=39617"}],"curies":[{"name":"wp","href":"https:\/\/api.w.org\/{rel}","templated":true}]}}