{"id":39674,"date":"2023-05-18T19:10:25","date_gmt":"2023-05-18T17:10:25","guid":{"rendered":"https:\/\/www.invarena.cz\/?p=39674"},"modified":"2023-05-18T19:10:26","modified_gmt":"2023-05-18T17:10:26","slug":"kavarna-s-dusi-v-zatci-znovu-otevrela-hosty-obsluhuji-mentalne-postizeni","status":"publish","type":"post","link":"https:\/\/www.invarena.cz\/?p=39674","title":{"rendered":"Kav\u00e1rna S Du\u0161\u00ed v \u017datci znovu otev\u0159ela. Hosty obsluhuj\u00ed ment\u00e1ln\u011b posti\u017een\u00ed"},"content":{"rendered":"\n<p>Kav\u00e1rna S Du\u0161\u00ed otev\u0159ela v nov\u00e9m a v\u011bt\u0161\u00edm po n\u011bkolikam\u011bs\u00ed\u010dn\u00ed pauze. Po t\u0159\u00edlet\u00e9m p\u016fsoben\u00ed na n\u00e1m\u011bst\u00ed Svobody se v \u017datci p\u0159est\u011bhovala v r\u00e1mci centra do Jir\u00e1skovy ulice. Provozuje ji Kamar\u00e1d-Lorm, organizace staraj\u00edc\u00ed se o lidi s ment\u00e1ln\u00edm a kombinovan\u00fdm posti\u017een\u00edm. Klienti Lormu v kav\u00e1rn\u011b nad\u0161en\u011b obsluhuj\u00ed.<\/p>\n\n\n\n<p>\u201eJsem r\u00e1da, \u017ee znovu otev\u00edr\u00e1me, u\u017e jsem se do pr\u00e1ce moc t\u011b\u0161ila,\u201c p\u0159iznala Mon\u010da, jedna z obsluhuj\u00edc\u00edch klientek Kamar\u00e1da-LORM p\u0159i slavnostn\u00edm znovuotev\u0159en\u00ed kav\u00e1rny.<\/p>\n\n\n\n<p>N\u00e1v\u0161t\u011bvn\u00edci do kav\u00e1rny t\u0159i roky chodili na n\u00e1m\u011bst\u00ed Svobody, loni na podzim se ale provozovna do\u010dasn\u011b uzav\u0159ela a za\u010daly p\u0159\u00edpravy na p\u0159est\u011bhov\u00e1n\u00ed do prostor, kter\u00e9 nab\u00eddlo m\u011bsto ve sv\u00e9m dom\u011b. Jsou v\u011bt\u0161\u00ed ne\u017e p\u016fvodn\u00ed. Kav\u00e1rna je nyn\u00ed v Jir\u00e1skov\u011b ulici, tedy bo\u010dn\u00ed ulici, kter\u00e1 vede z n\u00e1m\u011bst\u00ed Svobody kolem hotelu U Hada.<\/p>\n\n\n\n<p>Novinkou je tak\u00e9 terasa. I na t\u00e9 budou stejn\u011b jako v minulosti nad\u0161en\u011b obsluhovat klienti za\u0159\u00edzen\u00ed Kamar\u00e1d-Lorm. N\u00e1v\u0161t\u011bvn\u00edci se mohou t\u011b\u0161it na z\u00e1kusky, k\u00e1vu, n\u00e1poje, ale tak\u00e9 pol\u00e9vky. K prodeji budou tak\u00e9 v\u00fdrobky klient\u016f.<\/p>\n\n\n\n<p>Kav\u00e1rna slou\u017e\u00ed jako soci\u00e1ln\u011b terapeutick\u00e1 provozovna, jej\u00edm c\u00edlem je propojov\u00e1n\u00ed a setk\u00e1v\u00e1n\u00ed lid\u00ed s posti\u017een\u00edm s b\u011b\u017en\u00fdm \u017eivotem a zapojov\u00e1n\u00ed klient\u016f do n\u011bj.<\/p>\n\n\n\n<p>Hynek Dlouh\u00fd<\/p>\n\n\n\n<p>\u017dateck\u00fd den\u00edk<\/p>\n\n\n\n<p><a href=\"https:\/\/zatecky.denik.cz\/\" target=\"_blank\" rel=\"noreferrer noopener\">https:\/\/zatecky.denik.cz\/<\/a><\/p>\n","protected":false},"excerpt":{"rendered":"<div class=\"mh-excerpt\"><p>Kav\u00e1rna S Du\u0161\u00ed otev\u0159ela v nov\u00e9m a v\u011bt\u0161\u00edm po n\u011bkolikam\u011bs\u00ed\u010dn\u00ed pauze. Po t\u0159\u00edlet\u00e9m p\u016fsoben\u00ed na n\u00e1m\u011bst\u00ed Svobody se v \u017datci p\u0159est\u011bhovala v r\u00e1mci centra do <a class=\"mh-excerpt-more\" href=\"https:\/\/www.invarena.cz\/?p=39674\" title=\"Kav\u00e1rna S Du\u0161\u00ed v \u017datci znovu otev\u0159ela. Hosty obsluhuj\u00ed ment\u00e1ln\u011b posti\u017een\u00ed\">[&#8230;]<\/a><\/p>\n<\/div>","protected":false},"author":1,"featured_media":4001,"comment_status":"open","ping_status":"closed","sticky":false,"template":"","format":"standard","meta":{"footnotes":""},"categories":[9],"tags":[],"class_list":["post-39674","post","type-post","status-publish","format-standard","has-post-thumbnail","hentry","category-zpravy"],"_links":{"self":[{"href":"https:\/\/www.invarena.cz\/index.php?rest_route=\/wp\/v2\/posts\/39674","targetHints":{"allow":["GET"]}}],"collection":[{"href":"https:\/\/www.invarena.cz\/index.php?rest_route=\/wp\/v2\/posts"}],"about":[{"href":"https:\/\/www.invarena.cz\/index.php?rest_route=\/wp\/v2\/types\/post"}],"author":[{"embeddable":true,"href":"https:\/\/www.invarena.cz\/index.php?rest_route=\/wp\/v2\/users\/1"}],"replies":[{"embeddable":true,"href":"https:\/\/www.invarena.cz\/index.php?rest_route=%2Fwp%2Fv2%2Fcomments&post=39674"}],"version-history":[{"count":0,"href":"https:\/\/www.invarena.cz\/index.php?rest_route=\/wp\/v2\/posts\/39674\/revisions"}],"wp:featuredmedia":[{"embeddable":true,"href":"https:\/\/www.invarena.cz\/index.php?rest_route=\/wp\/v2\/media\/4001"}],"wp:attachment":[{"href":"https:\/\/www.invarena.cz\/index.php?rest_route=%2Fwp%2Fv2%2Fmedia&parent=39674"}],"wp:term":[{"taxonomy":"category","embeddable":true,"href":"https:\/\/www.invarena.cz\/index.php?rest_route=%2Fwp%2Fv2%2Fcategories&post=39674"},{"taxonomy":"post_tag","embeddable":true,"href":"https:\/\/www.invarena.cz\/index.php?rest_route=%2Fwp%2Fv2%2Ftags&post=39674"}],"curies":[{"name":"wp","href":"https:\/\/api.w.org\/{rel}","templated":true}]}}