{"id":39677,"date":"2023-05-18T19:19:25","date_gmt":"2023-05-18T17:19:25","guid":{"rendered":"https:\/\/www.invarena.cz\/?p=39677"},"modified":"2023-05-18T19:19:26","modified_gmt":"2023-05-18T17:19:26","slug":"auto-jako-zdravotni-pomucka","status":"publish","type":"post","link":"https:\/\/www.invarena.cz\/?p=39677","title":{"rendered":"Auto jako zdravotn\u00ed pom\u016fcka"},"content":{"rendered":"\n<p>Pro rodi\u010de, kte\u0159\u00ed pe\u010duj\u00ed o d\u00edt\u011b s handicapem, je auto jako dopravn\u00ed prost\u0159edek nepostradateln\u00fdm pomocn\u00edkem. Bohu\u017eel tak\u00e9 velmi drah\u00fdm. Kam se tito rodi\u010de mohou obr\u00e1tit a na jakou podporu maj\u00ed n\u00e1rok?<\/p>\n\n\n\n<p>Dozv\u00edte-li se, \u017ee va\u0161e d\u00edt\u011b trp\u00ed v\u00e1\u017enou diagn\u00f3zou a ponese si n\u00e1sledky cel\u00fd \u017eivot, je to samoz\u0159ejm\u011b \u0161ok. Z\u00e1rove\u0148 vyvst\u00e1vaj\u00ed praktick\u00e9 probl\u00e9my a s nimi souvisej\u00edc\u00ed v\u00fddaje, kter\u00e9 jsou pro rodinu s ni\u017e\u0161\u00edmi p\u0159\u00edjmy, \u010di dokonce samo\u017eivitele, nezvl\u00e1dnuteln\u00e9. Automobil sice p\u0159edstavuje jednor\u00e1zovou investici, zato v\u0161ak ve v\u00fd\u0161i, jakou si m\u00e1lokter\u00e1 rodina m\u016f\u017ee dovolit.<\/p>\n\n\n\n<p>K \u010demu rodi\u010de handicapovan\u00fdch lid\u00ed auto pot\u0159ebuj\u00ed? Podle z\u00e1va\u017enosti posti\u017een\u00ed d\u00edt\u011b pot\u0159ebuje krom\u011b terapi\u00ed nav\u0161t\u011bvovat velmi \u010dasto tak\u00e9 l\u00e9ka\u0159e-specialisty, nap\u0159\u00edklad neurologa, ortopeda, psychologa, kardiologa, alergologa, imunologa atd. Tito l\u00e9ka\u0159i samoz\u0159ejm\u011b nejsou v\u017edy dostupn\u00ed v m\u00edst\u011b bydli\u0161t\u011b, tak\u017ee je t\u0159eba doj\u00ed\u017ed\u011bt, stejn\u011b tak na rehabilitace nebo do l\u00e1zn\u00ed. Bez dopravn\u00edho prost\u0159edku se tedy neobejdete, nav\u00edc ne v\u017edy sta\u010d\u00ed levn\u00e1 varianta. Pokud pot\u0159ebujete p\u0159ev\u00e1\u017eet tak\u00e9 voz\u00ed\u010dek, nebo t\u0159eba speci\u00e1ln\u00ed zdravotn\u00ed t\u0159\u00edkolku, do Fiatu Punto se poskl\u00e1d\u00e1te jen st\u011b\u017e\u00ed.<\/p>\n\n\n\n<p>Nejen omezen\u00e1 pohyblivost pacienta si v\u0161ak \u017e\u00e1d\u00e1 individu\u00e1ln\u00ed p\u0159epravu. \u201eKrom\u011b fyzick\u00fdch handicap\u016f tu m\u00e1me nap\u0159\u00edklad d\u011bti s autismem, pro kter\u00e9 je cestov\u00e1n\u00ed hromadnou dopravou leckdy nemo\u017en\u00e9,\u201c upozor\u0148uje Zuzana \u0160af\u00e1\u0159ov\u00e1 z nadace Na\u0161e d\u00edt\u011b, kter\u00e1 rodi\u010d\u016fm v t\u00ed\u017eiv\u00e9 situaci pom\u00e1h\u00e1. \u201eBohu\u017eel se rodi\u010de st\u00e1le setk\u00e1vaj\u00ed s n\u00e1zory, \u017ee maj\u00ed d\u00edt\u011b nevychovan\u00e9, proto\u017ee z\u00e1chvat autisty tak m\u016f\u017ee p\u016fsobit. Autist\u00e9 ale \u010dasto \u0161patn\u011b zvl\u00e1daj\u00ed pobyt mezi ciz\u00edmi lidmi nebo hluk a v t\u00e9to situaci mohou reagovat velmi p\u0159ehnan\u011b. Bohu\u017eel nikdo z kritizuj\u00edc\u00edch spolucestuj\u00edc\u00edch netu\u0161\u00ed, \u017ee z tohoto z\u00e1chvatu se pak d\u00edt\u011b dost\u00e1v\u00e1 i n\u011bkolik hodin, je vy\u010derpan\u00e9, m\u016f\u017ee se t\u0159eba i sebepo\u0161kozovat nebo ubl\u00ed\u017eit i n\u011bkomu ve sv\u00e9m okol\u00ed.\u201c<\/p>\n\n\n\n<p>U\u017e tak n\u00e1ro\u010dnou p\u00e9\u010di o nemocn\u00e9 d\u00edt\u011b m\u016f\u017ee tedy pohodln\u00e1 p\u0159eprava velmi usnadnit. Nap\u0159\u00edklad vozy s bo\u010dn\u00edm otev\u00edr\u00e1n\u00edm dve\u0159\u00ed pomohou zv\u011bt\u0161it manipula\u010dn\u00ed prostor, kdy\u017e je d\u00edtko nepohybliv\u00e9, a do v\u011bt\u0161\u00edho \u00falo\u017en\u00e9ho prostoru samoz\u0159ejm\u011b l\u00e9pe poskl\u00e1d\u00e1te cokoliv, co s sebou pot\u0159ebujete p\u0159ev\u00e9zt.<\/p>\n\n\n\n<p>Jak pom\u016f\u017ee st\u00e1t?<\/p>\n\n\n\n<p>Zdravotn\u00ed poji\u0161\u0165ovny auto jako zdravotn\u00ed pom\u016fcku neuzn\u00e1vaj\u00ed, o p\u0159\u00edsp\u011bvek v\u0161ak m\u016f\u017eete po\u017e\u00e1dat st\u00e1t, a to v okam\u017eiku, kdy jsou d\u00edt\u011bti t\u0159i roky. Z\u00e1va\u017enost handicapu pak ur\u010d\u00ed posudkov\u00fd l\u00e9ka\u0159 na z\u00e1klad\u011b l\u00e9ka\u0159sk\u00fdch zpr\u00e1v a vy\u0161et\u0159en\u00ed.<\/p>\n\n\n\n<p>Podle z\u00e1kona \u010d. 329\/2011 Sb., o poskytov\u00e1n\u00ed d\u00e1vek osob\u00e1m se zdravotn\u00edm posti\u017een\u00edm m\u00e1 n\u00e1rok na p\u0159\u00edsp\u011bvek na zvl\u00e1\u0161tn\u00ed pom\u016fcku poskytovan\u00fd na po\u0159\u00edzen\u00ed motorov\u00e9ho vozidla nebo speci\u00e1ln\u00edho z\u00e1dr\u017en\u00edho syst\u00e9mu osoba, kter\u00e1 m\u00e1 t\u011b\u017ekou vadu nosn\u00e9ho nebo pohybov\u00e9ho \u00fastroj\u00ed, t\u011b\u017ekou nebo hlubokou ment\u00e1ln\u00ed retardaci charakteru dlouhodob\u011b nep\u0159\u00edzniv\u00e9ho zdravotn\u00edho stavu nebo autistickou poruchu s t\u011b\u017ek\u00fdm posti\u017een\u00edm s opakovan\u00fdmi z\u00e1va\u017en\u00fdmi projevy autoagrese nebo heteroagrese p\u0159etrv\u00e1vaj\u00edc\u00edmi i p\u0159es zavedenou l\u00e9\u010dbu.<\/p>\n\n\n\n<p>Kolik pen\u011bz dostanete?<\/p>\n\n\n\n<p>\u017d\u00e1d\u00e1te-li o p\u0159\u00edsp\u011bvek jm\u00e9nem nezletil\u00e9ho d\u00edt\u011bte, kter\u00e9 spl\u0148uje z\u00e1konem dan\u00e1 krit\u00e9ria zdravotn\u00edho stavu, dostanete od sp\u00e1dov\u00e9ho \u00fa\u0159adu pr\u00e1ce automaticky 200 000 K\u010d. Pokud by va\u0161e \u017e\u00e1dost byla zam\u00edtnuta, m\u00e1te mo\u017enost se odvolat.<\/p>\n\n\n\n<p>K podm\u00ednk\u00e1m p\u0159izn\u00e1n\u00ed p\u0159\u00edsp\u011bvku pat\u0159\u00ed nap\u0159\u00edklad skute\u010dnost, \u017ee se \u017e\u00e1daj\u00edc\u00ed handicapovan\u00e1 osoba skute\u010dn\u011b opakovan\u011b ka\u017ed\u00fd m\u011bs\u00edc dopravuje a \u017ee je schopna b\u00fdt motorov\u00fdm vozidlem p\u0159ev\u00e1\u017eena. \u017d\u00e1dat o p\u0159\u00edsp\u011bvek m\u016f\u017eete ka\u017ed\u00fdch 7 let.<\/p>\n\n\n\n<p>Kde hledat dal\u0161\u00ed pomoc?<\/p>\n\n\n\n<p>\u010c\u00e1stka 200 000 korun v\u00e1m p\u0159i dne\u0161n\u00edch cen\u00e1ch motorov\u00fdch vozidel pravd\u011bpodobn\u011b sta\u010dit nebude, zejm\u00e9na pokud pot\u0159ebujete v\u011bt\u0161\u00ed model nap\u0159\u00edklad pro p\u0159ev\u00e1\u017een\u00ed d\u00edt\u011bte na voz\u00ed\u010dku. Existuj\u00ed v\u0161ak i dal\u0161\u00ed kroky, kter\u00e9 m\u016f\u017eete podniknout pro z\u00edsk\u00e1n\u00ed dal\u0161\u00edch financ\u00ed.<\/p>\n\n\n\n<p>V p\u0159\u00edpad\u011b schv\u00e1len\u00ed p\u0159\u00edsp\u011bvku \u00fa\u0159adem pr\u00e1ce m\u016f\u017eete nap\u0159\u00edklad po\u017e\u00e1dat Finan\u010dn\u00ed \u00fa\u0159ad o vr\u00e1cen\u00ed zaplacen\u00e9ho DPH. Takto m\u016f\u017eete z\u00edskat a\u017e 100 000 K\u010d za jeden automobil.<\/p>\n\n\n\n<p>Slevy na pr\u016fkaz ZTP\/P d\u00e1le poskytuj\u00ed tak\u00e9 samotn\u00e9 automobilky, ur\u010dit\u011b se vyplat\u00ed jich p\u00e1r obvolat a zeptat se. \u201eKlient\u016fm s handicapem je ur\u010den n\u00e1\u0161 program \u0160koda Handy,\u201c uv\u00e1d\u00ed Pavel J\u00edna, mluv\u010d\u00ed automobilky \u0160koda Auto.&nbsp; \u201eU na\u0161ich obchodn\u00edch partner\u016f mohou po p\u0159edlo\u017een\u00ed karty ZTP a ZTP\/P n\u00e1rokovat zv\u00fdhodn\u011bn\u00ed vozu. S partnersk\u00fdmi \u00fapravci API CZ a Hurt zaji\u0161\u0165ujeme tak\u00e9 \u00fapravu vozu na m\u00edru, s VWFS zase v\u00fdhodn\u00e9 financov\u00e1n\u00ed, kdy s t\u0159icetiprocentn\u00ed akontac\u00ed m\u016f\u017eete v\u016fz financovat s nulov\u00fdm nav\u00fd\u0161en\u00edm.\u201c<\/p>\n\n\n\n<p>V neposledn\u00ed \u0159ad\u011b mohou rodi\u010d\u016fm v t\u00edsni pomoci neziskov\u00e9 organizace, nap\u0159\u00edklad formou online sb\u00edrek. Pat\u0159\u00ed k nim i zm\u00edn\u011bn\u00e1 Nadace Na\u0161e d\u00edt\u011b, kter\u00e1 b\u011b\u017en\u011b \u0159e\u0161\u00ed i p\u0159\u00edsp\u011bvky na automobily pro handicapovan\u00e9 d\u011bti. Ve\u0159ejn\u00e9 sb\u00edrky realizuje prost\u0159ednictv\u00edm port\u00e1lu Donio.cz, kde pr\u00e1v\u011b te\u010f b\u011b\u017e\u00ed nap\u0159\u00edklad sb\u00edrka pro dosp\u00edvaj\u00edc\u00ed sle\u010dnu s autismem.<\/p>\n\n\n\n<p>Viola Proch\u00e1zkov\u00e1<\/p>\n\n\n\n<p>Pra\u017esk\u00fd den\u00edk<\/p>\n\n\n\n<p><a href=\"https:\/\/prazsky.denik.cz\/\" target=\"_blank\" rel=\"noreferrer noopener\">https:\/\/prazsky.denik.cz\/<\/a><\/p>\n","protected":false},"excerpt":{"rendered":"<div class=\"mh-excerpt\"><p>Pro rodi\u010de, kte\u0159\u00ed pe\u010duj\u00ed o d\u00edt\u011b s handicapem, je auto jako dopravn\u00ed prost\u0159edek nepostradateln\u00fdm pomocn\u00edkem. Bohu\u017eel tak\u00e9 velmi drah\u00fdm. Kam se tito rodi\u010de mohou obr\u00e1tit <a class=\"mh-excerpt-more\" href=\"https:\/\/www.invarena.cz\/?p=39677\" title=\"Auto jako zdravotn\u00ed pom\u016fcka\">[&#8230;]<\/a><\/p>\n<\/div>","protected":false},"author":1,"featured_media":21061,"comment_status":"open","ping_status":"closed","sticky":false,"template":"","format":"standard","meta":{"footnotes":""},"categories":[9],"tags":[],"class_list":["post-39677","post","type-post","status-publish","format-standard","has-post-thumbnail","hentry","category-zpravy"],"_links":{"self":[{"href":"https:\/\/www.invarena.cz\/index.php?rest_route=\/wp\/v2\/posts\/39677","targetHints":{"allow":["GET"]}}],"collection":[{"href":"https:\/\/www.invarena.cz\/index.php?rest_route=\/wp\/v2\/posts"}],"about":[{"href":"https:\/\/www.invarena.cz\/index.php?rest_route=\/wp\/v2\/types\/post"}],"author":[{"embeddable":true,"href":"https:\/\/www.invarena.cz\/index.php?rest_route=\/wp\/v2\/users\/1"}],"replies":[{"embeddable":true,"href":"https:\/\/www.invarena.cz\/index.php?rest_route=%2Fwp%2Fv2%2Fcomments&post=39677"}],"version-history":[{"count":0,"href":"https:\/\/www.invarena.cz\/index.php?rest_route=\/wp\/v2\/posts\/39677\/revisions"}],"wp:featuredmedia":[{"embeddable":true,"href":"https:\/\/www.invarena.cz\/index.php?rest_route=\/wp\/v2\/media\/21061"}],"wp:attachment":[{"href":"https:\/\/www.invarena.cz\/index.php?rest_route=%2Fwp%2Fv2%2Fmedia&parent=39677"}],"wp:term":[{"taxonomy":"category","embeddable":true,"href":"https:\/\/www.invarena.cz\/index.php?rest_route=%2Fwp%2Fv2%2Fcategories&post=39677"},{"taxonomy":"post_tag","embeddable":true,"href":"https:\/\/www.invarena.cz\/index.php?rest_route=%2Fwp%2Fv2%2Ftags&post=39677"}],"curies":[{"name":"wp","href":"https:\/\/api.w.org\/{rel}","templated":true}]}}