{"id":39686,"date":"2023-05-18T19:38:42","date_gmt":"2023-05-18T17:38:42","guid":{"rendered":"https:\/\/www.invarena.cz\/?p=39686"},"modified":"2023-05-18T19:38:42","modified_gmt":"2023-05-18T17:38:42","slug":"kapely-na-olomouckem-namesti-podpori-vozickare-tady-je-program-koncertu","status":"publish","type":"post","link":"https:\/\/www.invarena.cz\/?p=39686","title":{"rendered":"Kapely na olomouck\u00e9m n\u00e1m\u011bst\u00ed podpo\u0159\u00ed voz\u00ed\u010dk\u00e1\u0159e. Tady je program koncertu"},"content":{"rendered":"\n<p>Tradi\u010dn\u00ed sb\u00edrka Zasukovan\u00e9 tkani\u010dky je op\u011bt tady. Druh\u00fd sb\u00edrkov\u00fd den ve \u010dtvrtek 18. kv\u011btna jsou na programu benefi\u010dn\u00ed koncerty na Horn\u00edm n\u00e1m\u011bst\u00ed v Olomouci.<\/p>\n\n\n\n<p>Obl\u00edben\u00e1 sb\u00edrka Zasukovan\u00e9 tkani\u010dky prob\u00edh\u00e1 letos b\u011bhem dvou dn\u016f. Ve st\u0159edu i \u010dtvrtek se budou tkani\u010dky za libovoln\u00fd p\u0159\u00edsp\u011bvek rozd\u00e1vat v olomouck\u00fdch ulic\u00edch.<\/p>\n\n\n\n<p>Druh\u00fd sb\u00edrkov\u00fd den za\u010dne u\u017e ve 14.30 hodin benefi\u010dn\u00ed koncert na Horn\u00edm n\u00e1m\u011bst\u00ed. Na podporu Trendu voz\u00ed\u010dk\u00e1\u0159\u016f tam vystoup\u00ed Popov\u00e1 \u0161kola d\u011btsk\u00e9ho domova v Olomouci, nevidom\u00e1 zp\u011bva\u010dka Romana Ma\u0159\u00edkov\u00e1, olomouck\u00e1 numetalov\u00e1 kapela Sunset Trail a nebude chyb\u011bt ani zp\u011bva\u010dka Al\u017eb\u011bta Kole\u010dk\u00e1\u0159ov\u00e1 s kapelou \u010di popul\u00e1rn\u00ed rockmetalov\u00e1 kapela zak\u00e1zan\u00ddovoce.<\/p>\n\n\n\n<p>Oproti lo\u0148sk\u00e9mu, u\u017e dvac\u00e1t\u00e9mu ro\u010dn\u00edku sb\u00edrky, tentokr\u00e1t prob\u011bhne jen jednodenn\u00ed program.<\/p>\n\n\n\n<p>\u201eVrac\u00edme se ke star\u00e9mu modelu, kter\u00fd fungoval p\u0159ed koronavirovou pandemi\u00ed. Kv\u016fli n\u00ed jsme museli b\u011bhem posledn\u00edch t\u0159\u00ed let ob\u011b etapy slou\u010dit a sb\u00edrka prob\u00edhala v\u00edce dn\u016f v z\u00e1\u0159\u00ed. V z\u00e1\u0159\u00ed se v\u0161ak vr\u00e1t\u00edme s jednodenn\u00edm programem v jedn\u00e9 z obl\u00edben\u00fdch olomouck\u00fdch kulturn\u00edch destinac\u00ed,&#8220; vysv\u011btlil produk\u010dn\u00ed benefi\u010dn\u00edch koncert\u016f a mana\u017eer pro m\u00e9dia Milan Pape\u017e\u00edk.<\/p>\n\n\n\n<p>Symbolem celost\u00e1tn\u00ed sb\u00edrky je p\u00e1r zasukovan\u00fdch tkani\u010dek. Na ve\u0159ejnosti je za dobrovoln\u00fd p\u0159\u00edsp\u011bvek rozd\u00e1vaj\u00ed klienti Trendu voz\u00ed\u010dk\u00e1\u0159\u016f, dobrovoln\u00edci nebo studenti st\u0159edn\u00edch \u0161kol.<\/p>\n\n\n\n<p>\u201eV\u00fdt\u011b\u017eek sb\u00edrky slou\u017e\u00ed k dofinancov\u00e1n\u00ed slu\u017eeb pro klienty s t\u011b\u017ek\u00fdm zdravotn\u00edm posti\u017een\u00edm. Po lo\u0148sk\u00e9m \u00fasp\u011b\u0161n\u00e9m ro\u010dn\u00edku jsme mohli nakoupit \u010d\u00e1st pot\u0159ebn\u00fdch kompenza\u010dn\u00edch pom\u016fcek a dofinancovat slu\u017ebu osobn\u00ed asistence,&#8220; informoval \u0159editel spolku Tom\u00e1\u0161 Zrnka.<\/p>\n\n\n\n<p>Program benefi\u010dn\u00edho koncertu:<\/p>\n\n\n\n<p>\u010dtvrtek 18. kv\u011btna Horn\u00ed n\u00e1m\u011bst\u00ed<\/p>\n\n\n\n<p>14:30 hodin Popov\u00e1 \u0161kola D\u011btsk\u00e9ho domova v Olomouci<\/p>\n\n\n\n<p>15:45 hodin Romana Ma\u0159\u00edkov\u00e1 (Hladi\u0161ov\u00e1)<\/p>\n\n\n\n<p>17 hodin Sunset Trail<\/p>\n\n\n\n<p>18:30 hodin Al\u017eb\u011bta Kole\u010dk\u00e1\u0159ov\u00e1 &amp; Band<\/p>\n\n\n\n<p>20 hodin zak\u00e1zan\u00ddovoce<\/p>\n\n\n\n<p>P\u0159isp\u011bt do sb\u00edrky je mo\u017en\u00e9 ji\u017e nyn\u00ed odesl\u00e1n\u00edm d\u00e1rcovsk\u00e9 textov\u00e9 zpr\u00e1vy nebo libovoln\u00fdm p\u0159\u00edsp\u011bvkem na sb\u00edrkov\u00fd \u00fa\u010det.<\/p>\n\n\n\n<p>Jak je mo\u017en\u00e9 p\u0159isp\u011bt:<\/p>\n\n\n\n<p>1. Odesl\u00e1n\u00edm DMS na \u010d\u00edslo 87777 ve tvaru:<\/p>\n\n\n\n<p>DMS TKANICKA 30<\/p>\n\n\n\n<p>DMS TKANICKA 60<\/p>\n\n\n\n<p>DMS TKANICKA 90<\/p>\n\n\n\n<p>Cena DMS je 30, 60 nebo 90 korun. Spolek Trend voz\u00ed\u010dk\u00e1\u0159\u016f obdr\u017e\u00ed 29, 59 nebo 89 korun. Podrobn\u00e9 informace jsou na www.darcovskasms.cz<\/p>\n\n\n\n<p>2. Zakoupen\u00edm zasukovan\u00fdch tkani\u010dek ve dnech 17. a 18. kv\u011btna<\/p>\n\n\n\n<p>3. Vkladem na \u00fa\u010det sb\u00edrky \u010d\u00edslo 1000100014\/5500<\/p>\n\n\n\n<p>Magda Vr\u00e1nov\u00e1<\/p>\n\n\n\n<p>Olomouck\u00fd den\u00edk<\/p>\n\n\n\n<p><a href=\"https:\/\/olomoucky.denik.cz\/\" target=\"_blank\" rel=\"noreferrer noopener\">https:\/\/olomoucky.denik.cz\/<\/a><\/p>\n","protected":false},"excerpt":{"rendered":"<div class=\"mh-excerpt\"><p>Tradi\u010dn\u00ed sb\u00edrka Zasukovan\u00e9 tkani\u010dky je op\u011bt tady. Druh\u00fd sb\u00edrkov\u00fd den ve \u010dtvrtek 18. kv\u011btna jsou na programu benefi\u010dn\u00ed koncerty na Horn\u00edm n\u00e1m\u011bst\u00ed v Olomouci. Obl\u00edben\u00e1 <a class=\"mh-excerpt-more\" href=\"https:\/\/www.invarena.cz\/?p=39686\" title=\"Kapely na olomouck\u00e9m n\u00e1m\u011bst\u00ed podpo\u0159\u00ed voz\u00ed\u010dk\u00e1\u0159e. Tady je program koncertu\">[&#8230;]<\/a><\/p>\n<\/div>","protected":false},"author":1,"featured_media":21242,"comment_status":"open","ping_status":"closed","sticky":false,"template":"","format":"standard","meta":{"footnotes":""},"categories":[9],"tags":[],"class_list":["post-39686","post","type-post","status-publish","format-standard","has-post-thumbnail","hentry","category-zpravy"],"_links":{"self":[{"href":"https:\/\/www.invarena.cz\/index.php?rest_route=\/wp\/v2\/posts\/39686","targetHints":{"allow":["GET"]}}],"collection":[{"href":"https:\/\/www.invarena.cz\/index.php?rest_route=\/wp\/v2\/posts"}],"about":[{"href":"https:\/\/www.invarena.cz\/index.php?rest_route=\/wp\/v2\/types\/post"}],"author":[{"embeddable":true,"href":"https:\/\/www.invarena.cz\/index.php?rest_route=\/wp\/v2\/users\/1"}],"replies":[{"embeddable":true,"href":"https:\/\/www.invarena.cz\/index.php?rest_route=%2Fwp%2Fv2%2Fcomments&post=39686"}],"version-history":[{"count":0,"href":"https:\/\/www.invarena.cz\/index.php?rest_route=\/wp\/v2\/posts\/39686\/revisions"}],"wp:featuredmedia":[{"embeddable":true,"href":"https:\/\/www.invarena.cz\/index.php?rest_route=\/wp\/v2\/media\/21242"}],"wp:attachment":[{"href":"https:\/\/www.invarena.cz\/index.php?rest_route=%2Fwp%2Fv2%2Fmedia&parent=39686"}],"wp:term":[{"taxonomy":"category","embeddable":true,"href":"https:\/\/www.invarena.cz\/index.php?rest_route=%2Fwp%2Fv2%2Fcategories&post=39686"},{"taxonomy":"post_tag","embeddable":true,"href":"https:\/\/www.invarena.cz\/index.php?rest_route=%2Fwp%2Fv2%2Ftags&post=39686"}],"curies":[{"name":"wp","href":"https:\/\/api.w.org\/{rel}","templated":true}]}}