{"id":39892,"date":"2023-05-29T10:38:00","date_gmt":"2023-05-29T08:38:00","guid":{"rendered":"https:\/\/www.invarena.cz\/?p=39892"},"modified":"2023-05-29T10:38:19","modified_gmt":"2023-05-29T08:38:19","slug":"onkologicti-pacienti-oslavi-zivot","status":"publish","type":"post","link":"https:\/\/www.invarena.cz\/?p=39892","title":{"rendered":"Onkologi\u010dt\u00ed pacienti oslav\u00ed \u017eivot"},"content":{"rendered":"\n<p><\/p>\n\n\n\n<p><strong>V\u0161ichni maj\u00ed jedno spole\u010dn\u00e9 \u2013 onemocn\u011bli rakovinou, dok\u00e1zali ji p\u0159ekonat a&nbsp;po l\u00e9\u010db\u011b \u017eij\u00ed. Onkologi\u010dt\u00ed pacienti po cel\u00e9m sv\u011bt\u011b oslavuj\u00ed sv\u016fj \u017eivot v\u017edy prvn\u00ed \u010dervnovou ned\u011bli. Letos poprv\u00e9 i v&nbsp;Praze. Na akci Den onkopacient\u016f \u2013 Survivorship Day, kterou organizuje Hlas onkologick\u00fdch pacient\u016f, doraz\u00ed 4. \u010dervna krom\u011b b\u00fdval\u00fdch \u010di sou\u010dasn\u00fdch pacient\u016f i l\u00e9ka\u0159i. Nebude chyb\u011bt hudba, m\u00f3dn\u00ed p\u0159ehl\u00eddka a workshopy zam\u011b\u0159en\u00e9 na kvalitn\u00ed \u017eivot po prod\u011blan\u00e9 onkologick\u00e9 l\u00e9\u010db\u011b. Akce za\u010d\u00edn\u00e1 v&nbsp;10 hodin v&nbsp;pra\u017esk\u00e9m Tyr\u0161ov\u011b dom\u011b.<\/strong><\/p>\n\n\n\n<p><em>\u201eTouto akc\u00ed chceme upozornit na problematiku onkologick\u00fdch onemocn\u011bn\u00ed a vyzdvihnout kvalitu \u017eivota pacient\u016f, kte\u0159\u00ed rakovinu prod\u011blali. Survivorship Day je ur\u010den nejen pro ty, kte\u0159\u00ed onemocn\u011bli, ale i pro jejich rodiny a \u0161irokou ve\u0159ejnost,\u201c <\/em>p\u0159ibli\u017euje Petra Ad\u00e1mkov\u00e1, p\u0159edsedkyn\u011b V\u00fdboru Hlasu onkologick\u00fdch pacient\u016f (HOP).<\/p>\n\n\n\n<p> <em>\u201eNa\u0161\u00edm c\u00edlem je co nejv\u00edc pacient\u016fm zjednodu\u0161it n\u00e1vrat do b\u011b\u017en\u00e9ho \u017eivota. Na m\u00edst\u011b jim proto porad\u00edme, jak\u00fdm zp\u016fsobem by se o sebe m\u011bli po l\u00e9\u010db\u011b starat, a\u0165 u\u017e se to t\u00fdk\u00e1 v\u00fd\u017eivy, nebo fyzick\u00e9 aktivity. Upozorn\u00edme je i na to, co si maj\u00ed hl\u00eddat a&nbsp;jak db\u00e1t na prevenci,\u201c<\/em> dod\u00e1v\u00e1 Ad\u00e1mkov\u00e1. Pacienti se na akci budou moci setkat s&nbsp;mnoha odborn\u00edky.<\/p>\n\n\n\n<p>Na Survivorship Day doraz\u00ed v\u00fd\u017eivov\u00fd poradce Petr Havl\u00ed\u010dek nebo docentka klinick\u00e9 psychologie Laura Jan\u00e1\u010dkov\u00e1, kte\u0159\u00ed zde budou p\u0159edn\u00e1\u0161et a spole\u010dn\u011b se zapoj\u00ed tak\u00e9 do moderovan\u00e9 diskuze. <em>\u201eV sou\u010dasn\u00e9 dob\u011b se onkologick\u00e9 onemocn\u011bn\u00ed dot\u00fdk\u00e1 v n\u011bjak\u00e9 form\u011b t\u00e9m\u011b\u0159 ka\u017ed\u00e9 rodiny. V aktivit\u00e1ch pacientsk\u00fdch organizac\u00ed v\u011bnuj\u00edc\u00edch se nemocn\u00fdm s onkologickou diagn\u00f3zou i pacient\u016fm po \u00fasp\u011b\u0161n\u00e9 l\u00e9\u010db\u011b a jejich p\u0159\u00edbuzn\u00fdm proto vid\u00edm velk\u00fd smysl. Sd\u00edlen\u00ed z\u00e1kladn\u00edch informac\u00ed srozumitelnou formou, orientace v problematice konkr\u00e9tn\u00edho onemocn\u011bn\u00ed a aktivn\u00ed p\u0159\u00edstup k prevenci a p\u00e9\u010di po onkologick\u00e9 terapii m\u016f\u017ee zlep\u0161it toleranci l\u00e9\u010dby a v\u00e9st k \u00fasp\u011bchu terapie a podpo\u0159e zdrav\u00ed,\u201c<\/em> zd\u016fraz\u0148uje MUDr. Martina Zimovjanov\u00e1, Ph.D., prim\u00e1\u0159ka Onkologick\u00e9 kliniky V\u0161eobecn\u00e9 fakultn\u00ed nemocnice v&nbsp;Praze.<\/p>\n\n\n\n<p>Pro n\u00e1v\u0161t\u011bvn\u00edky Survivorship Day bude p\u0159ipraven i doprovodn\u00fd program zahrnuj\u00edc\u00ed workshopy zam\u011b\u0159en\u00e9 na zkvalitn\u011bn\u00ed \u017eivota a hudebn\u00ed vystoupen\u00ed. <em>\u201eR\u00e1di bychom, aby na Den onkopacient\u016f p\u0159i\u0161ly cel\u00e9 rodiny. Na m\u00edst\u011b budou v\u00fdtvarn\u00e9 d\u00edlny pro d\u011bti, mo\u017enost focen\u00ed nebo malov\u00e1n\u00ed na obli\u010dej. N\u00e1v\u0161t\u011bvn\u00edci si budou moci vyzkou\u0161et onkoj\u00f3gu a <\/em><em>tchaj-\u0165i<\/em><em> a pro \u017eeny bude p\u0159ipraveno make-up poradenstv\u00ed. V\u0161e vyvrchol\u00ed charitativn\u00ed m\u00f3dn\u00ed p\u0159ehl\u00eddkou onkologick\u00fdch pacient\u016f,\u201c<\/em> up\u0159es\u0148uje organiz\u00e1torka Nikol Pazderov\u00e1, \u010dlenka V\u00fdboru HOP. Oslavovat sv\u016fj \u017eivot bude p\u0159i akci i&nbsp;ona sama, proto\u017ee ve 23 letech onemocn\u011bla rakovinou prsu. <em>\u201ePodstoupila jsem agresivn\u00ed chemoterapii a pak i oboustrannou mastektomii. D\u00edky v\u00fdborn\u00e9 p\u00e9\u010di l\u00e9ka\u0159\u016f jsem ale v\u0161e zvl\u00e1dla a&nbsp;sv\u016fj \u017eivot jsem si, podobn\u011b jako mnoho ostatn\u00edch, dok\u00e1zala vybojovat. O to v\u011bt\u0161\u00ed smysl v akci Survivorship Day vid\u00edm,\u201c<\/em> \u0159\u00edk\u00e1 dnes 35let\u00e1 Nikol.<\/p>\n\n\n\n<p>Na konci roku 2020 \u017eilo podle dat Ministerstva zdravotnictv\u00ed&nbsp;v \u010cesk\u00e9 republice s onkologickou diagn\u00f3zou v\u00edce ne\u017e 457&nbsp;000 osob. Takov\u00e9 mno\u017estv\u00ed pacient\u016f&nbsp;s&nbsp;rakovinou m\u016f\u017ee \u017e\u00edt d\u00edky tomu, \u017ee do\u0161lo k&nbsp;velk\u00e9mu posunu v&nbsp;l\u00e9\u010db\u011b onkologick\u00fdch onemocn\u011bn\u00ed.<em> \u201eNab\u00edz\u00ed se daleko lep\u0161\u00ed mo\u017enosti, ne\u017e tomu bylo d\u0159\u00edve, nap\u0159\u00edklad imunoterapie, biologick\u00e1 \u010di p\u0159esn\u011b c\u00edlen\u00e1 l\u00e9\u010dba. Aby byly \u0161ance pacient\u016f na vyl\u00e9\u010den\u00ed co nejvy\u0161\u0161\u00ed, je velmi d\u016fle\u017eit\u00e9 diagnostikovat nemoc v\u010das a za\u010d\u00edt s&nbsp;l\u00e9\u010dbou ihned,\u201c <\/em>vysv\u011btluje Petra Ad\u00e1mkov\u00e1. Se sv\u00fdmi kolegy z&nbsp;Hlasu onkologick\u00fdch pacient\u016f se sna\u017e\u00ed nemocn\u00fdm proces jejich l\u00e9\u010dby co nejv\u00edce usnad\u0148ovat. <\/p>\n\n\n\n<p>\u201e<em>Ide\u00e1ln\u00ed je, pokud se pacienti dostanou do komplexn\u00edho onkologick\u00e9ho centra, kde jim multidisciplin\u00e1rn\u00ed t\u00fdmy porad\u00ed, co je pro n\u011b nejlep\u0161\u00ed. Mnohdy je ale t\u011b\u017ek\u00e9 rychle se zorientovat v&nbsp;cel\u00e9m syst\u00e9mu. Proto jsme v&nbsp;na\u0161\u00ed organizaci pro pacienty za\u010dali p\u0159ipravovat jednoduch\u00e9 n\u00e1vody, mapy, kter\u00fdm \u0159\u00edk\u00e1me Cesta pacienta. M\u011bly by pro n\u011b b\u00fdt z\u00e1kladn\u00edm vod\u00edtkem v&nbsp;jednotliv\u00fdch kroc\u00edch l\u00e9\u010dby,\u201c<\/em> dod\u00e1v\u00e1 Ad\u00e1mkov\u00e1.Zpracovanou u\u017e m\u00e1 HOP Cestu pacienta s&nbsp;karcinomem prsu a Cestu pacienta s&nbsp;karcinomem d\u011blo\u017en\u00edho hrdla. V&nbsp;sou\u010dasn\u00e9 dob\u011b p\u0159ipravuje mapy i pro dal\u0161\u00ed diagn\u00f3zy, jako jsou rakovina prostaty a plic.<\/p>\n\n\n\n<p><strong>O Hlasu onkologick\u00fdch pacient\u016f<\/strong><\/p>\n\n\n\n<p>Hlas onkologick\u00fdch pacient\u016f je spolek, kter\u00fd sdru\u017euje nest\u00e1tn\u00ed neziskov\u00e9 organizace (pacientsk\u00e9 a&nbsp;podp\u016frn\u00e9 organizace), kter\u00e9 se v\u011bnuj\u00ed napl\u0148ov\u00e1n\u00ed zdravotn\u00edch, soci\u00e1ln\u00edch a psychologick\u00fdch pot\u0159eb onkologick\u00fdch pacient\u016f a jejich bl\u00edzk\u00fdch. Poskytuje konzultace a poradenstv\u00ed k&nbsp;jak\u00e9mukoli typu onkologick\u00e9 diagn\u00f3zy. V\u00edce informac\u00ed a program Survivorship Day na <a href=\"http:\/\/www.hlaspacientu.cz\"><em>www.hlaspacientu.cz<\/em><\/a><em>.<\/em><\/p>\n\n\n\n<p><\/p>\n","protected":false},"excerpt":{"rendered":"<div class=\"mh-excerpt\"><p>V\u0161ichni maj\u00ed jedno spole\u010dn\u00e9 \u2013 onemocn\u011bli rakovinou, dok\u00e1zali ji p\u0159ekonat a&nbsp;po l\u00e9\u010db\u011b \u017eij\u00ed. Onkologi\u010dt\u00ed pacienti po cel\u00e9m sv\u011bt\u011b oslavuj\u00ed sv\u016fj \u017eivot v\u017edy prvn\u00ed \u010dervnovou ned\u011bli. <a class=\"mh-excerpt-more\" href=\"https:\/\/www.invarena.cz\/?p=39892\" title=\"Onkologi\u010dt\u00ed pacienti oslav\u00ed \u017eivot\">[&#8230;]<\/a><\/p>\n<\/div>","protected":false},"author":1,"featured_media":39894,"comment_status":"open","ping_status":"closed","sticky":false,"template":"","format":"standard","meta":{"footnotes":""},"categories":[7],"tags":[],"class_list":["post-39892","post","type-post","status-publish","format-standard","has-post-thumbnail","hentry","category-spolecnost"],"_links":{"self":[{"href":"https:\/\/www.invarena.cz\/index.php?rest_route=\/wp\/v2\/posts\/39892","targetHints":{"allow":["GET"]}}],"collection":[{"href":"https:\/\/www.invarena.cz\/index.php?rest_route=\/wp\/v2\/posts"}],"about":[{"href":"https:\/\/www.invarena.cz\/index.php?rest_route=\/wp\/v2\/types\/post"}],"author":[{"embeddable":true,"href":"https:\/\/www.invarena.cz\/index.php?rest_route=\/wp\/v2\/users\/1"}],"replies":[{"embeddable":true,"href":"https:\/\/www.invarena.cz\/index.php?rest_route=%2Fwp%2Fv2%2Fcomments&post=39892"}],"version-history":[{"count":0,"href":"https:\/\/www.invarena.cz\/index.php?rest_route=\/wp\/v2\/posts\/39892\/revisions"}],"wp:featuredmedia":[{"embeddable":true,"href":"https:\/\/www.invarena.cz\/index.php?rest_route=\/wp\/v2\/media\/39894"}],"wp:attachment":[{"href":"https:\/\/www.invarena.cz\/index.php?rest_route=%2Fwp%2Fv2%2Fmedia&parent=39892"}],"wp:term":[{"taxonomy":"category","embeddable":true,"href":"https:\/\/www.invarena.cz\/index.php?rest_route=%2Fwp%2Fv2%2Fcategories&post=39892"},{"taxonomy":"post_tag","embeddable":true,"href":"https:\/\/www.invarena.cz\/index.php?rest_route=%2Fwp%2Fv2%2Ftags&post=39892"}],"curies":[{"name":"wp","href":"https:\/\/api.w.org\/{rel}","templated":true}]}}