{"id":39912,"date":"2023-05-30T04:31:56","date_gmt":"2023-05-30T02:31:56","guid":{"rendered":"https:\/\/www.invarena.cz\/?p=39912"},"modified":"2023-05-30T04:31:57","modified_gmt":"2023-05-30T02:31:57","slug":"sleva-na-operatora-se-meni-nekteri-prijdou-o-prispevek-200-korun-na-volani","status":"publish","type":"post","link":"https:\/\/www.invarena.cz\/?p=39912","title":{"rendered":"Sleva na oper\u00e1tora se m\u011bn\u00ed. N\u011bkte\u0159\u00ed p\u0159ijdou o p\u0159\u00edsp\u011bvek 200 korun na vol\u00e1n\u00ed"},"content":{"rendered":"\n<p>S n\u00e1padem na slevu pro chud\u00e9 ob\u010dany p\u0159i\u0161li z\u00e1konod\u00e1rci ji\u017e v polovin\u011b roku 2022. Novela z\u00e1kona o elektronick\u00fdch komunikac\u00edch pak za\u010dala platit od 1. ledna 2023 a umo\u017e\u0148ovala n\u00edzkop\u0159\u00edjmov\u00fdm ob\u010dan\u016fm za\u017e\u00e1dat o slevu 200 K\u010d m\u011bs\u00ed\u010dn\u011b na slu\u017eby oper\u00e1tora (a\u0165 u\u017e jde o vol\u00e1n\u00ed, SMS i mobiln\u00ed data).<\/p>\n\n\n\n<p>\u010cTK upozor\u0148uje na to, \u017ee z\u00e1kon o elektronick\u00fdch komunikac\u00edch se bude m\u011bnit, aby nedoch\u00e1zelo k mo\u017en\u00e9mu zneu\u017eit\u00ed. Aktu\u00e1ln\u011b toti\u017e sta\u010d\u00ed, aby va\u0161e p\u0159\u00edjmy nep\u0159ekro\u010dovaly 2,15n\u00e1sobek \u017eivotn\u00edho minima (zhruba 4860 K\u010d). To sta\u010d\u00ed \u201edolo\u017eit\u201c \u010destn\u00fdm prohl\u00e1\u0161en\u00edm a sleva je de facto va\u0161e.<\/p>\n\n\n\n<p>Podle nov\u00e9ho sc\u00e9n\u00e1\u0159e se v\u0161ak bude posuzovat finan\u010dn\u00ed situace \u017eadatel\u016f mnohem komplexn\u011bji. \u010cTK nap\u0159\u00edklad uv\u00e1d\u00ed, \u017ee n\u00e1rok na slevu nebudou m\u00edt lid\u00e9, kte\u0159\u00ed ji\u017e pob\u00edraj\u00ed p\u0159\u00edsp\u011bvek na \u017eivobyt\u00ed. Kompletn\u00ed seznam zm\u011bn v novele v\u0161ak zat\u00edm nebyl zve\u0159ejn\u011bn.<\/p>\n\n\n\n<p>Ji\u017e v \u00fanoru leto\u0161n\u00edho roku poslaneck\u00e1 sn\u011bmovna projedn\u00e1vala zm\u011bnu novely z\u00e1kona o elektronick\u00fdch komunikac\u00edch. Nap\u0159\u00edklad poslanec Patrik Nacher (ANO), jeden z p\u0159edkladatel\u016f p\u016fvodn\u00ed novelizace, po\u017eadoval zv\u00fd\u0161en\u00ed p\u0159\u00edsp\u011bvku z aktu\u00e1ln\u00edch 200 K\u010d na 300 K\u010d m\u011bs\u00ed\u010dn\u011b. Nicm\u00e9n\u011b tento n\u00e1vrh nebyl p\u0159ijat.<\/p>\n\n\n\n<p>Od zat\u00edm neofici\u00e1ln\u011b ohl\u00e1\u0161en\u00fdch zm\u011bn si vl\u00e1da p\u011btikoalice slibuje u\u0161et\u0159en\u00ed zhruba 240 milion\u016f korun. Faktem z\u016fst\u00e1v\u00e1, \u017ee slevu by m\u011bli vyu\u017e\u00edvat p\u0159edev\u0161\u00edm lid\u00e9, kte\u0159\u00ed p\u0159\u00edsp\u011bvek opravdu pot\u0159ebuj\u00ed a nemohou bez n\u011bj ufinancovat z\u00e1kladn\u00ed mo\u017enost zavolat \u010di napsat sv\u00fdm bl\u00edzk\u00fdm.<\/p>\n\n\n\n<p>\u010cTK<\/p>\n\n\n\n<p><\/p>\n\n\n\n<p><\/p>\n\n\n\n<p><\/p>\n\n\n\n<p><\/p>\n\n\n\n<p><\/p>\n\n\n\n<p><\/p>\n\n\n\n<p><\/p>\n\n\n\n<p><\/p>\n\n\n\n<p><\/p>\n\n\n\n<p><\/p>\n\n\n\n<p><\/p>\n\n\n\n<p><\/p>\n","protected":false},"excerpt":{"rendered":"<div class=\"mh-excerpt\"><p>S n\u00e1padem na slevu pro chud\u00e9 ob\u010dany p\u0159i\u0161li z\u00e1konod\u00e1rci ji\u017e v polovin\u011b roku 2022. Novela z\u00e1kona o elektronick\u00fdch komunikac\u00edch pak za\u010dala platit od 1. ledna <a class=\"mh-excerpt-more\" href=\"https:\/\/www.invarena.cz\/?p=39912\" title=\"Sleva na oper\u00e1tora se m\u011bn\u00ed. N\u011bkte\u0159\u00ed p\u0159ijdou o p\u0159\u00edsp\u011bvek 200 korun na vol\u00e1n\u00ed\">[&#8230;]<\/a><\/p>\n<\/div>","protected":false},"author":1,"featured_media":24121,"comment_status":"open","ping_status":"closed","sticky":false,"template":"","format":"standard","meta":{"footnotes":""},"categories":[1],"tags":[],"class_list":["post-39912","post","type-post","status-publish","format-standard","has-post-thumbnail","hentry","category-nezarazene"],"_links":{"self":[{"href":"https:\/\/www.invarena.cz\/index.php?rest_route=\/wp\/v2\/posts\/39912","targetHints":{"allow":["GET"]}}],"collection":[{"href":"https:\/\/www.invarena.cz\/index.php?rest_route=\/wp\/v2\/posts"}],"about":[{"href":"https:\/\/www.invarena.cz\/index.php?rest_route=\/wp\/v2\/types\/post"}],"author":[{"embeddable":true,"href":"https:\/\/www.invarena.cz\/index.php?rest_route=\/wp\/v2\/users\/1"}],"replies":[{"embeddable":true,"href":"https:\/\/www.invarena.cz\/index.php?rest_route=%2Fwp%2Fv2%2Fcomments&post=39912"}],"version-history":[{"count":0,"href":"https:\/\/www.invarena.cz\/index.php?rest_route=\/wp\/v2\/posts\/39912\/revisions"}],"wp:featuredmedia":[{"embeddable":true,"href":"https:\/\/www.invarena.cz\/index.php?rest_route=\/wp\/v2\/media\/24121"}],"wp:attachment":[{"href":"https:\/\/www.invarena.cz\/index.php?rest_route=%2Fwp%2Fv2%2Fmedia&parent=39912"}],"wp:term":[{"taxonomy":"category","embeddable":true,"href":"https:\/\/www.invarena.cz\/index.php?rest_route=%2Fwp%2Fv2%2Fcategories&post=39912"},{"taxonomy":"post_tag","embeddable":true,"href":"https:\/\/www.invarena.cz\/index.php?rest_route=%2Fwp%2Fv2%2Ftags&post=39912"}],"curies":[{"name":"wp","href":"https:\/\/api.w.org\/{rel}","templated":true}]}}