{"id":39950,"date":"2023-06-01T18:29:21","date_gmt":"2023-06-01T16:29:21","guid":{"rendered":"https:\/\/www.invarena.cz\/?p=39950"},"modified":"2023-06-01T18:29:22","modified_gmt":"2023-06-01T16:29:22","slug":"vystup-na-snezku-prinesl-pres-milion-penize-pomohou-chlapci-s-amputovanou-nohou","status":"publish","type":"post","link":"https:\/\/www.invarena.cz\/?p=39950","title":{"rendered":"V\u00fdstup na Sn\u011b\u017eku p\u0159inesl p\u0159es milion. Pen\u00edze pomohou chlapci s amputovanou nohou"},"content":{"rendered":"\n<p>P\u0159i 11. ro\u010dn\u00edku charitativn\u00edho v\u00fdstupu na Sn\u011b\u017eku se Nada\u010dn\u00edmu fondu KlaPeto poda\u0159ilo vybrat 1 244 000 korun. Akce se tentokr\u00e1t konala ve prosp\u011bch jeden\u00e1ctilet\u00e9ho Va\u0161ka Mikolina z Chrudimi, kter\u00fd m\u00e1 amputovanou nohu, a dal\u0161\u00edch handicapovan\u00fdch d\u011bt\u00ed. Va\u0161ek se narodil s vrozenou v\u00fdvojovou vadou lev\u00e9 nohy, kter\u00e1 byla od kolene dol\u016f deformovan\u00e1. Pozd\u011bji mu proto musela b\u00fdt amputov\u00e1na.<\/p>\n\n\n\n<p>Sb\u00edrka nicm\u00e9n\u011b je\u0161t\u011b nekon\u010d\u00ed a je otev\u0159en\u00e1 a\u017e do podzimu. Sobotn\u00ed hromadn\u00fd v\u00fdstup zvl\u00e1dl Va\u0161ek Mikolin obdivuhodn\u011b, na nejvy\u0161\u0161\u00ed \u010deskou horu vystoupal z Pece pod Sn\u011b\u017ekou za 1 hodinu a 24 minut. Na Sn\u011b\u017eku se tradi\u010dn\u011b vydalo i mnoho amput\u00e1\u0159\u016f a dal\u0161\u00edch pravideln\u00fdch \u00fa\u010dastn\u00edk\u016f, v\u010detn\u011b 87let\u00e9 pan\u00ed Libu\u0161ky ze Svitav. Snad nejv\u011bt\u0161\u00edm borcem byl nevidom\u00fd pan Ladislav, kter\u00fd zdolal Sn\u011b\u017eku u\u017e podruh\u00e9.<\/p>\n\n\n\n<p>Va\u0161ek Mikolin dostal po n\u00e1vratu ze Sn\u011b\u017eky p\u0159i slavnostn\u00edm vyhl\u00e1\u0161en\u00ed od Nada\u010dn\u00edho fondu KlaPeto sportovn\u00ed prot\u00e9zu.<\/p>\n\n\n\n<p>\u201eZ t\u00e9 star\u00e9 u\u017e vyrostl a rodina si nem\u016f\u017ee dovolit novou, proto\u017ee ji nepropl\u00e1c\u00ed poji\u0161\u0165ovna,\u201c uvedla Kate\u0159ina Klasnov\u00e1, kter\u00e1 je spoluzakladatelkou Nada\u010dn\u00edho fondu KlaPeto. Druh\u00fdm zakladatelem je mistr \u010cesk\u00e9 republiky v hodu diskem a o\u0161t\u011bpem Jaroslav Petrou\u0161, kter\u00fd v roce 2011 kv\u016fli nesnesiteln\u00fdm bolestem podstoupil dobrovolnou amputaci lev\u00e9 nohy.<\/p>\n\n\n\n<p>Akci zavr\u0161il hudebn\u00ed festival HandicapFest, kterou moderoval Sa\u0161a Ra\u0161ilov a zazp\u00edval p\u0159i n\u00ed i Petr Kotvald se skupinou Trik nebo kapela Koneckonc\u016f.<\/p>\n\n\n\n<p>Podle maminky Hedviky Mikolinov\u00e9 jeden\u00e1ctilet\u00fd Va\u0161ek miluje j\u00edzdu na kole, ly\u017euje, hraje florbal, fotbal a z\u00e1vodn\u011b se v\u011bnuje plav\u00e1n\u00ed. \u201eZa chrudimsk\u00fd plaveck\u00fd klub z\u00e1vod\u00ed jak s d\u011btmi s posti\u017een\u00edm, tak zdrav\u00fdmi,\u201c dodal tat\u00ednek Lubo\u0161 Mikolin. Va\u0161ek si u\u017e\u00edv\u00e1 d\u011btstv\u00ed s kamar\u00e1dy a sv\u016fj zdravotn\u00ed probl\u00e9m ne\u0159e\u0161\u00ed. To d\u00edky dobr\u00fdm lidem, kte\u0159\u00ed ho obklopuj\u00ed, a\u0165 u\u017e se jedn\u00e1 o prarodi\u010de, protetika, majitelku p\u016fj\u010dovny ly\u017e\u00ed, fyzioterapeutky \u010di u\u010ditele ve \u0161kole.<\/p>\n\n\n\n<p>Pen\u00edze pomohou i dal\u0161\u00edm lidem<\/p>\n\n\n\n<p>Dal\u0161\u00ed vybran\u00e9 pen\u00edze poslou\u017e\u00ed jako v minul\u00fdch ro\u010dn\u00edc\u00edch dal\u0161\u00edm d\u011btem s hendikepem. Lo\u0148sk\u00fd v\u00fdstup na Sn\u011b\u017eku, kter\u00fd se konal pro Tom\u00e1\u0161ka se spin\u00e1ln\u00ed svalovou atrofi\u00ed, pomohl t\u00e9m\u011b\u0159 pades\u00e1ti d\u011btem.<\/p>\n\n\n\n<p>Sb\u00edrka Nada\u010dn\u00edho fondu KlaPeto je otev\u0159en\u00e1 a\u017e do podzimu. P\u0159\u00edsp\u011bvek lze zaslat na transparentn\u00ed sb\u00edrkov\u00fd \u00fa\u010det. Nada\u010dn\u00ed fond pom\u00e1h\u00e1 d\u011btem s r\u016fzn\u00fdmi hendikepy. Propl\u00e1c\u00ed jim nap\u0159\u00edklad neurorehabilita\u010dn\u00ed cvi\u010den\u00ed ve slovensk\u00fdch Pie\u0161\u0165anech, kde tuto metodu pro d\u011bti s d\u011btskou mozkovou obrnou a podobn\u00fdmi diagn\u00f3zami vyu\u017eili jako prvn\u00ed.<\/p>\n\n\n\n<p>Jan Braun<\/p>\n\n\n\n<p>Den\u00edk.cz<\/p>\n\n\n\n<p><a href=\"https:\/\/www.denik.cz\/\" target=\"_blank\" rel=\"noreferrer noopener\">https:\/\/www.denik.cz\/<\/a><\/p>\n","protected":false},"excerpt":{"rendered":"<div class=\"mh-excerpt\"><p>P\u0159i 11. ro\u010dn\u00edku charitativn\u00edho v\u00fdstupu na Sn\u011b\u017eku se Nada\u010dn\u00edmu fondu KlaPeto poda\u0159ilo vybrat 1 244 000 korun. Akce se tentokr\u00e1t konala ve prosp\u011bch jeden\u00e1ctilet\u00e9ho Va\u0161ka <a class=\"mh-excerpt-more\" href=\"https:\/\/www.invarena.cz\/?p=39950\" title=\"V\u00fdstup na Sn\u011b\u017eku p\u0159inesl p\u0159es milion. Pen\u00edze pomohou chlapci s amputovanou nohou\">[&#8230;]<\/a><\/p>\n<\/div>","protected":false},"author":1,"featured_media":17096,"comment_status":"open","ping_status":"closed","sticky":false,"template":"","format":"standard","meta":{"footnotes":""},"categories":[9],"tags":[],"class_list":["post-39950","post","type-post","status-publish","format-standard","has-post-thumbnail","hentry","category-zpravy"],"_links":{"self":[{"href":"https:\/\/www.invarena.cz\/index.php?rest_route=\/wp\/v2\/posts\/39950","targetHints":{"allow":["GET"]}}],"collection":[{"href":"https:\/\/www.invarena.cz\/index.php?rest_route=\/wp\/v2\/posts"}],"about":[{"href":"https:\/\/www.invarena.cz\/index.php?rest_route=\/wp\/v2\/types\/post"}],"author":[{"embeddable":true,"href":"https:\/\/www.invarena.cz\/index.php?rest_route=\/wp\/v2\/users\/1"}],"replies":[{"embeddable":true,"href":"https:\/\/www.invarena.cz\/index.php?rest_route=%2Fwp%2Fv2%2Fcomments&post=39950"}],"version-history":[{"count":0,"href":"https:\/\/www.invarena.cz\/index.php?rest_route=\/wp\/v2\/posts\/39950\/revisions"}],"wp:featuredmedia":[{"embeddable":true,"href":"https:\/\/www.invarena.cz\/index.php?rest_route=\/wp\/v2\/media\/17096"}],"wp:attachment":[{"href":"https:\/\/www.invarena.cz\/index.php?rest_route=%2Fwp%2Fv2%2Fmedia&parent=39950"}],"wp:term":[{"taxonomy":"category","embeddable":true,"href":"https:\/\/www.invarena.cz\/index.php?rest_route=%2Fwp%2Fv2%2Fcategories&post=39950"},{"taxonomy":"post_tag","embeddable":true,"href":"https:\/\/www.invarena.cz\/index.php?rest_route=%2Fwp%2Fv2%2Ftags&post=39950"}],"curies":[{"name":"wp","href":"https:\/\/api.w.org\/{rel}","templated":true}]}}