{"id":39953,"date":"2023-06-01T18:35:18","date_gmt":"2023-06-01T16:35:18","guid":{"rendered":"https:\/\/www.invarena.cz\/?p=39953"},"modified":"2023-06-01T18:35:18","modified_gmt":"2023-06-01T16:35:18","slug":"jsme-tu-take-aneb-festival-nejen-pro-postizene-v-prostejove","status":"publish","type":"post","link":"https:\/\/www.invarena.cz\/?p=39953","title":{"rendered":"Jsme tu tak\u00e9 aneb Festival nejen pro posti\u017een\u00e9 v\u00a0Prost\u011bjov\u011b"},"content":{"rendered":"\n<p>Festival nejen pro posti\u017een\u00e9 se v Prost\u011bjov\u011b vyda\u0159il. D\u00edk po\u0159adatel\u016fm, \u00fa\u010dinkuj\u00edc\u00edm a z\u00e1rove\u0148 div\u00e1k\u016fm, host\u016fm, i po\u010das\u00ed. Za p\u0159\u00edsp\u011bvek velmi d\u011bkujeme.<\/p>\n\n\n\n<p>Heslo, kter\u00e9 bylo v\u0161em viditeln\u00e9 nad sc\u00e9nou bylo jednoduch\u00e9 a \u0159\u00edkalo &#8211; Jsme tu tak\u00e9. Ano, \u017eij\u00ed mezi n\u00e1mi lid\u00e9, kter\u00fdm Osud zcela nep\u0159\u00e1l v\u0161eho, ale i oni cht\u011bj\u00ed norm\u00e1ln\u011b \u017e\u00edt a bavit se a za\u017e\u00edt v nudn\u00e9 \u0161edi ka\u017edodenn\u00edch dn\u016f n\u011bjakou z\u00e1bavu.<\/p>\n\n\n\n<p>Na\u0161t\u011bst\u00ed v Prost\u011bjov\u011b je skupina lid\u00ed, kter\u00e1 pro n\u011b &#8211; ale i s nimi, d\u011bl\u00e1 n\u00e1dhern\u00fd festival a tak v p\u00e1tek 26. kv\u011btna, na n\u00e1m\u011bst\u00ed u muzea bylo podium, kde se st\u0159\u00eddali \u00fa\u010dinkuj\u00edc\u00ed z cel\u00e9 republiky jednak v roli \u00fa\u010dinkuj\u00edc\u00edch ale i div\u00e1k\u016f.<\/p>\n\n\n\n<p>Sem tam prost\u0159\u00edd\u00e1ni i n\u011bjak\u00fdmi hosty. A bylo n\u00e1dhern\u00e9 se d\u00edvat, jak ta vystoupen\u00ed, dlouho nacvi\u010den\u00e1, t\u011bm z\u00fa\u010dastn\u011bn\u00fdm p\u0159inesla ohromn\u00fd pocit &#8222;b\u00fdt u toho &#8222;!<\/p>\n\n\n\n<p>Na p\u00f3diu se st\u0159\u00eddaly i prost\u011bjovsk\u00e9 spolky a skupiny &#8211; a my jsme fotografi\u00ed zastihli vystoupen\u00ed prost\u011bjovsk\u00fdch loutk\u00e1\u0159\u016f z Loutkov\u00e9ho divadla Starost.<\/p>\n\n\n\n<p>Pod\u011bkov\u00e1n\u00ed tedy pat\u0159\u00ed zejm\u00e9na po\u0159adatel\u016fm, kte\u0159\u00ed dok\u00e1zali tento festival vybudovat doslova z ni\u010deho! Dr\u017e\u00edme jim palce i nap\u0159esrok!<\/p>\n\n\n\n<p>Ivan \u010cech<\/p>\n\n\n\n<p>Prost\u011bjovsk\u00fd den\u00edk<\/p>\n\n\n\n<p><a href=\"https:\/\/prostejovsky.denik.cz\/\" target=\"_blank\" rel=\"noreferrer noopener\">https:\/\/prostejovsky.denik.cz\/<\/a><\/p>\n","protected":false},"excerpt":{"rendered":"<div class=\"mh-excerpt\"><p>Festival nejen pro posti\u017een\u00e9 se v Prost\u011bjov\u011b vyda\u0159il. D\u00edk po\u0159adatel\u016fm, \u00fa\u010dinkuj\u00edc\u00edm a z\u00e1rove\u0148 div\u00e1k\u016fm, host\u016fm, i po\u010das\u00ed. Za p\u0159\u00edsp\u011bvek velmi d\u011bkujeme. Heslo, kter\u00e9 bylo v\u0161em <a class=\"mh-excerpt-more\" href=\"https:\/\/www.invarena.cz\/?p=39953\" title=\"Jsme tu tak\u00e9 aneb Festival nejen pro posti\u017een\u00e9 v\u00a0Prost\u011bjov\u011b\">[&#8230;]<\/a><\/p>\n<\/div>","protected":false},"author":1,"featured_media":23406,"comment_status":"open","ping_status":"closed","sticky":false,"template":"","format":"standard","meta":{"footnotes":""},"categories":[9],"tags":[],"class_list":["post-39953","post","type-post","status-publish","format-standard","has-post-thumbnail","hentry","category-zpravy"],"_links":{"self":[{"href":"https:\/\/www.invarena.cz\/index.php?rest_route=\/wp\/v2\/posts\/39953","targetHints":{"allow":["GET"]}}],"collection":[{"href":"https:\/\/www.invarena.cz\/index.php?rest_route=\/wp\/v2\/posts"}],"about":[{"href":"https:\/\/www.invarena.cz\/index.php?rest_route=\/wp\/v2\/types\/post"}],"author":[{"embeddable":true,"href":"https:\/\/www.invarena.cz\/index.php?rest_route=\/wp\/v2\/users\/1"}],"replies":[{"embeddable":true,"href":"https:\/\/www.invarena.cz\/index.php?rest_route=%2Fwp%2Fv2%2Fcomments&post=39953"}],"version-history":[{"count":0,"href":"https:\/\/www.invarena.cz\/index.php?rest_route=\/wp\/v2\/posts\/39953\/revisions"}],"wp:featuredmedia":[{"embeddable":true,"href":"https:\/\/www.invarena.cz\/index.php?rest_route=\/wp\/v2\/media\/23406"}],"wp:attachment":[{"href":"https:\/\/www.invarena.cz\/index.php?rest_route=%2Fwp%2Fv2%2Fmedia&parent=39953"}],"wp:term":[{"taxonomy":"category","embeddable":true,"href":"https:\/\/www.invarena.cz\/index.php?rest_route=%2Fwp%2Fv2%2Fcategories&post=39953"},{"taxonomy":"post_tag","embeddable":true,"href":"https:\/\/www.invarena.cz\/index.php?rest_route=%2Fwp%2Fv2%2Ftags&post=39953"}],"curies":[{"name":"wp","href":"https:\/\/api.w.org\/{rel}","templated":true}]}}