{"id":39956,"date":"2023-06-01T18:40:52","date_gmt":"2023-06-01T16:40:52","guid":{"rendered":"https:\/\/www.invarena.cz\/?p=39956"},"modified":"2023-06-01T18:40:53","modified_gmt":"2023-06-01T16:40:53","slug":"decinska-zoo-bude-patrit-handicapovanym-probehne-uz-18-noc-snu","status":"publish","type":"post","link":"https:\/\/www.invarena.cz\/?p=39956","title":{"rendered":"D\u011b\u010d\u00ednsk\u00e1 zoo bude pat\u0159it handicapovan\u00fdm. Prob\u011bhne u\u017e 18. Noc sn\u016f"},"content":{"rendered":"\n<p>U\u017e v p\u00e1tek 2. \u010dervna bude d\u011b\u010d\u00ednsk\u00e1 zoologick\u00e1 zahrada op\u011bt bavit handicapovan\u00e9 a chronicky nemocn\u00e9. Prob\u011bhne 18. ro\u010dn\u00edk akce s n\u00e1zvem Noc sn\u016f.<\/p>\n\n\n\n<p>Jde o ve\u010der pln\u00fd nev\u0161edn\u00edch z\u00e1\u017eitk\u016f a spln\u011bn\u00fdch p\u0159\u00e1n\u00ed pro lidi s handicapem, pro kter\u00e9 se zoo sna\u017e\u00ed zprost\u0159edkovat z\u00e1\u017eitky, kter\u00e9 by mo\u017en\u00e1 kv\u016fli sv\u00e9mu posti\u017een\u00ed nebo nemoci nem\u011bli mo\u017enost pro\u017e\u00edt. &#8222;\u00da\u010dastn\u00edci se mohou t\u011b\u0161it nap\u0159\u00edklad na \u017eongl\u00e9rsk\u00e9, kejkl\u00ed\u0159sk\u00e9 nebo \u0161erm\u00ed\u0159sk\u00e9 vystoupen\u00ed skupiny Wagabundus Collective, oh\u0148ovou show, diskot\u00e9ku s DJ Va\u0161kem \u0160ediv\u00fdm. D\u011bti a u\u010ditel\u00e9 ze Z\u0160 Dr. Miroslava Tyr\u0161e D\u011b\u010d\u00edn si pro handicapovan\u00e9 p\u0159ipravili malov\u00e1n\u00ed na obli\u010dej, kreativn\u00ed d\u00edlnu i mo\u017enost vyzkou\u0161et si florbal,&#8220; uvedla mluv\u010d\u00ed zoo Alena Hou\u0161kov\u00e1.<\/p>\n\n\n\n<p>Stejn\u011b jako loni, ani letos nebudou chyb\u011bt obl\u00edben\u00e9 pohybov\u00e9 hry se Skautsk\u00fdm odd\u00edlem Stopa D\u011b\u010d\u00edn nebo p\u0159ek\u00e1\u017ekov\u00e1 dr\u00e1ha Spartan D\u011b\u010d\u00edn. \u00dasm\u011bvy na tv\u00e1\u0159\u00edch vykouzl\u00ed jist\u011b i bublinov\u00e1 pod\u00edvan\u00e1 od DDM D\u011b\u010d\u00edn, uk\u00e1zky sokolnictv\u00ed Ob\u010dansk\u00e9ho sdru\u017een\u00ed Roz\u00e1rka z Ji\u0159\u00edkova, prezentace Asociace str\u00e1\u017ec\u016f p\u0159\u00edrody anebo stanovi\u0161t\u011b se zv\u00ed\u0159aty. \u201eJedine\u010dnost t\u00e9to akce spo\u010d\u00edv\u00e1 v tom, \u017ee se kon\u00e1 ve stejn\u00fd okam\u017eik na mnoha m\u00edstech sv\u011bta, letos se k Noci sn\u016f p\u0159ipoj\u00ed celkem 300 zoologick\u00fdch zahrad po cel\u00e9m sv\u011bt\u011b. Je pro ni vyhrazen v\u017edy 1. \u010dervnov\u00fd p\u00e1tek, letos tedy 2. \u010dervna od 18 hodin. Akce je ur\u010dena nejen pro klienty \u00fastav\u016f soci\u00e1ln\u00ed p\u00e9\u010de, ale tak\u00e9 pro nemocn\u00e9 d\u011bti z rodin. Letos si Noc sn\u016f u n\u00e1s u\u017eije zhruba t\u0159i sta pades\u00e1t host\u016f,\u201c popsala mluv\u010d\u00ed a dodala, \u017ee 18. ro\u010dn\u00edk Noci sn\u016f finan\u010dn\u011b podpo\u0159il \u00dasteck\u00fd kraj a pod\u00edl\u00ed se na n\u00ed i spousta dal\u0161\u00edch sponzor\u016f a dobrovoln\u00edk\u016f.<\/p>\n\n\n\n<p>V souvislosti s kon\u00e1n\u00edm charitativn\u00ed akce dojde k \u010d\u00e1ste\u010dn\u00e9mu omezen\u00ed provozu zoo. Pro b\u011b\u017en\u00e9 n\u00e1v\u0161t\u011bvn\u00edky bude zoo v p\u00e1tek 2. \u010dervna otev\u0159ena pouze do 17 hodin. Vstupenky bude mo\u017en\u00e9 zakoupit nejd\u00e9le do 16 hodin.<\/p>\n\n\n\n<p>My\u0161lenka uspo\u0159\u00e1dat Noc sn\u016f se zrodila v roce 1996 v Zoo Rotterdam, kter\u00e1 uspo\u0159\u00e1dala ve\u010der pro d\u011btsk\u00e9 onkologick\u00e9 pacienty tamn\u00ed nemocnice. Pot\u00e9 se rychle roz\u0161\u00ed\u0159ila do cel\u00e9ho sv\u011bta a o osm let pozd\u011bji se k n\u00ed jako prvn\u00ed \u010desk\u00e1 zoologick\u00e1 zahrada p\u0159ipojila i d\u011b\u010d\u00ednsk\u00e1 zoo. Postupn\u011b ji za\u010daly realizovat i dal\u0161\u00ed \u010desk\u00e9 zoologick\u00e9 zahrady.<\/p>\n\n\n\n<p>Zdroj: Zoo D\u011b\u010d\u00edn<\/p>\n\n\n\n<p>Jitka Vep\u0159ovsk\u00e1<\/p>\n\n\n\n<p>D\u011b\u010d\u00ednsk\u00fd den\u00edk<\/p>\n\n\n\n<p><a href=\"https:\/\/decinsky.denik.cz\/\" target=\"_blank\" rel=\"noreferrer noopener\">https:\/\/decinsky.denik.cz\/<\/a><\/p>\n","protected":false},"excerpt":{"rendered":"<div class=\"mh-excerpt\"><p>U\u017e v p\u00e1tek 2. \u010dervna bude d\u011b\u010d\u00ednsk\u00e1 zoologick\u00e1 zahrada op\u011bt bavit handicapovan\u00e9 a chronicky nemocn\u00e9. Prob\u011bhne 18. ro\u010dn\u00edk akce s n\u00e1zvem Noc sn\u016f. Jde o <a class=\"mh-excerpt-more\" href=\"https:\/\/www.invarena.cz\/?p=39956\" title=\"D\u011b\u010d\u00ednsk\u00e1 zoo bude pat\u0159it handicapovan\u00fdm. Prob\u011bhne u\u017e 18. Noc sn\u016f\">[&#8230;]<\/a><\/p>\n<\/div>","protected":false},"author":1,"featured_media":34689,"comment_status":"open","ping_status":"closed","sticky":false,"template":"","format":"standard","meta":{"footnotes":""},"categories":[9],"tags":[],"class_list":["post-39956","post","type-post","status-publish","format-standard","has-post-thumbnail","hentry","category-zpravy"],"_links":{"self":[{"href":"https:\/\/www.invarena.cz\/index.php?rest_route=\/wp\/v2\/posts\/39956","targetHints":{"allow":["GET"]}}],"collection":[{"href":"https:\/\/www.invarena.cz\/index.php?rest_route=\/wp\/v2\/posts"}],"about":[{"href":"https:\/\/www.invarena.cz\/index.php?rest_route=\/wp\/v2\/types\/post"}],"author":[{"embeddable":true,"href":"https:\/\/www.invarena.cz\/index.php?rest_route=\/wp\/v2\/users\/1"}],"replies":[{"embeddable":true,"href":"https:\/\/www.invarena.cz\/index.php?rest_route=%2Fwp%2Fv2%2Fcomments&post=39956"}],"version-history":[{"count":0,"href":"https:\/\/www.invarena.cz\/index.php?rest_route=\/wp\/v2\/posts\/39956\/revisions"}],"wp:featuredmedia":[{"embeddable":true,"href":"https:\/\/www.invarena.cz\/index.php?rest_route=\/wp\/v2\/media\/34689"}],"wp:attachment":[{"href":"https:\/\/www.invarena.cz\/index.php?rest_route=%2Fwp%2Fv2%2Fmedia&parent=39956"}],"wp:term":[{"taxonomy":"category","embeddable":true,"href":"https:\/\/www.invarena.cz\/index.php?rest_route=%2Fwp%2Fv2%2Fcategories&post=39956"},{"taxonomy":"post_tag","embeddable":true,"href":"https:\/\/www.invarena.cz\/index.php?rest_route=%2Fwp%2Fv2%2Ftags&post=39956"}],"curies":[{"name":"wp","href":"https:\/\/api.w.org\/{rel}","templated":true}]}}