{"id":39959,"date":"2023-06-01T18:48:03","date_gmt":"2023-06-01T16:48:03","guid":{"rendered":"https:\/\/www.invarena.cz\/?p=39959"},"modified":"2023-06-02T10:18:55","modified_gmt":"2023-06-02T08:18:55","slug":"sklari-z-kristaloveho-udoli-vytvorili-pro-soutez-nevidomych-trofej-v-podobe-psa","status":"publish","type":"post","link":"https:\/\/www.invarena.cz\/?p=39959","title":{"rendered":"Skl\u00e1\u0159i z K\u0159i\u0161\u0165\u00e1lov\u00e9ho \u00fadol\u00ed vytvo\u0159ili pro sout\u011b\u017e nevidom\u00fdch trofej v podob\u011b psa"},"content":{"rendered":"\n<p>Nevidom\u00ed a slabozrac\u00ed sout\u011b\u017e\u00edc\u00ed ze v\u0161ech kout\u016f republiky se sjedou spolu se sv\u00fdmi ps\u00edmi pomocn\u00edky do m\u011bsta pod Je\u0161t\u011bdem, kde se u\u017e v ned\u011bli 4. \u010dervna uskute\u010dn\u00ed Mistrovstv\u00ed \u010cesk\u00e9 republiky vodic\u00edch ps\u016f \u2013 Memori\u00e1l Simony Karlovcov\u00e9. V\u00edt\u011bz se bude moci radovat z trofeje, kterou u\u017e pot\u0159et\u00ed vytvo\u0159ili skl\u00e1\u0159i z K\u0159i\u0161\u0165\u00e1lov\u00e9ho \u00fadol\u00ed.<\/p>\n\n\n\n<p>Letos ji organiz\u00e1tor\u016fm vyrobila St\u0159edn\u00ed um\u011bleckopr\u016fmyslov\u00e1 \u0161kola skl\u00e1\u0159sk\u00e1 z Kamenick\u00e9ho \u0160enova. \u201eVymysleli jsme k\u0159i\u0161\u0165\u00e1lov\u00e9ho psa. Necht\u011bli jsme re\u00e1ln\u00e9 zv\u00ed\u0159e, na\u0161eho psa tvo\u0159\u00ed \u010dir\u00e9 geometrick\u00e9 tvary. P\u0159ipom\u00edn\u00e1 skl\u00e1da\u010dku z d\u011btsk\u00fdch hrac\u00edch kostek,\u201c informoval \u0159editel \u0161koly Pavel Kop\u0159iva, kter\u00fd trofej tvo\u0159il spole\u010dn\u011b s d\u00edlensk\u00fdm u\u010ditelem Josefem K\u0159\u00ed\u017eem.<\/p>\n\n\n\n<p>\u201eCht\u011bli jsme tu cenu ud\u011blat n\u011bjak nov\u011b, neopakovat ta p\u0159edchoz\u00ed t\u00e9mata. Mysl\u00edm, \u017ee se to p\u011bkn\u011b poda\u0159ilo,\u201c dodal K\u0159\u00ed\u017e. Mohutn\u00e1 trofej v\u00e1\u017e\u00ed p\u0159ibli\u017en\u011b dva kilogramy a modern\u011b ztv\u00e1rn\u011bn\u00fd pes m\u00e1 d\u00e9lku p\u0159es t\u0159icet centimetr\u016f.<\/p>\n\n\n\n<p>Tradici zah\u00e1jil p\u0159ed t\u0159emi lety Ji\u0159\u00ed Pa\u010dinek z Kunratic u Cvikova, kdy\u017e vlastnoru\u010dn\u011b vyrobil sklen\u011bn\u00e9ho labradora s and\u011blsk\u00fdmi k\u0159\u00eddly. Jeho d\u00edlo odkazovalo na p\u0159\u00edb\u011bh nevidom\u00e9 Simony Karlovcov\u00e9 z Jablonce nad Nisou, jej\u00ed\u017e jm\u00e9no z\u00e1vod nese. Nav\u00e1zal na n\u011bj skl\u00e1\u0159 Zden\u011bk Kunc z Radvance na Novoborsku. se svou abstraktn\u00ed plastikou v haptick\u00e9m proveden\u00ed.<\/p>\n\n\n\n<p>\u201eBez t\u00e9hle kr\u00e1sn\u00e9 pomoci bychom byli nuceni koupit unifikovan\u00fd zlat\u00fd poh\u00e1r z plastu. Po\u0159\u00e1d\u00e1n\u00ed mistrovstv\u00ed stoj\u00ed hodn\u011b pen\u011bz a my mus\u00edme s finan\u010dn\u00edmi prost\u0159edky zach\u00e1zet \u00fasporn\u011b,\u201c osv\u011btlil \u0159editel z\u00e1vodu, nevidom\u00fd Roman Van\u011bk.<\/p>\n\n\n\n<p>Mistrovstv\u00ed \u010cesk\u00e9 republiky vodic\u00edch ps\u016f se v Liberci uskute\u010dn\u00ed u\u017e tuto ned\u011bli 4. \u010dervna na n\u00e1m\u011bst\u00ed Dr. E. Bene\u0161e. N\u00e1v\u0161t\u011bvn\u00edci akce m\u016f\u017eou sledovat vodic\u00ed psy p\u0159i pr\u00e1ci. Zv\u00ed\u0159ata mus\u00ed nejprve prok\u00e1zat svou poslu\u0161nost ve zkou\u0161ce z\u00e1kladn\u00edch povel\u016f. N\u00e1sledn\u011b se sout\u011b\u017e\u00edc\u00ed se psem a dv\u011bma rozhod\u010d\u00edmi vyd\u00e1 na ur\u010denou trasu ulicemi, p\u0159i kter\u00e9 mus\u00ed \u010dty\u0159noh\u00fd pomocn\u00edk sv\u00e9ho majitele bezpe\u010dn\u011b prov\u00e9st v\u0161emi \u00faskal\u00edmi m\u011bstsk\u00e9ho provozu.<\/p>\n\n\n\n<p>Libereck\u00fd z\u00e1vod nab\u00eddne i program pro ve\u0159ejnost. Z\u00e1jemci si nap\u0159\u00edklad m\u016f\u017eou s klapkami na o\u010d\u00edch a b\u00edlou hol\u00ed proj\u00edt kr\u00e1tk\u00fd labyrint. Mohou se tak\u00e9 projet na dvojkole, na kter\u00e9m jezd\u00ed zrakov\u011b znev\u00fdhodn\u011bn\u00ed s doprovodem. D\u00e1le budou k dispozici uk\u00e1zky speci\u00e1ln\u00ed techniky pro nevidom\u00e9, fyzioterapie pro psy a \u00fapln\u011b poprv\u00e9 se p\u0159edstav\u00ed i restaurace pro psy \u2013 Pestaurace.<\/p>\n\n\n\n<p>Sout\u011b\u017e organizuje varnsdorfsk\u00fd spolek \u017divot jde d\u00e1l, kter\u00fd vedou Marcela a Roman Va\u0148kovi. Roman Van\u011bk je nevidom\u00fd, p\u0159i\u0161el o zrak v d\u016fsledku onemocn\u011bn\u00ed cukrovkou. Spolek po\u0159\u00e1d\u00e1 sportovn\u00ed a kulturn\u00ed akce pro zrakov\u011b znev\u00fdhodn\u011bn\u00e9 a mimo jin\u00e9 organizuje i v\u00fdukov\u00e9 besedy pro \u0161koln\u00ed d\u011bti.<\/p>\n\n\n\n<p>Ji\u0159\u00ed Louda<\/p>\n\n\n\n<p>Libereck\u00fd den\u00edk<\/p>\n\n\n\n<p><a href=\"https:\/\/liberecky.denik.cz\/\" target=\"_blank\" rel=\"noreferrer noopener\">https:\/\/liberecky.denik.cz\/<\/a><\/p>\n","protected":false},"excerpt":{"rendered":"<div class=\"mh-excerpt\"><p>Nevidom\u00ed a slabozrac\u00ed sout\u011b\u017e\u00edc\u00ed ze v\u0161ech kout\u016f republiky se sjedou spolu se sv\u00fdmi ps\u00edmi pomocn\u00edky do m\u011bsta pod Je\u0161t\u011bdem, kde se u\u017e v ned\u011bli 4. <a class=\"mh-excerpt-more\" href=\"https:\/\/www.invarena.cz\/?p=39959\" title=\"Skl\u00e1\u0159i z K\u0159i\u0161\u0165\u00e1lov\u00e9ho \u00fadol\u00ed vytvo\u0159ili pro sout\u011b\u017e nevidom\u00fdch trofej v podob\u011b psa\">[&#8230;]<\/a><\/p>\n<\/div>","protected":false},"author":1,"featured_media":14242,"comment_status":"open","ping_status":"closed","sticky":false,"template":"","format":"standard","meta":{"footnotes":""},"categories":[9],"tags":[],"class_list":["post-39959","post","type-post","status-publish","format-standard","has-post-thumbnail","hentry","category-zpravy"],"_links":{"self":[{"href":"https:\/\/www.invarena.cz\/index.php?rest_route=\/wp\/v2\/posts\/39959","targetHints":{"allow":["GET"]}}],"collection":[{"href":"https:\/\/www.invarena.cz\/index.php?rest_route=\/wp\/v2\/posts"}],"about":[{"href":"https:\/\/www.invarena.cz\/index.php?rest_route=\/wp\/v2\/types\/post"}],"author":[{"embeddable":true,"href":"https:\/\/www.invarena.cz\/index.php?rest_route=\/wp\/v2\/users\/1"}],"replies":[{"embeddable":true,"href":"https:\/\/www.invarena.cz\/index.php?rest_route=%2Fwp%2Fv2%2Fcomments&post=39959"}],"version-history":[{"count":0,"href":"https:\/\/www.invarena.cz\/index.php?rest_route=\/wp\/v2\/posts\/39959\/revisions"}],"wp:featuredmedia":[{"embeddable":true,"href":"https:\/\/www.invarena.cz\/index.php?rest_route=\/wp\/v2\/media\/14242"}],"wp:attachment":[{"href":"https:\/\/www.invarena.cz\/index.php?rest_route=%2Fwp%2Fv2%2Fmedia&parent=39959"}],"wp:term":[{"taxonomy":"category","embeddable":true,"href":"https:\/\/www.invarena.cz\/index.php?rest_route=%2Fwp%2Fv2%2Fcategories&post=39959"},{"taxonomy":"post_tag","embeddable":true,"href":"https:\/\/www.invarena.cz\/index.php?rest_route=%2Fwp%2Fv2%2Ftags&post=39959"}],"curies":[{"name":"wp","href":"https:\/\/api.w.org\/{rel}","templated":true}]}}