{"id":39962,"date":"2023-06-01T18:55:03","date_gmt":"2023-06-01T16:55:03","guid":{"rendered":"https:\/\/www.invarena.cz\/?p=39962"},"modified":"2023-06-01T18:55:03","modified_gmt":"2023-06-01T16:55:03","slug":"prochazka-zahradou-u-linharta-jako-pohlazeni-na-dusi","status":"publish","type":"post","link":"https:\/\/www.invarena.cz\/?p=39962","title":{"rendered":"Proch\u00e1zka zahradou u Linharta jako pohlazen\u00ed na du\u0161i"},"content":{"rendered":"\n<p>P\u0159es deset let spolupracuje M\u011bstsk\u00fd \u00fa\u0159ad Prachatice, m\u011bsto Prachatice s Domovem sv. Linharta v Chel\u010dic\u00edch, kter\u00fd poskytuje soci\u00e1ln\u00ed slu\u017eby, soci\u00e1ln\u00ed rehabilitace, soci\u00e1ln\u011b aktiviza\u010dn\u00ed slu\u017eby, soci\u00e1ln\u011b terapeutick\u00e9 d\u00edlny, ale i pe\u010dovatelskou slu\u017ebu v r\u00e1mci ORP Prachatice.<\/p>\n\n\n\n<p>Domov vytv\u00e1\u0159\u00ed podm\u00ednky a z\u00e1zem\u00ed pro kvalitn\u011bj\u0161\u00ed \u017eivot klient\u016f s r\u016fzn\u00fdmi typy posti\u017een\u00ed.<\/p>\n\n\n\n<p>Z\u00e1stupci Prachatic domov nav\u0161t\u00edvili, jednak aby p\u0159edali dodate\u010dn\u011b d\u00e1rky za \u00fa\u010dast klient\u016f v sout\u011b\u017ei pro virtu\u00e1ln\u00ed galerii o zvyc\u00edch Velikonoc, a tak\u00e9 se p\u0159esv\u011bd\u010dili o kvalit\u011b slu\u017eeb. M\u011bsto Prachatice dlouhodob\u011b odeb\u00edr\u00e1 v\u00fdrobky z chr\u00e1n\u011bn\u00e9 d\u00edlny. Dal\u0161\u00ed kr\u00e1sn\u00e9 p\u0159ekvapen\u00ed z\u00edskaj\u00ed \u201ePe\u010duj\u00edc\u00ed ORP Prachatice 2023\u201c, kter\u00e9 se pr\u00e1v\u011b dokon\u010duje v Chel\u010dic\u00edch.<\/p>\n\n\n\n<p>P\u0159i n\u00e1v\u0161t\u011bv\u011b klienti domova ve v\u00fdtvarn\u00e9m ateli\u00e9ru pod veden\u00edm Kl\u00e1ry Kavanov\u00e9 Mu\u0161kov\u00e9 si nejprve zn\u00e1zornili cvi\u010den\u00edm v\u00edtr a pak jej do p\u0159ipraven\u00fdch podklad\u016f z minul\u00e9ho sezen\u00ed malovali. Proch\u00e1zka rozkvetlou zahradou byla nejen pro n\u00e1s, ale v\u0161echny \u00fa\u010dastn\u00edky n\u00e1dhern\u00fdm pohlazen\u00edm.<\/p>\n\n\n\n<p>Kontakt na Chel\u010dick\u00fd domov sv. Linharta, Chel\u010dice 1, Vod\u0148any 389 01, \u0159editelka Mgr. Kl\u00e1ra Kavanov\u00e1 Mu\u0161kov\u00e1, telefon: 776134 683, E-mail: reditelka@linhart-chelcice.cz<\/p>\n\n\n\n<p>Hanka Rabenhauptov\u00e1<\/p>\n\n\n\n<p>Prachatick\u00fd den\u00edk<\/p>\n\n\n\n<p><a href=\"https:\/\/prachaticky.denik.cz\/\" target=\"_blank\" rel=\"noreferrer noopener\">https:\/\/prachaticky.denik.cz\/<\/a><\/p>\n","protected":false},"excerpt":{"rendered":"<div class=\"mh-excerpt\"><p>P\u0159es deset let spolupracuje M\u011bstsk\u00fd \u00fa\u0159ad Prachatice, m\u011bsto Prachatice s Domovem sv. Linharta v Chel\u010dic\u00edch, kter\u00fd poskytuje soci\u00e1ln\u00ed slu\u017eby, soci\u00e1ln\u00ed rehabilitace, soci\u00e1ln\u011b aktiviza\u010dn\u00ed slu\u017eby, soci\u00e1ln\u011b <a class=\"mh-excerpt-more\" href=\"https:\/\/www.invarena.cz\/?p=39962\" title=\"Proch\u00e1zka zahradou u Linharta jako pohlazen\u00ed na du\u0161i\">[&#8230;]<\/a><\/p>\n<\/div>","protected":false},"author":1,"featured_media":28624,"comment_status":"open","ping_status":"closed","sticky":false,"template":"","format":"standard","meta":{"footnotes":""},"categories":[9],"tags":[],"class_list":["post-39962","post","type-post","status-publish","format-standard","has-post-thumbnail","hentry","category-zpravy"],"_links":{"self":[{"href":"https:\/\/www.invarena.cz\/index.php?rest_route=\/wp\/v2\/posts\/39962","targetHints":{"allow":["GET"]}}],"collection":[{"href":"https:\/\/www.invarena.cz\/index.php?rest_route=\/wp\/v2\/posts"}],"about":[{"href":"https:\/\/www.invarena.cz\/index.php?rest_route=\/wp\/v2\/types\/post"}],"author":[{"embeddable":true,"href":"https:\/\/www.invarena.cz\/index.php?rest_route=\/wp\/v2\/users\/1"}],"replies":[{"embeddable":true,"href":"https:\/\/www.invarena.cz\/index.php?rest_route=%2Fwp%2Fv2%2Fcomments&post=39962"}],"version-history":[{"count":0,"href":"https:\/\/www.invarena.cz\/index.php?rest_route=\/wp\/v2\/posts\/39962\/revisions"}],"wp:featuredmedia":[{"embeddable":true,"href":"https:\/\/www.invarena.cz\/index.php?rest_route=\/wp\/v2\/media\/28624"}],"wp:attachment":[{"href":"https:\/\/www.invarena.cz\/index.php?rest_route=%2Fwp%2Fv2%2Fmedia&parent=39962"}],"wp:term":[{"taxonomy":"category","embeddable":true,"href":"https:\/\/www.invarena.cz\/index.php?rest_route=%2Fwp%2Fv2%2Fcategories&post=39962"},{"taxonomy":"post_tag","embeddable":true,"href":"https:\/\/www.invarena.cz\/index.php?rest_route=%2Fwp%2Fv2%2Ftags&post=39962"}],"curies":[{"name":"wp","href":"https:\/\/api.w.org\/{rel}","templated":true}]}}