{"id":39984,"date":"2023-06-02T19:24:39","date_gmt":"2023-06-02T17:24:39","guid":{"rendered":"https:\/\/www.invarena.cz\/?p=39984"},"modified":"2023-06-02T19:24:39","modified_gmt":"2023-06-02T17:24:39","slug":"klienti-centra-v-prerove-oslavili-svatek-jako-kvetinove-deti","status":"publish","type":"post","link":"https:\/\/www.invarena.cz\/?p=39984","title":{"rendered":"Klienti centra v P\u0159erov\u011b oslavili sv\u00e1tek jako kv\u011btinov\u00e9 d\u011bti"},"content":{"rendered":"\n<p>Kv\u011btiny ve vlasech, kor\u00e1lky a pestrobarevn\u00e9 vzory na \u0161atech. Klienti Aktiva\u010dn\u00edho centra Jsme tady v&nbsp;P\u0159erov\u011b oslavili Den d\u011bt\u00ed trochu netradi\u010dn\u011b &#8211; ve stylu hippies. Zahradou centra v&nbsp;Sokolsk\u00e9 ulici se nesl zvuk kytary, a kdo m\u011bl chu\u0165, mohl si i&nbsp;zazp\u00edvat. N\u00e1lada byla&nbsp;skv\u011bl\u00e1.<\/p>\n\n\n\n<p>\u201eHlavn\u00ed my\u0161lenkou bylo oslavit prvn\u00edho \u010dervna Den d\u011bt\u00ed. A&nbsp;kdy\u017e u\u017e na\u0161i klienti nejsou d\u011bti, tak mohou b\u00fdt alespo\u0148 tento den kv\u011btinov\u00e9 d\u011bti. Chceme v\u017edy jednou za \u010das ud\u011blat zm\u011bnu, abychom trochu naru\u0161ili obvykl\u00fd stereotyp. Klienti jsou spokojen\u00ed, co\u017e je vid\u011bt i&nbsp;na jejich tv\u00e1\u0159\u00edch,\u201c popsal \u0159editel&nbsp;Aktiva\u010dn\u00edho centra Jsme tady&nbsp;Pavel Soukup.<\/p>\n\n\n\n<p>Ka\u017ed\u00fd z\u00a0p\u0159\u00edtomn\u00fdch se nelehk\u00e9ho \u00fakolu ustrojit se do stylov\u00e9ho oble\u010dku \u0161edes\u00e1t\u00fdch let zhostil po sv\u00e9m. Kreativn\u011b ke sh\u00e1n\u011bn\u00ed oble\u010den\u00ed p\u0159istoupili i\u00a0zam\u011bstnanci centra.<\/p>\n\n\n\n<p>\u201eKa\u017ed\u00fd probral sv\u016fj \u0161atn\u00edk, n\u011bkte\u0159\u00ed v&nbsp;n\u011bm n\u011bco na\u0161li a jin\u00ed si dokonce n\u011bco u\u0161ili. V\u011bt\u0161ina z&nbsp;n\u00e1s ale s\u00e1hla po internetov\u00e9m obchodu,\u201c poznamenal s&nbsp;\u00fasm\u011bvem. Klienti se na slavnostn\u00ed den chystali \u0161est t\u00fddn\u016f. \u201eKrom\u011b toho, \u017ee si ka\u017ed\u00fd doma p\u0159ipravil origin\u00e1ln\u00ed kost\u00fdm, jsme vyr\u00e1b\u011bli ve v\u00fdtvarn\u00fdch d\u00edlni\u010dk\u00e1ch&nbsp;pap\u00edrov\u00fd&nbsp;autobus nebo kytaru. Nazdobili jsme i&nbsp;zahradu, kde dnes op\u00e9k\u00e1me \u0161pek\u00e1\u010dky,\u201c doplnila&nbsp;V\u011bra Sa\u0148kov\u00e1&nbsp;z&nbsp;denn\u00edho centra.<\/p>\n\n\n\n<p>Pracovn\u00edci se podle n\u00ed sna\u017e\u00ed program b\u011bhem roku v\u017edy n\u011b\u010d\u00edm ozvl\u00e1\u0161tnit. \u201eP\u0159ipom\u00edn\u00e1me si Valent\u00fdna, jednou jsme v&nbsp;l\u00e9t\u011b oslavili i&nbsp;V\u00e1noce. K&nbsp;t\u011bm tradi\u010dn\u00edm akc\u00edm pat\u0159\u00ed P\u00e1len\u00ed \u010darod\u011bjnic nebo&nbsp;Halloween,\u201c doplnila.<\/p>\n\n\n\n<p>Zahradu, kde se kon\u00e1&nbsp;v\u011bt\u0161ina akc\u00ed, m\u00e1 centrum pronajatou od m\u011bsta. \u201eV\u017edy jsme si p\u0159\u00e1li, abychom mohli na zahrad\u011b s&nbsp;klienty tr\u00e1vit dopoledne \u010das, kdy\u017e je venku hezky,\u201c zm\u00ednila. Podle n\u00ed se poda\u0159ilo z\u00edskat grant a spravit na zahrad\u011b chodn\u00edk. Zpevn\u011bn\u00e9 jsou i&nbsp;zatravn\u011bn\u00e9 dla\u017edice. \u201eDostaneme se tedy pohodln\u011b ven, proto\u017ee je chodn\u00edk pevn\u00fd a t\u011b\u017ek\u00fd voz\u00edk se do n\u011bj nezabo\u0159\u00ed,\u201c \u0159ekla.<\/p>\n\n\n\n<p>Aktiva\u010dn\u00ed centrum Jsme tady se star\u00e1 o&nbsp;sedmn\u00e1ct klient\u016f &#8211; z&nbsp;toho je t\u0159in\u00e1ct s&nbsp;t\u00edm nejt\u011b\u017e\u0161\u00edm stupn\u011bm posti\u017een\u00ed nebo kombinovan\u00fdm typem. Denn\u00ed centrum poskytuje slu\u017ebu klient\u016fm od 14&nbsp;do 40&nbsp;let a&nbsp;finance&nbsp;na provoz z\u00edsk\u00e1v\u00e1 od st\u00e1tu, m\u011bsta a kraje.<\/p>\n\n\n\n<p>\u201eNa financov\u00e1n\u00ed na\u0161ich slu\u017eeb se sna\u017e\u00edme organizovat i&nbsp;r\u016fzn\u00e9 sb\u00edrky. Jednou z&nbsp;forem je sb\u00edr\u00e1n\u00ed&nbsp;star\u00fdch nepou\u017e\u00edvan\u00fdch mobiln\u00edch telefon\u016f&nbsp;&#8211; za 1&nbsp;tis\u00edc nasb\u00edran\u00fdch telefon\u016f z\u00edsk\u00e1me p\u0159\u00edsp\u011bvek od&nbsp;firmy, kter\u00e1 mobily ekologicky recykluje. Sb\u011brn\u00e9 m\u00edsto je v&nbsp;M\u011bstsk\u00e9m informa\u010dn\u00edm centru v&nbsp;P\u0159erov\u011b, v&nbsp;Lipn\u00edku pak v&nbsp;infocentru a knihovn\u011b. V&nbsp;Hranic\u00edch mohou lid\u00e9 odevzdat star\u00fd mobil v&nbsp;knihovn\u011b a jesli\u010dk\u00e1ch Pianko,\u201c uzav\u0159ela V\u011bra Sa\u0148kov\u00e1.&nbsp;<\/p>\n\n\n\n<p>Petra Pol\u00e1kov\u00e1-Uv\u00edrov\u00e1<\/p>\n\n\n\n<p>P\u0159erovsk\u00fd den\u00edk<\/p>\n\n\n\n<p><a href=\"https:\/\/prerovsky.denik.cz\/\" target=\"_blank\" rel=\"noreferrer noopener\">https:\/\/prerovsky.denik.cz\/<\/a><\/p>\n","protected":false},"excerpt":{"rendered":"<div class=\"mh-excerpt\"><p>Kv\u011btiny ve vlasech, kor\u00e1lky a pestrobarevn\u00e9 vzory na \u0161atech. Klienti Aktiva\u010dn\u00edho centra Jsme tady v&nbsp;P\u0159erov\u011b oslavili Den d\u011bt\u00ed trochu netradi\u010dn\u011b &#8211; ve stylu hippies. Zahradou <a class=\"mh-excerpt-more\" href=\"https:\/\/www.invarena.cz\/?p=39984\" title=\"Klienti centra v P\u0159erov\u011b oslavili sv\u00e1tek jako kv\u011btinov\u00e9 d\u011bti\">[&#8230;]<\/a><\/p>\n<\/div>","protected":false},"author":1,"featured_media":4001,"comment_status":"open","ping_status":"closed","sticky":false,"template":"","format":"standard","meta":{"footnotes":""},"categories":[9],"tags":[],"class_list":["post-39984","post","type-post","status-publish","format-standard","has-post-thumbnail","hentry","category-zpravy"],"_links":{"self":[{"href":"https:\/\/www.invarena.cz\/index.php?rest_route=\/wp\/v2\/posts\/39984","targetHints":{"allow":["GET"]}}],"collection":[{"href":"https:\/\/www.invarena.cz\/index.php?rest_route=\/wp\/v2\/posts"}],"about":[{"href":"https:\/\/www.invarena.cz\/index.php?rest_route=\/wp\/v2\/types\/post"}],"author":[{"embeddable":true,"href":"https:\/\/www.invarena.cz\/index.php?rest_route=\/wp\/v2\/users\/1"}],"replies":[{"embeddable":true,"href":"https:\/\/www.invarena.cz\/index.php?rest_route=%2Fwp%2Fv2%2Fcomments&post=39984"}],"version-history":[{"count":0,"href":"https:\/\/www.invarena.cz\/index.php?rest_route=\/wp\/v2\/posts\/39984\/revisions"}],"wp:featuredmedia":[{"embeddable":true,"href":"https:\/\/www.invarena.cz\/index.php?rest_route=\/wp\/v2\/media\/4001"}],"wp:attachment":[{"href":"https:\/\/www.invarena.cz\/index.php?rest_route=%2Fwp%2Fv2%2Fmedia&parent=39984"}],"wp:term":[{"taxonomy":"category","embeddable":true,"href":"https:\/\/www.invarena.cz\/index.php?rest_route=%2Fwp%2Fv2%2Fcategories&post=39984"},{"taxonomy":"post_tag","embeddable":true,"href":"https:\/\/www.invarena.cz\/index.php?rest_route=%2Fwp%2Fv2%2Ftags&post=39984"}],"curies":[{"name":"wp","href":"https:\/\/api.w.org\/{rel}","templated":true}]}}