{"id":40036,"date":"2023-06-06T08:54:21","date_gmt":"2023-06-06T06:54:21","guid":{"rendered":"https:\/\/www.invarena.cz\/?p=40036"},"modified":"2023-06-06T08:54:22","modified_gmt":"2023-06-06T06:54:22","slug":"charitni-inspirace-na-slunovratu","status":"publish","type":"post","link":"https:\/\/www.invarena.cz\/?p=40036","title":{"rendered":"Charitn\u00ed inspirace na Slunovratu"},"content":{"rendered":"\n<p>Tak jako v p\u0159edchoz\u00edch letech se i letos bude festival Slunovrat v\u011bnovat charit\u011b. V r\u00e1mci sv\u00e9ho des\u00e1t\u00e9ho ro\u010dn\u00edku v Opav\u011b nab\u00eddne od 22. do 24. \u010dervna tak\u00e9 takzvanou Z\u00f3nu charitn\u00ed inspirace. Ta se bude odehr\u00e1vat po cel\u00e9 t\u0159i dny ve voln\u011b p\u0159\u00edstupn\u00e9 \u010d\u00e1sti festivalu v okol\u00ed Pta\u010d\u00edho vrchu v sadech Svobody.<\/p>\n\n\n\n<p>V Z\u00f3n\u011b charitn\u00ed inspirace n\u00e1v\u0161t\u011bvn\u00edk\u016fm nab\u00eddnou sv\u00e9 slu\u017eby, zbo\u017e\u00ed nebo poho\u0161t\u011bn\u00ed klienti \u0159ady soci\u00e1ln\u00edch a charitativn\u00edch organizac\u00ed. Chyb\u011bt mezi nimi nebudou Chr\u00e1n\u011bn\u00e9 d\u00edlny Charity Opava \u010di klienti soci\u00e1ln\u011b terapeutick\u00e9 d\u00edlny Radost. Ta u sv\u00e9ho st\u00e1nku krom\u011b prodeje v\u00fdrobk\u016f chyst\u00e1 tak\u00e9 tvorbu odznak\u016f, malov\u00e1n\u00ed, v\u00fdrobu sv\u00ed\u010dek a dal\u0161\u00ed aktivity a hry pro d\u011bti. <\/p>\n\n\n\n<p>Chyb\u011bt nem\u016f\u017ee ani obl\u00edben\u00e1 Kav\u00e1rna pro Radost s nab\u00eddkou v\u00fdjime\u010dn\u00e9 k\u00e1vy s p\u0159esahem a dal\u0161\u00edmi dobrotami. <\/p>\n\n\n\n<p>Z\u00f3na charitn\u00ed inspirace p\u0159inese i zaj\u00edmav\u00e9 p\u0159edn\u00e1\u0161ky o zdravotn\u00ed \u010di soci\u00e1ln\u00ed tematice. Hosty budou nap\u0159\u00edklad Nina Jaganjacov\u00e1, kter\u00e1 ned\u00e1vno vydala publikaci P\u0159\u00edb\u011bhy o rakovin\u011b, spolu s n\u00ed bude debatovat l\u00e9ka\u0159 Slezsk\u00e9 nemocnice v Opav\u011b Jan \u017dateck\u00fd. O lidech z prost\u0159ed\u00ed soci\u00e1ln\u00edch slu\u017eeb, kte\u0159\u00ed vn\u00edmaj\u00ed svou profesi jako dar a lidskost jako jej\u00ed podstatu, bude vypr\u00e1v\u011bt\u00a0<strong>Simona Bagarov\u00e1<\/strong>. Je mana\u017eerkou a autorkou siln\u00e9 knihy rozhovor\u016f s lidmi pracuj\u00edc\u00edmi v pom\u00e1haj\u00edc\u00edch profes\u00edch s n\u00e1zvem Ho\u0159\u00edm. Spolu s n\u00ed se besedy \u00fa\u010dastn\u00ed tak\u00e9 jedna z hrdinek jej\u00ed knihy Sa\u0161a. <\/p>\n\n\n\n<p>P\u0159edn\u00e1\u0161ky dopln\u00ed pov\u00edd\u00e1n\u00ed se zakladatelem dobrovolnick\u00e9 humanit\u00e1rn\u00ed organizace Koridor UA Matou\u0161em Bl\u00e1hou \u010di z\u00e1stupci expedice P\u0159esBar, kter\u00e1 organizuje zd\u00e1nliv\u011b nemo\u017en\u00e9 cesty lid\u00ed na voz\u00ed\u010dku nap\u0159\u00edklad do hor na Korsice nebo na mo\u0159skou plavbu na jacht\u011b. <\/p>\n\n\n\n<p>P\u0159ipome\u0148me, \u017ee v\u011bt\u0161inu reklamn\u00edch p\u0159edm\u011bt\u016f, od d\u00e1rkov\u00fdch vstupenek po mikiny a tri\u010dka s logem festivalu, ji\u017e mnoho let vyr\u00e1b\u00ed Chr\u00e1n\u011bn\u00e9 d\u00edlny Charity Opava. <\/p>\n","protected":false},"excerpt":{"rendered":"<div class=\"mh-excerpt\"><p>Tak jako v p\u0159edchoz\u00edch letech se i letos bude festival Slunovrat v\u011bnovat charit\u011b. V r\u00e1mci sv\u00e9ho des\u00e1t\u00e9ho ro\u010dn\u00edku v Opav\u011b nab\u00eddne od 22. do 24. <a class=\"mh-excerpt-more\" href=\"https:\/\/www.invarena.cz\/?p=40036\" title=\"Charitn\u00ed inspirace na Slunovratu\">[&#8230;]<\/a><\/p>\n<\/div>","protected":false},"author":1,"featured_media":40037,"comment_status":"open","ping_status":"closed","sticky":false,"template":"","format":"standard","meta":{"footnotes":""},"categories":[17],"tags":[],"class_list":["post-40036","post","type-post","status-publish","format-standard","has-post-thumbnail","hentry","category-kultura"],"_links":{"self":[{"href":"https:\/\/www.invarena.cz\/index.php?rest_route=\/wp\/v2\/posts\/40036","targetHints":{"allow":["GET"]}}],"collection":[{"href":"https:\/\/www.invarena.cz\/index.php?rest_route=\/wp\/v2\/posts"}],"about":[{"href":"https:\/\/www.invarena.cz\/index.php?rest_route=\/wp\/v2\/types\/post"}],"author":[{"embeddable":true,"href":"https:\/\/www.invarena.cz\/index.php?rest_route=\/wp\/v2\/users\/1"}],"replies":[{"embeddable":true,"href":"https:\/\/www.invarena.cz\/index.php?rest_route=%2Fwp%2Fv2%2Fcomments&post=40036"}],"version-history":[{"count":0,"href":"https:\/\/www.invarena.cz\/index.php?rest_route=\/wp\/v2\/posts\/40036\/revisions"}],"wp:featuredmedia":[{"embeddable":true,"href":"https:\/\/www.invarena.cz\/index.php?rest_route=\/wp\/v2\/media\/40037"}],"wp:attachment":[{"href":"https:\/\/www.invarena.cz\/index.php?rest_route=%2Fwp%2Fv2%2Fmedia&parent=40036"}],"wp:term":[{"taxonomy":"category","embeddable":true,"href":"https:\/\/www.invarena.cz\/index.php?rest_route=%2Fwp%2Fv2%2Fcategories&post=40036"},{"taxonomy":"post_tag","embeddable":true,"href":"https:\/\/www.invarena.cz\/index.php?rest_route=%2Fwp%2Fv2%2Ftags&post=40036"}],"curies":[{"name":"wp","href":"https:\/\/api.w.org\/{rel}","templated":true}]}}