{"id":40045,"date":"2023-06-06T22:23:08","date_gmt":"2023-06-06T20:23:08","guid":{"rendered":"https:\/\/www.invarena.cz\/?p=40045"},"modified":"2023-06-06T22:23:09","modified_gmt":"2023-06-06T20:23:09","slug":"domov-s-usmevem-ve-slavkove-ma-noveho-majitele-slibil-zachovani-sluzeb","status":"publish","type":"post","link":"https:\/\/www.invarena.cz\/?p=40045","title":{"rendered":"Domov s \u00fasm\u011bvem ve Slavkov\u011b m\u00e1 nov\u00e9ho majitele. Sl\u00edbil zachov\u00e1n\u00ed slu\u017eeb"},"content":{"rendered":"\n<p>Domov s \u00fasm\u011bvem B. Braun Omnia ve Slavkov\u011b u Brna poskytuje v regionu u\u017e roky slu\u017eby pro zdravotn\u011b posti\u017een\u00e9. Od \u010dervna je nov\u011b sou\u010d\u00e1st\u00ed Alzheimer Home ze skupiny Penta Hospitals. Jej\u00ed veden\u00ed sl\u00edbilo zachov\u00e1n\u00ed dosavadn\u00edch mo\u017enost\u00ed, kter\u00e9 za\u0159\u00edzen\u00ed nab\u00edz\u00ed.<\/p>\n\n\n\n<p>Spojuje dialyza\u010dn\u00ed st\u0159edisko, odborn\u00e9 ambulance, v\u010detn\u011b d\u011btsk\u00e9 nefrologie, ultrazvukov\u00e9 pracovi\u0161t\u011b, radiodiagnostick\u00e9 pracovi\u0161t\u011b a rehabilita\u010dn\u00ed centrum. \u201eChceme klient\u016fm poskytovat kvalitn\u00ed odbornou p\u00e9\u010di a komplexn\u00ed slu\u017eby nejen v soci\u00e1ln\u00ed oblasti, ale i v segmentu zdravotnick\u00fdch slu\u017eeb. Ide\u00e1ln\u011b pod jednou st\u0159echou. V tomto ohledu domov ve Slavkov\u011b zapad\u00e1 do na\u0161\u00ed dlouhodob\u00e9 koncepce,\u201c komentovala gener\u00e1ln\u00ed \u0159editelka Penta Hospitals Barbora Vacul\u00edkov\u00e1.<\/p>\n\n\n\n<p>Alzheimer Home ponech\u00e1 stejn\u00fd rozsah slu\u017eeb, od za\u010d\u00e1tku \u010dervna tady nab\u00edz\u00ed \u010dty\u0159icet l\u016f\u017eek v \u0161estadvaceti pokoj\u00edch. Celkem \u0161estn\u00e1ct l\u016f\u017eek pro osoby se zdravotn\u00edm posti\u017een\u00edm a \u010dty\u0159iadvacet se zvl\u00e1\u0161tn\u00edm re\u017eimem. \u201eMezi ob\u011bma stranami do\u0161lo ke vz\u00e1jemn\u00e9 dohod\u011b ohledn\u011b garance pln\u00e9 kontinuity. V\u0161ichni zam\u011bstnanci p\u0159ejdou k nov\u00e9mu poskytovateli za st\u00e1vaj\u00edc\u00edch podm\u00ednek,\u201c prohl\u00e1sil \u010dlen veden\u00ed Skupiny B. Braun Martin Kuncek.<\/p>\n\n\n\n<p>Jakub Dost\u00e1l<\/p>\n\n\n\n<p>Vy\u0161kovsk\u00fd den\u00edk<\/p>\n\n\n\n<p><a href=\"https:\/\/vyskovsky.denik.cz\/\" target=\"_blank\" rel=\"noreferrer noopener\">https:\/\/vyskovsky.denik.cz\/<\/a><\/p>\n","protected":false},"excerpt":{"rendered":"<div class=\"mh-excerpt\"><p>Domov s \u00fasm\u011bvem B. Braun Omnia ve Slavkov\u011b u Brna poskytuje v regionu u\u017e roky slu\u017eby pro zdravotn\u011b posti\u017een\u00e9. Od \u010dervna je nov\u011b sou\u010d\u00e1st\u00ed Alzheimer <a class=\"mh-excerpt-more\" href=\"https:\/\/www.invarena.cz\/?p=40045\" title=\"Domov s \u00fasm\u011bvem ve Slavkov\u011b m\u00e1 nov\u00e9ho majitele. Sl\u00edbil zachov\u00e1n\u00ed slu\u017eeb\">[&#8230;]<\/a><\/p>\n<\/div>","protected":false},"author":1,"featured_media":15130,"comment_status":"open","ping_status":"closed","sticky":false,"template":"","format":"standard","meta":{"footnotes":""},"categories":[9],"tags":[],"class_list":["post-40045","post","type-post","status-publish","format-standard","has-post-thumbnail","hentry","category-zpravy"],"_links":{"self":[{"href":"https:\/\/www.invarena.cz\/index.php?rest_route=\/wp\/v2\/posts\/40045","targetHints":{"allow":["GET"]}}],"collection":[{"href":"https:\/\/www.invarena.cz\/index.php?rest_route=\/wp\/v2\/posts"}],"about":[{"href":"https:\/\/www.invarena.cz\/index.php?rest_route=\/wp\/v2\/types\/post"}],"author":[{"embeddable":true,"href":"https:\/\/www.invarena.cz\/index.php?rest_route=\/wp\/v2\/users\/1"}],"replies":[{"embeddable":true,"href":"https:\/\/www.invarena.cz\/index.php?rest_route=%2Fwp%2Fv2%2Fcomments&post=40045"}],"version-history":[{"count":0,"href":"https:\/\/www.invarena.cz\/index.php?rest_route=\/wp\/v2\/posts\/40045\/revisions"}],"wp:featuredmedia":[{"embeddable":true,"href":"https:\/\/www.invarena.cz\/index.php?rest_route=\/wp\/v2\/media\/15130"}],"wp:attachment":[{"href":"https:\/\/www.invarena.cz\/index.php?rest_route=%2Fwp%2Fv2%2Fmedia&parent=40045"}],"wp:term":[{"taxonomy":"category","embeddable":true,"href":"https:\/\/www.invarena.cz\/index.php?rest_route=%2Fwp%2Fv2%2Fcategories&post=40045"},{"taxonomy":"post_tag","embeddable":true,"href":"https:\/\/www.invarena.cz\/index.php?rest_route=%2Fwp%2Fv2%2Ftags&post=40045"}],"curies":[{"name":"wp","href":"https:\/\/api.w.org\/{rel}","templated":true}]}}