{"id":40048,"date":"2023-06-06T22:29:46","date_gmt":"2023-06-06T20:29:46","guid":{"rendered":"https:\/\/www.invarena.cz\/?p=40048"},"modified":"2023-06-06T22:29:47","modified_gmt":"2023-06-06T20:29:47","slug":"ctyrnozi-partaci-v-akci-behem-zavodu-v-liberci-ukazali-jak-pomahaji-nevidomym","status":"publish","type":"post","link":"https:\/\/www.invarena.cz\/?p=40048","title":{"rendered":"\u010cty\u0159noz\u00ed par\u0165\u00e1ci v akci. B\u011bhem z\u00e1vodu v Liberci uk\u00e1zali, jak pom\u00e1haj\u00ed nevidom\u00fdm"},"content":{"rendered":"\n<p>Do m\u011bsta pod Je\u0161t\u011bdem se prvn\u00ed \u010dervnovou ned\u011bli sjeli zrakov\u011b v\u00fdjime\u010dn\u00ed a jejich \u010dty\u0159noz\u00ed par\u0165\u00e1ci z cel\u00e9 \u010cesk\u00e9 republiky, aby pom\u011b\u0159ili s\u00edly b\u011bhem Mistrovstv\u00ed \u010cesk\u00e9 republiky vodic\u00edch ps\u016f \u2013 Memori\u00e1l Simony Karlovcov\u00e9.<\/p>\n\n\n\n<p>7. ro\u010dn\u00edk z\u00e1vodu, ve kter\u00e9m sp\u00ed\u0161e ne\u017e o rychlost \u0161lo o u\u017eit\u00ed si vz\u00e1jemn\u00e9 spole\u010dnosti a hezk\u00e9ho dne, op\u011bt uspo\u0159\u00e1dal spolek \u017divot jde d\u00e1l. Ten vznikl s c\u00edlem sdru\u017eovat nevidom\u00e9 i jinak handicapovan\u00e9 lidi. \u201eChceme umo\u017enit p\u0159ed\u00e1v\u00e1n\u00ed zku\u0161enost\u00ed a kontakt\u016f a celkov\u011b za\u010dle\u0148ovat lidi s podobn\u00fdm handicapem do b\u011b\u017en\u00e9ho \u017eivota. Nab\u00edz\u00edme volno\u010dasov\u00e9 aktivity, kter\u00e9 pom\u00e1haj\u00ed celkov\u00e9mu rozvoji handicapovan\u00e9ho,\u201c popsal aktivity spolku jeho zakladatel Roman Van\u011bk.<\/p>\n\n\n\n<p>Samotn\u00e1 sout\u011b\u017e se skl\u00e1dala ze dvou \u010d\u00e1st\u00ed. B\u011bhem tzv. frekvence na sout\u011b\u017e\u00edc\u00ed \u010dekala \u201ep\u0159ek\u00e1\u017ekov\u00e1\u201c dr\u00e1ha, ze kter\u00e9 musel vodic\u00ed pes bezpe\u010dn\u011b vyv\u00e9st sv\u00e9ho p\u00e1na. Jednalo se o trasu, p\u0159i kter\u00e9 \u010dty\u0159noh\u00fd par\u0165\u00e1k musel nap\u0159\u00edklad ozna\u010dit chodn\u00edk, vyhledat dve\u0159e, schody \u010di p\u0159echod nebo bezpe\u010dn\u011b obej\u00edt p\u0159ek\u00e1\u017eku. Nejt\u011b\u017e\u0161\u00ed discipl\u00ednu p\u0159edstavuje odlo\u017een\u00ed, tzv. poslu\u0161nost. To znamen\u00e1, kdy p\u00e1n odlo\u017e\u00ed sv\u00e9ho vodic\u00edho psa, odejde od n\u011bj a vodic\u00ed pes mus\u00ed z\u016fstat na sv\u00e9m m\u00edst\u011b a nepohnout se z m\u00edsta, dokud si ho jeho p\u00e1n nep\u0159ivol\u00e1.<\/p>\n\n\n\n<p>Z trofeje, kterou u\u017e pot\u0159et\u00ed vytvo\u0159ili skl\u00e1\u0159i z K\u0159i\u0161\u0165\u00e1lov\u00e9ho \u00fadol\u00ed, se nakonec radoval v\u00edt\u011bz Milan Melichar. Mohutn\u00e1 trofej v\u00e1\u017e\u00ed p\u0159ibli\u017en\u011b dva kilogramy a modern\u011b ztv\u00e1rn\u011bn\u00fd pes m\u00e1 d\u00e9lku p\u0159es t\u0159icet centimetr\u016f a organiz\u00e1tor\u016fm ji darovala St\u0159edn\u00ed um\u011bleckopr\u016fmyslov\u00e1 \u0161kola skl\u00e1\u0159sk\u00e1 z Kamenick\u00e9ho \u0160enova. \u201eVymysleli jsme k\u0159i\u0161\u0165\u00e1lov\u00e9ho psa. Necht\u011bli jsme re\u00e1ln\u00e9 zv\u00ed\u0159e, na\u0161eho psa tvo\u0159\u00ed \u010dir\u00e9 geometrick\u00e9 tvary. P\u0159ipom\u00edn\u00e1 skl\u00e1da\u010dku z d\u011btsk\u00fdch hrac\u00edch kostek,\u201c informoval \u0159editel \u0161koly Pavel Kop\u0159iva, kterou trofej tvo\u0159il spole\u010dn\u011b s d\u00edlensk\u00fdm u\u010ditelem Josefem K\u0159\u00ed\u017eem. Druh\u00e9 m\u00edsto obsadil nejstar\u0161\u00ed \u00fa\u010dastn\u00edk z\u00e1vodu Stanislav Poloprutsk\u00fd, kter\u00fd vyhr\u00e1l z\u00e1vod v roce 2020, kdy si odnesl trofej od Ji\u0159\u00edho Pa\u010dinka v podob\u011b sklen\u011bn\u00e9ho labradora s and\u011blsk\u00fdmi k\u0159\u00eddly. T\u0159et\u00ed m\u00edsto vybojovala Andrea Hlav\u00e1\u010dkov\u00e1.<\/p>\n\n\n\n<p>Sou\u010d\u00e1st\u00ed mistrovstv\u00ed byl bohat\u00fd doprovodn\u00fd program, kter\u00fd umo\u017enil n\u00e1v\u0161t\u011bvn\u00edk\u016fm nahl\u00e9dnout do \u017eivota nevidom\u00fdch. Mohli se sezn\u00e1mit s r\u016fzn\u00fdmi kompenza\u010dn\u00edmi pom\u016fckami \u010di zhl\u00e9dnout uk\u00e1zku fyzioterapie pro psy, vyu\u017eit\u00ed b\u00edl\u00e9 hole a simula\u010dn\u00edch br\u00fdl\u00ed. Na m\u00edst\u011b nechyb\u011bl ani labyrint, kter\u00fd si mohli lid\u00e9 proj\u00edt s klapkami na o\u010d\u00edch. Na libereck\u00e9m n\u00e1m\u011bst\u00ed vyrostl i ps\u00ed bar spole\u010dnosti Fitmin, kde serv\u00edrovali gurm\u00e1nsk\u00e9 pochutiny pro \u010dty\u0159noh\u00e9 par\u0165\u00e1ky.<\/p>\n\n\n\n<p>Ji\u0159\u00ed Louda<\/p>\n\n\n\n<p>Libereck\u00fd den\u00edk<\/p>\n\n\n\n<p><a href=\"https:\/\/liberecky.denik.cz\/\" target=\"_blank\" rel=\"noreferrer noopener\">https:\/\/liberecky.denik.cz\/<\/a><\/p>\n","protected":false},"excerpt":{"rendered":"<div class=\"mh-excerpt\"><p>Do m\u011bsta pod Je\u0161t\u011bdem se prvn\u00ed \u010dervnovou ned\u011bli sjeli zrakov\u011b v\u00fdjime\u010dn\u00ed a jejich \u010dty\u0159noz\u00ed par\u0165\u00e1ci z cel\u00e9 \u010cesk\u00e9 republiky, aby pom\u011b\u0159ili s\u00edly b\u011bhem Mistrovstv\u00ed \u010cesk\u00e9 <a class=\"mh-excerpt-more\" href=\"https:\/\/www.invarena.cz\/?p=40048\" title=\"\u010cty\u0159noz\u00ed par\u0165\u00e1ci v akci. B\u011bhem z\u00e1vodu v Liberci uk\u00e1zali, jak pom\u00e1haj\u00ed nevidom\u00fdm\">[&#8230;]<\/a><\/p>\n<\/div>","protected":false},"author":1,"featured_media":21014,"comment_status":"open","ping_status":"closed","sticky":false,"template":"","format":"standard","meta":{"footnotes":""},"categories":[9],"tags":[],"class_list":["post-40048","post","type-post","status-publish","format-standard","has-post-thumbnail","hentry","category-zpravy"],"_links":{"self":[{"href":"https:\/\/www.invarena.cz\/index.php?rest_route=\/wp\/v2\/posts\/40048","targetHints":{"allow":["GET"]}}],"collection":[{"href":"https:\/\/www.invarena.cz\/index.php?rest_route=\/wp\/v2\/posts"}],"about":[{"href":"https:\/\/www.invarena.cz\/index.php?rest_route=\/wp\/v2\/types\/post"}],"author":[{"embeddable":true,"href":"https:\/\/www.invarena.cz\/index.php?rest_route=\/wp\/v2\/users\/1"}],"replies":[{"embeddable":true,"href":"https:\/\/www.invarena.cz\/index.php?rest_route=%2Fwp%2Fv2%2Fcomments&post=40048"}],"version-history":[{"count":0,"href":"https:\/\/www.invarena.cz\/index.php?rest_route=\/wp\/v2\/posts\/40048\/revisions"}],"wp:featuredmedia":[{"embeddable":true,"href":"https:\/\/www.invarena.cz\/index.php?rest_route=\/wp\/v2\/media\/21014"}],"wp:attachment":[{"href":"https:\/\/www.invarena.cz\/index.php?rest_route=%2Fwp%2Fv2%2Fmedia&parent=40048"}],"wp:term":[{"taxonomy":"category","embeddable":true,"href":"https:\/\/www.invarena.cz\/index.php?rest_route=%2Fwp%2Fv2%2Fcategories&post=40048"},{"taxonomy":"post_tag","embeddable":true,"href":"https:\/\/www.invarena.cz\/index.php?rest_route=%2Fwp%2Fv2%2Ftags&post=40048"}],"curies":[{"name":"wp","href":"https:\/\/api.w.org\/{rel}","templated":true}]}}