{"id":40091,"date":"2023-06-08T15:25:08","date_gmt":"2023-06-08T13:25:08","guid":{"rendered":"https:\/\/www.invarena.cz\/?p=40091"},"modified":"2023-06-08T15:25:09","modified_gmt":"2023-06-08T13:25:09","slug":"malokdo-veril-ze-prezije-bara-ale-s-rakovinou-bojuje-dal-a-vypada-lepe-a-lepe","status":"publish","type":"post","link":"https:\/\/www.invarena.cz\/?p=40091","title":{"rendered":"M\u00e1lokdo v\u011b\u0159il, \u017ee p\u0159e\u017eije. B\u00e1ra ale s rakovinou bojuje d\u00e1l a vypad\u00e1 l\u00e9pe a l\u00e9pe"},"content":{"rendered":"\n<p>O B\u00e1\u0159e Ma\u0165ov\u010d\u00edkov\u00e9, kterou rakovina zm\u011bnila k nepozn\u00e1n\u00ed a j\u00ed\u017e fand\u00ed na soci\u00e1ln\u00edch s\u00edt\u00edch u\u017e p\u0159es sto tis\u00edc lid\u00ed, jsme v\u00e1m poprv\u00e9 psali t\u00e9m\u011b\u0159 p\u0159ed rokem. Podle l\u00e9ka\u0159sk\u00fdch statistik tu u\u017e d\u00e1vno nem\u011bla b\u00fdt, ale sv\u00fdm pozitivn\u00edm p\u0159\u00edstupem a vnit\u0159n\u00ed silou p\u0159episuje d\u00edvka s uhran\u010div\u00fdma o\u010dima v\u0161echny tabulky a bojuje za sv\u016fj \u017eivot do posledn\u00edch sil. B\u00e1\u0159in zdravotn\u00ed stav se nav\u00edc o trochu zlep\u0161il.<\/p>\n\n\n\n<p>Pokud sledujete instagramov\u00fd profil B\u00e1ry Ma\u0165ov\u010d\u00edkov\u00e9, jist\u011b jste si, stejn\u011b jako my a tis\u00edce B\u00e1\u0159in\u00fdch fanou\u0161k\u016f, v\u0161imli, \u017ee mlad\u00e1 d\u00edvka, kter\u00e1 bojuje u\u017e t\u0159et\u00edm rokem se zhoubn\u00fdm n\u00e1dorem na mozku, vypad\u00e1 o pozn\u00e1n\u00ed l\u00e9pe. Op\u011bt j\u00ed rostou jej\u00ed pov\u011bstn\u00e9 zrzav\u00e9 vlasy, usm\u00edv\u00e1 se, l\u00e9pe se vyjad\u0159uje a z o\u010d\u00ed j\u00ed \u010di\u0161\u00ed s\u00edla a neutuchaj\u00edc\u00ed nad\u011bje ve \u0161\u0165astn\u00fd konec. Nebo v jej\u00edm p\u0159\u00edpad\u011b sp\u00ed\u0161 \u0161\u0165astn\u00fd nov\u00fd za\u010d\u00e1tek.<\/p>\n\n\n\n<p>Pro fanou\u0161ky vys\u00edlala \u017eiv\u011b<\/p>\n\n\n\n<p>Mno\u017estv\u00ed pozitivn\u00ed energie, kterou j\u00ed pos\u00edl\u00e1 ji\u017e p\u0159es 108 tis\u00edc sleduj\u00edc\u00edch, B\u00e1\u0159e dle jej\u00edch slov neuv\u011b\u0159iteln\u011b pom\u00e1h\u00e1 a ohromn\u011b si v\u00e1\u017e\u00ed tolika dobr\u00fdch du\u0161\u00ed, kter\u00e9 ji \u017eenou neust\u00e1le kup\u0159edu.<\/p>\n\n\n\n<p>V sobotu 27. 5. se dokonce B\u00e1ra s Vandou P\u00e1lkovou ze Sladk\u00e9ho m\u00e1men\u00ed, kter\u00e1 se sv\u00fdm t\u00fdmem lid\u00ed vytv\u00e1\u0159\u00ed pro klienty v \u010cesk\u00e9 republice a na Slovensku kvalitn\u00ed cukr\u00e1\u0159sk\u00e9 vzd\u011bl\u00e1v\u00e1n\u00ed, rozhodly uskute\u010dnit t\u00e9m\u011b\u0159 po roce spole\u010dn\u00e9 \u017eiv\u00e9 vys\u00edl\u00e1n\u00ed, kter\u00e9 v dob\u011b vys\u00edl\u00e1n\u00ed sledovalo 617 lid\u00ed. Na video z \u017eiv\u00e9ho vys\u00edl\u00e1n\u00ed se m\u016f\u017eete pod\u00edvat ZDE: <a href=\"https:\/\/www.instagram.com\/p\/CswRC9MoxNm\/?utm_source=ig_web_copy_link&amp;igshid=MzRlODBiNWFlZA%3D%3D\" target=\"_blank\" rel=\"noreferrer noopener\">https:\/\/www.instagram.com\/p\/CswRC9MoxNm\/?utm_source=ig_web_copy_link&amp;igshid=MzRlODBiNWFlZA%3D%3D<\/a><\/p>\n\n\n\n<p>B\u00e1ra se po celou dobu vys\u00edl\u00e1n\u00ed sm\u00e1la a bylo vid\u011bt, \u017ee se j\u00ed komunikuje o pozn\u00e1n\u00ed l\u00e9pe.<\/p>\n\n\n\n<p>\u201eJe\u0161t\u011b p\u0159ed rokem v lednu dokto\u0159i B\u00e1\u0159e \u0159\u00edkali, \u017ee mezi n\u00e1mi u\u017e za p\u00e1r t\u00fddn\u016f nebude. Rok a p\u016fl je za n\u00e1mi, v\u0161echno je jinak a posunulo se to mnohem d\u00e1l. B\u00e1ra se zkr\u00e1tka rozhodla, \u017ee v \u017e\u00e1dn\u00e9m p\u0159\u00edpad\u011b nechce odch\u00e1zet. Tak\u017ee pro v\u00e1s pro v\u0161echny, kte\u0159\u00ed mo\u017en\u00e1 \u0159e\u0161\u00edte podobnou zdravotn\u00ed situaci, je to jasn\u00e9 znamen\u00ed, \u017ee kdy\u017e se chce, tak to m\u016f\u017ee j\u00edt, i kdy\u017e tabulky \u0159\u00edkaj\u00ed n\u011bco jin\u00e9ho. B\u00e1ra je toho zd\u00e1rn\u00fdm p\u0159\u00edkladem,\u201c pom\u00e1hala B\u00e1\u0159e vyj\u00e1d\u0159it jej\u00ed my\u0161lenky Vanda, kter\u00e1 se ji\u017e \u0159ad\u00ed mezi B\u00e1\u0159iny bl\u00edzk\u00e9 p\u0159\u00edtelkyn\u011b.<\/p>\n\n\n\n<p>\u201e\u00da\u017easn\u00e9, d\u011bkuji moc za podporu,\u201c p\u0159idala se s d\u011bkov\u00e1n\u00edm i Bar\u010da. Tentokr\u00e1t dokonce vlastn\u00edmi slovy, co\u017e je\u0161t\u011b ned\u00e1vno nebylo v jej\u00edch schopnostech.<\/p>\n\n\n\n<p>V d\u016fsledku prob\u00edhaj\u00edc\u00ed nemoci se B\u00e1\u0159ino t\u011blo dostalo do f\u00e1ze, kdy za\u010dalo doch\u00e1zet ke svra\u0161\u0165ov\u00e1n\u00ed sval\u016f na prav\u00e9 ruce a noze, co\u017e j\u00ed zna\u010dn\u011b zt\u011b\u017eovalo pohyb a zhor\u0161ovalo motoriku.<\/p>\n\n\n\n<p>Vysazen\u00ed kortikoid\u016f, botoxov\u00e9 injekce<\/p>\n\n\n\n<p>Proto se p\u0159ed t\u0159emi t\u00fddny B\u00e1ra rozhodla podstoupit proces, kdy j\u00ed do svalu na noze a ruk\u00e1ch za\u010dali l\u00e9ka\u0159i z prost\u011bjovsk\u00e9 nemocnice vpichovat injekce s botoxem, aby se stahov\u00e1n\u00ed sval\u016f zamezilo.<\/p>\n\n\n\n<p>\u201ePrav\u00e1 ruka, kterou B\u00e1ra m\u016f\u017ee h\u00fdbat jen slab\u011b, se povolila a u\u017e nen\u00ed tak sta\u017een\u00e1,\u201c vysv\u011btluje i B\u00e1\u0159ina maminka Jana Ma\u0165ov\u010d\u00edkov\u00e1. Pokud toti\u017e B\u00e1ra nebude m\u00edt pos\u00edlen\u00e9 a uvoln\u011bn\u00e9 svaly, m\u016f\u017ee to zna\u010dn\u011b p\u0159it\u00ed\u017eit p\u0159i rehabilitaci, o kterou tolik bojovala.<\/p>\n\n\n\n<p>\u201eAplikace botoxu je pouze do vybran\u00fdch sval\u016f, pot\u00e9 se \u010dek\u00e1 n\u011bkolik dn\u016f, aby za\u010dal botox ve svalech p\u016fsobit tak, jak m\u00e1, a n\u00e1sleduj\u00ed v Barun\u010din\u011b p\u0159\u00edpad\u011b intenzivn\u00ed rehabilitace. To znamen\u00e1 cvi\u010den\u00ed s fyzioterapeutem 2x denn\u011b, kter\u00e9 je opravdu zn\u00e1t,\u201c dopl\u0148uje za Barunku maminka.<\/p>\n\n\n\n<p>Neurorehabilitace pro samopl\u00e1tce odm\u00edtnuty<\/p>\n\n\n\n<p>Zhor\u0161ov\u00e1n\u00ed hybnosti prav\u00e9 ruky a nohy bylo jedn\u00edm z hlavn\u00edch d\u016fvod\u016f, pro\u010d B\u00e1ra tolik usilovala o neurorehabilitace, kter\u00e9 se j\u00ed jako samopl\u00e1tci d\u00edky diagn\u00f3ze nepoda\u0159ilo zajistit i p\u0159esto, \u017ee v\u0161ichni, co B\u00e1ru znaj\u00ed, byli p\u0159esv\u011bd\u010deni, \u017ee ji tento zp\u016fsob cvi\u010den\u00ed m\u016f\u017ee posunout kup\u0159edu.<\/p>\n\n\n\n<p>\u201eJe to t\u011b\u017ek\u00e9 a jednoduch\u00e9 z\u00e1rove\u0148. V\u0161ichni, co Barunku znaj\u00ed, v\u011bd\u00ed, \u017ee j\u00ed mohou neurorehabilitace jedin\u011b pomoci. Ti, kte\u0159\u00ed ji neznaj\u00ed, posuzuj\u00ed jen diagn\u00f3zu a chovaj\u00ed se profesion\u00e1ln\u011b a necht\u011bj\u00ed riskovat p\u0159\u00edpadn\u00e9 komplikace,\u201c ch\u00e1pe p\u0159edchoz\u00ed rozhodnut\u00ed odborn\u00edk\u016f B\u00e1\u0159ina maminka, kter\u00e1 ov\u0161em dod\u00e1v\u00e1, \u017ee jejich odm\u00edtnut\u00ed v\u0161ichni obre\u010deli.<\/p>\n\n\n\n<p>C\u00edlem rehabilitac\u00ed je, aby nedoch\u00e1zelo k dal\u0161\u00edmu zhor\u0161ov\u00e1n\u00ed hybnosti prav\u00e9 ruky a nohy, proto\u017ee posledn\u00ed dobou se svaly na B\u00e1\u0159in\u00fdch kon\u010detin\u00e1ch za\u010daly v\u00edce stahovat a ruka i noha se skroutili do k\u0159e\u010de. \u201eBarunka m\u00e1 tak\u00e9 na noze speci\u00e1ln\u00ed ort\u00e9zu, aby j\u00ed nohu udr\u017eela a nevykrucovala se j\u00ed,\u201c dopl\u0148uje pan\u00ed Jana.<\/p>\n\n\n\n<p>\u201eNa Masarykov\u011b onkologick\u00e9m \u00fastavu v Brn\u011b jsme d\u00edky jejich velice profesion\u00e1ln\u00edmu a z\u00e1rove\u0148 lidsk\u00e9mu p\u0159\u00edstupu dostaly po dobr\u00fdch v\u00fdsledc\u00edch kontroln\u00ed magnetick\u00e9 rezonance doporu\u010den\u00ed na rehabilitace a v prost\u011bjovsk\u00e9 nemocnici zah\u00e1jili proces rehabilitac\u00ed v kombinaci s aplikac\u00ed botoxu do vybran\u00fdch sval\u016f. Nyn\u00ed jsme po kontrole a m\u00e1me domluven\u00fd dal\u0161\u00ed postup, kter\u00fd spo\u010d\u00edv\u00e1 v rehabilitac\u00edch i logopedii,\u201c informovala n\u00e1s o aktu\u00e1ln\u00edm l\u00e9\u010debn\u00e9m postupu Barun\u010dina maminka.<\/p>\n\n\n\n<p>Zlep\u0161en\u00ed je patrn\u00e9 na prvn\u00ed pohled<\/p>\n\n\n\n<p>Po propuknut\u00ed nemoci se B\u00e1\u0159ino t\u011blo za\u010dalo velice rychle m\u011bnit a jeliko\u017e ji\u017e nebyla mo\u017en\u00e1 \u017e\u00e1dn\u00e1 dal\u0161\u00ed l\u00e9\u010dba a do\u0161lo k posunut\u00ed n\u00e1doru, prav\u00e1 \u010d\u00e1st jej\u00edho t\u011bla byla \u010d\u00edm d\u00e1l t\u00edm h\u016f\u0159e ovladateln\u00e1. \u0160patn\u011b se j\u00ed chodilo, mluvilo, \u010detlo, psalo a zhor\u0161il se j\u00ed i zrak. Dnes v\u0161ak B\u00e1ra c\u00edt\u00ed, \u017ee sev\u0159en\u00ed sval\u016f ustupuje a l\u00e9pe se j\u00ed i mluv\u00ed.<\/p>\n\n\n\n<p>\u201eBarunka m\u00e1 ji\u017e zcela vysazen\u00e9 kortikoidy, proto ustupuj\u00ed otoky. Tak\u00e9 se l\u00e9pe vyjad\u0159uje a v nemocnici v Prost\u011bjov\u011b v r\u00e1mci hospitalizace pracovala i s logopedkou,\u201c prozrazuje p\u0159\u00ed\u010dinu lep\u0161\u00ed srozumitelnosti B\u00e1\u0159ina verb\u00e1ln\u00edho projevu maminka Jana.<\/p>\n\n\n\n<p>Odvyk\u00e1n\u00ed od kortikoid\u016f v\u0161ak bylo pro B\u00e1\u0159ino t\u011blo opravdu n\u00e1ro\u010dn\u00e9 a pro\u0161la si doslova peklem. Podrobn\u011bji se v\u0161ak k tomuto t\u00e9matu vyjad\u0159ovat necht\u011bla. Ov\u0161em zjistili jsme, \u017ee a\u017e vyjde B\u00e1\u0159ina kn\u00ed\u017eka o tom, jak to v \u017eivot\u011b nevzdat, budete si moci v\u0161e p\u0159e\u010d\u00edst tak, jak to bylo, a to bez obalu.<\/p>\n\n\n\n<p>\u201eOdvykac\u00ed proces t\u011bla po vysazen\u00ed kortikoid\u016f byl pro n\u00e1s hodn\u011b n\u00e1ro\u010dn\u00fdm obdob\u00edm \u017eivota,\u201c vzpom\u00edn\u00e1 s oddychem na posledn\u00edch p\u00e1r t\u00fddn\u016f maminka Jana.<\/p>\n\n\n\n<p>H\u016flku \u010di invalidn\u00ed voz\u00edk odm\u00edt\u00e1<\/p>\n\n\n\n<p>To by ale nebyla B\u00e1ra, kdyby si i v tak t\u011b\u017ek\u00e9 situaci ze sebe nedok\u00e1zala ud\u011blat srandu. Maminka se sna\u017e\u00ed dce\u0159i uleh\u010dit, proto se s Bar\u010dou bav\u00ed o po\u0159\u00edzen\u00ed h\u016flky \u010di invalidn\u00edho voz\u00edku na del\u0161\u00ed proch\u00e1zky, ov\u0161em o tom nechce B\u00e1ra ani sly\u0161et. \u201eV \u017e\u00e1dn\u00e9m p\u0159\u00edpad\u011b,\u201c zn\u00ed z jej\u00edch \u00fast sou\u010dasn\u011b s naka\u017eliv\u00fdm sm\u00edchem.<\/p>\n\n\n\n<p>\u201eP\u0159ipad\u00e1 j\u00ed to potupn\u00e9, a i kdy\u017e j\u00e1 si mysl\u00edm, \u017ee by j\u00ed voz\u00edk \u010di h\u016flka na del\u0161\u00ed proch\u00e1zky mohly pomoci, ona je naprosto odm\u00edt\u00e1. Ego je prost\u011b ego,\u201c sm\u011bje se Bar\u010dina maminka, kter\u00e1 dopl\u0148uje, \u017ee i p\u0159es krutost osudu m\u00e1 B\u00e1ra n\u00e1ladu st\u00e1le dobrou a z\u016fst\u00e1v\u00e1 pozitivn\u00ed.<\/p>\n\n\n\n<p>Mo\u017en\u00e1 za to m\u016f\u017ee i fakt, \u017ee j\u00ed dor\u016fstaj\u00ed jej\u00ed kr\u00e1sn\u00e9 vlasy, kter\u00e9 sice pr\u00fd u\u017e nemaj\u00ed takovou kvalitu, ale hlavn\u011b, \u017ee rostou. Jak m\u016f\u017eete vid\u011bt i na B\u00e1\u0159in\u011b profilu, je na n\u011b i n\u00e1le\u017eit\u011b py\u0161n\u00e1.<\/p>\n\n\n\n<p>A co na to B\u00e1\u0159ini fanou\u0161ci?<\/p>\n\n\n\n<p>B\u00e1ra v posledn\u00edch t\u00fddnech ne\u0161et\u0159\u00ed na sv\u00e9m instagramov\u00e9m profilu \u00fasm\u011bvy, \u010deho\u017e si samoz\u0159ejm\u011b nemohli nev\u0161imnout ani jej\u00ed fanou\u0161ci. P\u0159in\u00e1\u0161\u00edme v\u00e1m n\u011bkter\u00e9 jejich koment\u00e1\u0159e:<\/p>\n\n\n\n<p>@Dasapecakova: \u201eBaru\u0161ko, vypad\u00e1te v\u00fdborn\u011b. Cel\u00e1 z\u00e1\u0159\u00edte! Ohromn\u00e1 zm\u011bna, jen tak d\u00e1l, jste velk\u00e1 bojovnice.\u201c<\/p>\n\n\n\n<p>@tetajelenka: \u201eBarunko, vy se sm\u011bjete a jak kr\u00e1sn\u011b. Dr\u017ete se, ta s\u00edla ve v\u00e1s je neuv\u011b\u0159iteln\u00e1.\u201c<\/p>\n\n\n\n<p>@michaelaneumannova: \u201eBarborko, v\u00e1m to tak moc slu\u0161\u00ed! To je par\u00e1da. Modl\u00edm se, aby za to mohlo zlep\u0161uj\u00edc\u00ed se zdrav\u00ed\u010dko.\u201c<\/p>\n\n\n\n<p>@adela_dol: \u201eVypad\u00e1te \u010d\u00edm d\u00e1l l\u00e9pe! Kr\u00e1sa! Jsem za V\u00e1s r\u00e1da!\u201c<\/p>\n\n\n\n<p>@david_kunik: \u201eBarunko, jde vid\u011bt, \u017ee jsi \u0161\u0165astn\u00e1, usm\u011bvav\u00e1 a bojovn\u00e1 \u017eena, kter\u00e1 se nikdy nevzd\u00e1! Dr\u017e\u00edm p\u011bsti.\u201c<\/p>\n\n\n\n<p>@marketa.ruzickova.98: \u201eBarunko, jsem r\u00e1da, \u017ee u\u017e se sm\u011bjete!\u201c<\/p>\n\n\n\n<p>@tereza_cukova: \u201eTeda Barunko! Vypad\u00e1te \u00fa\u017easn\u011b. Den ode dne l\u00e9pe a l\u00e9pe. A ty vesel\u00e9 up\u0159\u00edmn\u00e9 o\u010di! Rozkv\u00e9t\u00e1te jak jarn\u00ed poup\u00e1tko.\u201c<\/p>\n\n\n\n<p>Zhoubn\u00fd n\u00e1lez p\u0159ed t\u0159emi lety<\/p>\n\n\n\n<p>B\u00e1ra byla p\u0159ed propuknut\u00edm nemoci aktivn\u00ed mladou d\u00edvkou, kter\u00e1 se osamostatnila a odst\u011bhovala se \u017e\u00edt a pracovat do Prahy. Ve sv\u00e9m byt\u011b v\u0161ak p\u0159ed t\u0159emi lety dostala epileptick\u00fd z\u00e1chvat, kter\u00fd odhalil zhoubn\u00fd n\u00e1dor na mozku. Tumor j\u00ed byl z \u010d\u00e1sti odstran\u011bn, ov\u0161em \u010d\u00e1st byla ponech\u00e1na, jeliko\u017e hrozilo, \u017ee dojde k po\u0161kozen\u00ed d\u016fle\u017eit\u00fdch \u017eivotn\u00edch funkc\u00ed.<\/p>\n\n\n\n<p>N\u00e1sledovalo oza\u0159ov\u00e1n\u00ed, pot\u00e9 chemoterapie, l\u00e9\u010dba kortikoidy, ale po nich l\u00e9ka\u0159i do\u0161li k n\u00e1zoru, \u017ee klasick\u00e1 medic\u00edna B\u00e1\u0159e u\u017e nem\u00e1 co nab\u00eddnout. Ona je v\u0161ak st\u00e1le mezi n\u00e1mi, pozitivn\u00ed a na du\u0161i siln\u00e1 a na sv\u011bt se d\u00edv\u00e1 st\u00e1le stejn\u00fdma o\u010dima, ze kter\u00fdch s\u00e1l\u00e1 neuv\u011b\u0159iteln\u00e1 \u017eivotn\u00ed energie a l\u00e1ska ke ka\u017ed\u00e9 dobr\u00e9 du\u0161i.<\/p>\n\n\n\n<p>A pokud jste \u010detli v\u0161echny na\u0161e \u010dl\u00e1nky o t\u00e9to state\u010dn\u00e9 mlad\u00e9 bojovnici, kter\u00e1 to nehodl\u00e1 vzd\u00e1t, jist\u011b v\u00e1s nep\u0159ekvap\u00ed, \u017ee se v \u0159\u00edjnu op\u011bt chyst\u00e1 z\u00fa\u010dastnit se Moravsk\u00e9ho cukr\u00e1\u0159sk\u00e9ho \u0161ampion\u00e1tu.<\/p>\n\n\n\n<p>Pokud chcete B\u00e1\u0159e s jej\u00ed nemoc\u00ed pomoci, m\u016f\u017eete j\u00ed poslat jakoukoliv \u010d\u00e1stku na transparentn\u00ed \u00fa\u010det, na kter\u00fd se m\u016f\u017eete pod\u00edvat ZDE: <a href=\"https:\/\/ib.fio.cz\/ib\/transparent?a=2602058102\" target=\"_blank\" rel=\"noreferrer noopener\">https:\/\/ib.fio.cz\/ib\/transparent?a=2602058102<\/a><\/p>\n\n\n\n<p>Majitel \u00fa\u010dtu: Ma\u0165ov\u010d\u00edkov\u00e1, Barbora<\/p>\n\n\n\n<p>Adresa banky: Fio banka, a.s., V Celnici 1028\/10, 117 21 Praha 1<\/p>\n\n\n\n<p>\u010c\u00edslo \u00fa\u010dtu: 2602058102\/2010<\/p>\n\n\n\n<p>IBAN: CZ79 2010 0000 0026 0205 8102<\/p>\n\n\n\n<p>BIC: FIOBCZPPXXX<\/p>\n\n\n\n<p>Kate\u0159ina N\u011bmcov\u00e1<\/p>\n\n\n\n<p>Den\u00edk.cz<\/p>\n\n\n\n<p><a rel=\"noreferrer noopener\" href=\"https:\/\/www.denik.cz\/\" target=\"_blank\">https:\/\/www.denik.cz\/<\/a><\/p>\n","protected":false},"excerpt":{"rendered":"<div class=\"mh-excerpt\"><p>O B\u00e1\u0159e Ma\u0165ov\u010d\u00edkov\u00e9, kterou rakovina zm\u011bnila k nepozn\u00e1n\u00ed a j\u00ed\u017e fand\u00ed na soci\u00e1ln\u00edch s\u00edt\u00edch u\u017e p\u0159es sto tis\u00edc lid\u00ed, jsme v\u00e1m poprv\u00e9 psali t\u00e9m\u011b\u0159 p\u0159ed <a class=\"mh-excerpt-more\" href=\"https:\/\/www.invarena.cz\/?p=40091\" title=\"M\u00e1lokdo v\u011b\u0159il, \u017ee p\u0159e\u017eije. B\u00e1ra ale s rakovinou bojuje d\u00e1l a vypad\u00e1 l\u00e9pe a l\u00e9pe\">[&#8230;]<\/a><\/p>\n<\/div>","protected":false},"author":1,"featured_media":14569,"comment_status":"open","ping_status":"closed","sticky":false,"template":"","format":"standard","meta":{"footnotes":""},"categories":[9],"tags":[],"class_list":["post-40091","post","type-post","status-publish","format-standard","has-post-thumbnail","hentry","category-zpravy"],"_links":{"self":[{"href":"https:\/\/www.invarena.cz\/index.php?rest_route=\/wp\/v2\/posts\/40091","targetHints":{"allow":["GET"]}}],"collection":[{"href":"https:\/\/www.invarena.cz\/index.php?rest_route=\/wp\/v2\/posts"}],"about":[{"href":"https:\/\/www.invarena.cz\/index.php?rest_route=\/wp\/v2\/types\/post"}],"author":[{"embeddable":true,"href":"https:\/\/www.invarena.cz\/index.php?rest_route=\/wp\/v2\/users\/1"}],"replies":[{"embeddable":true,"href":"https:\/\/www.invarena.cz\/index.php?rest_route=%2Fwp%2Fv2%2Fcomments&post=40091"}],"version-history":[{"count":0,"href":"https:\/\/www.invarena.cz\/index.php?rest_route=\/wp\/v2\/posts\/40091\/revisions"}],"wp:featuredmedia":[{"embeddable":true,"href":"https:\/\/www.invarena.cz\/index.php?rest_route=\/wp\/v2\/media\/14569"}],"wp:attachment":[{"href":"https:\/\/www.invarena.cz\/index.php?rest_route=%2Fwp%2Fv2%2Fmedia&parent=40091"}],"wp:term":[{"taxonomy":"category","embeddable":true,"href":"https:\/\/www.invarena.cz\/index.php?rest_route=%2Fwp%2Fv2%2Fcategories&post=40091"},{"taxonomy":"post_tag","embeddable":true,"href":"https:\/\/www.invarena.cz\/index.php?rest_route=%2Fwp%2Fv2%2Ftags&post=40091"}],"curies":[{"name":"wp","href":"https:\/\/api.w.org\/{rel}","templated":true}]}}