{"id":40100,"date":"2023-06-08T15:38:38","date_gmt":"2023-06-08T13:38:38","guid":{"rendered":"https:\/\/www.invarena.cz\/?p=40100"},"modified":"2023-06-08T15:38:39","modified_gmt":"2023-06-08T13:38:39","slug":"zneuzil-prosby-o-pomoc-a-vysal-invalidni-seniorce-ucet-obvinila-policie-mladika-z-jicinska","status":"publish","type":"post","link":"https:\/\/www.invarena.cz\/?p=40100","title":{"rendered":"Zneu\u017eil prosby o pomoc a vys\u00e1l invalidn\u00ed seniorce \u00fa\u010det, obvinila policie mlad\u00edka z\u00a0Ji\u010d\u00ednska"},"content":{"rendered":"\n<p>A\u017e osmilet\u00e9 v\u011bzen\u00ed za podvod a \u010dachry s ciz\u00edm bankovn\u00edm \u00fa\u010dtem hroz\u00ed 23let\u00e9mu mu\u017ei z Ji\u010d\u00ednska, kter\u00e9ho policie podez\u00edr\u00e1, \u017ee p\u0159ipravil svou invalidn\u00ed 75letou sousedku o 140 tis\u00edc korun. K pen\u011bz\u016fm se m\u011bl dostat, kdy\u017e ho po\u017e\u00e1dala o pomoc s vy\u0159\u00edzen\u00edm prodeje auta, na\u010de\u017e pod r\u016fzn\u00fdmi smy\u0161lenkami z\u00edskal u jej\u00edho po\u010d\u00edta\u010de \u00fadaje k bankovn\u00edmu \u00fa\u010dtu.<\/p>\n\n\n\n<p>Cel\u00fd \u010dl\u00e1nek naleznete na novinky.cz: <a href=\"https:\/\/www.novinky.cz\/clanek\/krimi-zneuzil-prosby-o-pomoc-a-vysal-invalidni-seniorce-ucet-obvinila-policie-mladika-z-jicinska-40434058\" target=\"_blank\" rel=\"noreferrer noopener\">https:\/\/www.novinky.cz\/clanek\/krimi-zneuzil-prosby-o-pomoc-a-vysal-invalidni-seniorce-ucet-obvinila-policie-mladika-z-jicinska-40434058<\/a><\/p>\n","protected":false},"excerpt":{"rendered":"<div class=\"mh-excerpt\"><p>A\u017e osmilet\u00e9 v\u011bzen\u00ed za podvod a \u010dachry s ciz\u00edm bankovn\u00edm \u00fa\u010dtem hroz\u00ed 23let\u00e9mu mu\u017ei z Ji\u010d\u00ednska, kter\u00e9ho policie podez\u00edr\u00e1, \u017ee p\u0159ipravil svou invalidn\u00ed 75letou sousedku <a class=\"mh-excerpt-more\" href=\"https:\/\/www.invarena.cz\/?p=40100\" title=\"Zneu\u017eil prosby o pomoc a vys\u00e1l invalidn\u00ed seniorce \u00fa\u010det, obvinila policie mlad\u00edka z\u00a0Ji\u010d\u00ednska\">[&#8230;]<\/a><\/p>\n<\/div>","protected":false},"author":1,"featured_media":14131,"comment_status":"open","ping_status":"closed","sticky":false,"template":"","format":"standard","meta":{"footnotes":""},"categories":[9],"tags":[],"class_list":["post-40100","post","type-post","status-publish","format-standard","has-post-thumbnail","hentry","category-zpravy"],"_links":{"self":[{"href":"https:\/\/www.invarena.cz\/index.php?rest_route=\/wp\/v2\/posts\/40100","targetHints":{"allow":["GET"]}}],"collection":[{"href":"https:\/\/www.invarena.cz\/index.php?rest_route=\/wp\/v2\/posts"}],"about":[{"href":"https:\/\/www.invarena.cz\/index.php?rest_route=\/wp\/v2\/types\/post"}],"author":[{"embeddable":true,"href":"https:\/\/www.invarena.cz\/index.php?rest_route=\/wp\/v2\/users\/1"}],"replies":[{"embeddable":true,"href":"https:\/\/www.invarena.cz\/index.php?rest_route=%2Fwp%2Fv2%2Fcomments&post=40100"}],"version-history":[{"count":0,"href":"https:\/\/www.invarena.cz\/index.php?rest_route=\/wp\/v2\/posts\/40100\/revisions"}],"wp:featuredmedia":[{"embeddable":true,"href":"https:\/\/www.invarena.cz\/index.php?rest_route=\/wp\/v2\/media\/14131"}],"wp:attachment":[{"href":"https:\/\/www.invarena.cz\/index.php?rest_route=%2Fwp%2Fv2%2Fmedia&parent=40100"}],"wp:term":[{"taxonomy":"category","embeddable":true,"href":"https:\/\/www.invarena.cz\/index.php?rest_route=%2Fwp%2Fv2%2Fcategories&post=40100"},{"taxonomy":"post_tag","embeddable":true,"href":"https:\/\/www.invarena.cz\/index.php?rest_route=%2Fwp%2Fv2%2Ftags&post=40100"}],"curies":[{"name":"wp","href":"https:\/\/api.w.org\/{rel}","templated":true}]}}