{"id":40240,"date":"2023-06-15T05:35:13","date_gmt":"2023-06-15T03:35:13","guid":{"rendered":"https:\/\/www.invarena.cz\/?p=40240"},"modified":"2023-06-15T05:35:14","modified_gmt":"2023-06-15T03:35:14","slug":"seniori-se-dockali-duchodu","status":"publish","type":"post","link":"https:\/\/www.invarena.cz\/?p=40240","title":{"rendered":"Senio\u0159i se do\u010dkali d\u016fchodu"},"content":{"rendered":"\n<p>\u0160est m\u011bs\u00edc\u016f musel \u010dekat pan Jarom\u00edr na sv\u016fj d\u016fchod. Pro\u010d? Podle \u010cesk\u00e9 spr\u00e1vy soci\u00e1ln\u00edho zabezpe\u010den\u00ed je \u017e\u00e1dost\u00ed tolik, \u017ee \u00fa\u0159ad nest\u00edhal vy\u0159izovat po\u017eadavky v z\u00e1konn\u00e9 lh\u016ft\u011b. Situace se pr\u00fd lep\u0161\u00ed, ale na sv\u00e9 pen\u00edze st\u00e1le \u010dek\u00e1 v\u00edce ne\u017e 10 000 lid\u00ed.<\/p>\n\n\n\n<p>Report\u00e1\u017e TV Prima<br><br>redaktorka<br>Pan Jarom\u00edr se po p\u016flroce kone\u010dn\u011b do\u010dkal sv\u00e9ho d\u016fchodu.<br><br>JAROM\u00cdR, d\u016fchodce<br>Te\u010f kone\u010dn\u011b v kv\u011btnu se to povedlo. Dodali v\u0161echno, co m\u011bli. A ten d\u016fchod za\u010dal chodit pravideln\u011b. Tak\u017ee srovnalo se to.<br><br>redaktorka<br>Cesta k d\u016fchodu byla ale dlouh\u00e1.<br><br>JAROM\u00cdR, d\u016fchodce<br>23. listopadu u\u017e ode\u0161la moje \u017e\u00e1dost na tu centr\u00e1lu. Kdy\u017e se nic ned\u011blo po t\u011bch 90 dnech, tak jsem se n\u011bjak\u00fdm zp\u016fsobem ozval.<br><br>redaktorka<br>Na pobo\u010dku Spr\u00e1vy soci\u00e1ln\u00edho zabezpe\u010den\u00ed psal i volal, ale odpov\u011bdi se nedo\u010dkal n\u011bkolik m\u011bs\u00edc\u016f.<\/p>\n\n\n\n<p>JAROM\u00cdR, d\u016fchodce<br>Duben tu bude za chv\u00edli 120, ne 150 vlastn\u011b. \u0158\u00edkaj\u00ed mi tam, p\u0159ed v\u00e1ma je asi 80 000 lid\u00ed. Je to a\u017e v\u00fdsm\u011bch.<\/p>\n\n\n\n<p>redaktorka<br>Prvn\u00ed v\u00fdplata d\u016fchodu p\u0159i\u0161la panu Jarom\u00edrovi v kv\u011btnu tohoto roku. Podle sv\u00fdch slov je r\u00e1d, proto\u017ee m\u011bl probl\u00e9my s pen\u011bzi vyj\u00edt. Hodn\u011b mu pom\u00e1haly dv\u011b pr\u00e1ce, kter\u00e9 si musel ve sv\u00fdch 64 letech naj\u00edt.<\/p>\n\n\n\n<p>JAROM\u00cdR, d\u016fchodce<br>Kdybych nepracoval, tak v\u016fbec nev\u00edm, jak bychom zaplatili n\u00e1jem a nikdo by se n\u00e1s hlavn\u011b na to neptal. Museli jsme to \u0159e\u0161it tak, \u017ee jsme prost\u011b do toho kontokorentu zas\u00e1hli. Samoz\u0159ejm\u011b, \u017ee v\u00e1m potom nab\u00edhaj\u00ed procenta a ta banka to na v\u00e1s chce. Tak\u017ee my jsme \u0161li opravdu od nuly k nule.<\/p>\n\n\n\n<p>redaktorka<br>A sv\u00e9ho d\u016fchodu se po osmi urgenc\u00edch a p\u016flro\u010dn\u00edm \u010dek\u00e1n\u00ed do\u010dkala podle na\u0161ich zpr\u00e1v i pan\u00ed Blanka.<\/p>\n\n\n\n<p>BLANKA, d\u016fchodkyn\u011b<br>Mi odpov\u00eddaj\u00ed po\u0159\u00e1d jako ten automat, nebo co to je. \u017de bu\u010f je to v d\u00e1vkov\u00fdm odd\u011blen\u00ed, \u017ee to reklamovali, nebo jak se tomu \u0159\u00edk\u00e1. Mus\u00edm \u010dekat.<\/p>\n\n\n\n<p>redaktorka<br>Ne v\u0161ichni ale takov\u00e9 \u0161t\u011bst\u00ed maj\u00ed. Podle \u010cesk\u00e9 spr\u00e1vy soci\u00e1ln\u00edho zabezpe\u010den\u00ed na sv\u00e9 d\u016fchody po z\u00e1konn\u00e9 lh\u016ft\u011b \u010dek\u00e1 je\u0161t\u011b v\u00edce jak 10 000 lid\u00ed.<\/p>\n\n\n\n<p>Jitka DRMOLOV\u00c1, mluv\u010d\u00ed \u010cSSZ<br>K 7. 6. 2023 se v p\u00e1smu nad z\u00e1konnou lh\u016ftou 90 dn\u00ed nach\u00e1z\u00ed 11 170 \u017e\u00e1dost\u00ed o starobn\u00ed d\u016fchod, kter\u00e9 \u010dekaj\u00ed na rozhodnut\u00ed o p\u0159izn\u00e1n\u00ed d\u016fchodu a jeho v\u00fdplatu.<\/p>\n\n\n\n<p>JAROM\u00cdR, d\u016fchodce<br>J\u00e1 bych neobvi\u0148oval opravdu ty \u00fa\u0159ednice jako samotn\u00fd. To ur\u010dit\u011b ne. Za to opravdu m\u016f\u017ee to veden\u00ed. To je \u0161patn\u011b. Tam je n\u011bco \u0161patn\u011b.<\/p>\n\n\n\n<p>redaktorka<br>Za probl\u00e9my s d\u016fchody se lidem u\u017e v minulosti omluvil i\u00a0<strong>ministr <\/strong><strong>pr\u00e1ce<\/strong>\u00a0a soci\u00e1ln\u00edch v\u011bc\u00ed Marian Jure\u010dka.<\/p>\n\n\n\n<p>Marian JURE\u010cKA,\u00a0<strong>ministr <\/strong><strong>pr\u00e1ce<\/strong>\u00a0a soci\u00e1ln\u00edch v\u011bc\u00ed \/KDU-\u010cSL\/<br>Ano, jsme tam v prodlen\u00ed. Za to se omlouv\u00e1m, ale m\u011bli bychom v \u0159\u00e1du n\u011bkolika p\u0159\u00ed\u0161t\u00edch t\u00fddn\u016f se dostat zp\u00e1tky do t\u011bch z\u00e1konn\u00fdch lh\u016ft.<\/p>\n\n\n\n<p>redaktorka<br>\u010cesk\u00e1 spr\u00e1va soci\u00e1ln\u00edho zabezpe\u010den\u00ed o\u010dek\u00e1v\u00e1, \u017ee situace s d\u016fchody se vy\u0159e\u0161\u00ed do konce \u010dervna, a v\u011b\u0159\u00ed, \u017ee pak budou \u017e\u00e1dosti vy\u0159izov\u00e1ny op\u011bt v z\u00e1konn\u00e9 devades\u00e1tidenn\u00ed lh\u016ft\u011b. <\/p>\n\n\n\n<p>CNN Prima News.<\/p>\n","protected":false},"excerpt":{"rendered":"<div class=\"mh-excerpt\"><p>\u0160est m\u011bs\u00edc\u016f musel \u010dekat pan Jarom\u00edr na sv\u016fj d\u016fchod. Pro\u010d? Podle \u010cesk\u00e9 spr\u00e1vy soci\u00e1ln\u00edho zabezpe\u010den\u00ed je \u017e\u00e1dost\u00ed tolik, \u017ee \u00fa\u0159ad nest\u00edhal vy\u0159izovat po\u017eadavky v z\u00e1konn\u00e9 <a class=\"mh-excerpt-more\" href=\"https:\/\/www.invarena.cz\/?p=40240\" title=\"Senio\u0159i se do\u010dkali d\u016fchodu\">[&#8230;]<\/a><\/p>\n<\/div>","protected":false},"author":1,"featured_media":14424,"comment_status":"open","ping_status":"closed","sticky":false,"template":"","format":"standard","meta":{"footnotes":""},"categories":[1],"tags":[],"class_list":["post-40240","post","type-post","status-publish","format-standard","has-post-thumbnail","hentry","category-nezarazene"],"_links":{"self":[{"href":"https:\/\/www.invarena.cz\/index.php?rest_route=\/wp\/v2\/posts\/40240","targetHints":{"allow":["GET"]}}],"collection":[{"href":"https:\/\/www.invarena.cz\/index.php?rest_route=\/wp\/v2\/posts"}],"about":[{"href":"https:\/\/www.invarena.cz\/index.php?rest_route=\/wp\/v2\/types\/post"}],"author":[{"embeddable":true,"href":"https:\/\/www.invarena.cz\/index.php?rest_route=\/wp\/v2\/users\/1"}],"replies":[{"embeddable":true,"href":"https:\/\/www.invarena.cz\/index.php?rest_route=%2Fwp%2Fv2%2Fcomments&post=40240"}],"version-history":[{"count":0,"href":"https:\/\/www.invarena.cz\/index.php?rest_route=\/wp\/v2\/posts\/40240\/revisions"}],"wp:featuredmedia":[{"embeddable":true,"href":"https:\/\/www.invarena.cz\/index.php?rest_route=\/wp\/v2\/media\/14424"}],"wp:attachment":[{"href":"https:\/\/www.invarena.cz\/index.php?rest_route=%2Fwp%2Fv2%2Fmedia&parent=40240"}],"wp:term":[{"taxonomy":"category","embeddable":true,"href":"https:\/\/www.invarena.cz\/index.php?rest_route=%2Fwp%2Fv2%2Fcategories&post=40240"},{"taxonomy":"post_tag","embeddable":true,"href":"https:\/\/www.invarena.cz\/index.php?rest_route=%2Fwp%2Fv2%2Ftags&post=40240"}],"curies":[{"name":"wp","href":"https:\/\/api.w.org\/{rel}","templated":true}]}}