{"id":40303,"date":"2023-06-19T06:21:43","date_gmt":"2023-06-19T04:21:43","guid":{"rendered":"https:\/\/www.invarena.cz\/?p=40303"},"modified":"2023-06-19T06:21:48","modified_gmt":"2023-06-19T04:21:48","slug":"zmeny-ve-vladnim-uspornem-balicku-pozaduje-ministerstvo-prace-a-socialnich-veci","status":"publish","type":"post","link":"https:\/\/www.invarena.cz\/?p=40303","title":{"rendered":"Zm\u011bny ve vl\u00e1dn\u00edm \u00fasporn\u00e9m bal\u00ed\u010dku po\u017eaduje ministerstvo pr\u00e1ce a soci\u00e1ln\u00edch v\u011bc\u00ed\u00a0\u00a0"},"content":{"rendered":"\n<p>Zm\u011bny ve vl\u00e1dn\u00edm \u00fasporn\u00e9m bal\u00ed\u010dku po\u017eaduje ministerstvo pr\u00e1ce a soci\u00e1ln\u00edch v\u011bc\u00ed. Chce hlavn\u011b zachovat da\u0148ovou slevu pro rodiny, kde pracuje jen jeden z man\u017eel\u016f a druh\u00fd se v\u011bnuje p\u00e9\u010di o \u010dlena rodiny s t\u011b\u017ek\u00fdm posti\u017een\u00edm. Ministerstvo financ\u00ed chce toti\u017e da\u0148ovou \u00falevu zru\u0161it, platit by m\u011bla jen pro rodiny s d\u011btmi do t\u0159\u00ed let. S t\u00edm nesouhlas\u00ed t\u0159eba ani unie zam\u011bstnavatelsk\u00fdch svaz\u016f.<\/p>\n\n\n\n<p>report\u00e1\u017e Radio\u017eurn\u00e1l\u00a0<br \/><br \/>Krist\u00fdna MLEJNKOV\u00c1, Aliance pro individualizovanou podporu<br \/>Maj\u00ed r\u016fzn\u00e9 v\u00fdvody z t\u011bla, vy\u017eivovac\u00ed sondy, \u017eiln\u00ed katetry, plicn\u00ed ventil\u00e1tory.<br \/><br \/>redaktorka<br \/>Starost o t\u011b\u017ece nemocn\u00e9ho \u010dlov\u011bka \u010dasto znemo\u017e\u0148uje tomu, kdo o n\u011bj pe\u010duje, chodit do pr\u00e1ce a vyd\u011bl\u00e1vat, \u0159\u00edk\u00e1 Krist\u00fdna Mlejnkov\u00e1 z Aliance pro individualizovanou podporu. Proto chce ministerstvo pr\u00e1ce podle n\u00e1m\u011bstkyn\u011b \u0160\u00e1rky Jel\u00ednkov\u00e9 z KDU-\u010cSL da\u0148ovou \u00falevu pro tyto rodiny zachovat.<br \/><br \/>\u0160\u00e1rka JEL\u00cdNKOV\u00c1, m\u00edstop\u0159edsedkyn\u011b \/KDU-\u010cSL\/<br \/>Nechceme, aby se zhor\u0161ovala jakkoliv situace rodin, kter\u00fd pe\u010duj\u00ed o sv\u00e9ho\u00a0<strong>posti\u017een\u00e9ho<\/strong>, ale v ka\u017ed\u00e9m p\u0159\u00edpad\u011b chceme, aby se n\u00e1m tam vr\u00e1tila ta mo\u017enost tu slevu uplat\u0148ovat.<br \/><br \/>redaktorka<br \/>S t\u00edm ale nesouhlas\u00ed ministerstvo financ\u00ed. Rezort pr\u00e1ce proto nejsp\u00ed\u0161 p\u0159iprav\u00ed pozm\u011b\u0148ovac\u00ed n\u00e1vrh, kter\u00fd poslanci projednaj\u00ed ve sn\u011bmovn\u011b. Na program sch\u016fze se m\u00e1 bal\u00ed\u010dek \u00fasporn\u00fdch opat\u0159en\u00ed dostat v \u010dervenci. <br \/><br \/>Radio\u017eurn\u00e1l.<\/p>\n","protected":false},"excerpt":{"rendered":"<div class=\"mh-excerpt\"><p>Zm\u011bny ve vl\u00e1dn\u00edm \u00fasporn\u00e9m bal\u00ed\u010dku po\u017eaduje ministerstvo pr\u00e1ce a soci\u00e1ln\u00edch v\u011bc\u00ed. Chce hlavn\u011b zachovat da\u0148ovou slevu pro rodiny, kde pracuje jen jeden z man\u017eel\u016f a <a class=\"mh-excerpt-more\" href=\"https:\/\/www.invarena.cz\/?p=40303\" title=\"Zm\u011bny ve vl\u00e1dn\u00edm \u00fasporn\u00e9m bal\u00ed\u010dku po\u017eaduje ministerstvo pr\u00e1ce a soci\u00e1ln\u00edch v\u011bc\u00ed\u00a0\u00a0\">[&#8230;]<\/a><\/p>\n<\/div>","protected":false},"author":1,"featured_media":19377,"comment_status":"open","ping_status":"closed","sticky":false,"template":"","format":"standard","meta":{"footnotes":""},"categories":[1],"tags":[],"class_list":["post-40303","post","type-post","status-publish","format-standard","has-post-thumbnail","hentry","category-nezarazene"],"_links":{"self":[{"href":"https:\/\/www.invarena.cz\/index.php?rest_route=\/wp\/v2\/posts\/40303","targetHints":{"allow":["GET"]}}],"collection":[{"href":"https:\/\/www.invarena.cz\/index.php?rest_route=\/wp\/v2\/posts"}],"about":[{"href":"https:\/\/www.invarena.cz\/index.php?rest_route=\/wp\/v2\/types\/post"}],"author":[{"embeddable":true,"href":"https:\/\/www.invarena.cz\/index.php?rest_route=\/wp\/v2\/users\/1"}],"replies":[{"embeddable":true,"href":"https:\/\/www.invarena.cz\/index.php?rest_route=%2Fwp%2Fv2%2Fcomments&post=40303"}],"version-history":[{"count":0,"href":"https:\/\/www.invarena.cz\/index.php?rest_route=\/wp\/v2\/posts\/40303\/revisions"}],"wp:featuredmedia":[{"embeddable":true,"href":"https:\/\/www.invarena.cz\/index.php?rest_route=\/wp\/v2\/media\/19377"}],"wp:attachment":[{"href":"https:\/\/www.invarena.cz\/index.php?rest_route=%2Fwp%2Fv2%2Fmedia&parent=40303"}],"wp:term":[{"taxonomy":"category","embeddable":true,"href":"https:\/\/www.invarena.cz\/index.php?rest_route=%2Fwp%2Fv2%2Fcategories&post=40303"},{"taxonomy":"post_tag","embeddable":true,"href":"https:\/\/www.invarena.cz\/index.php?rest_route=%2Fwp%2Fv2%2Ftags&post=40303"}],"curies":[{"name":"wp","href":"https:\/\/api.w.org\/{rel}","templated":true}]}}