{"id":40311,"date":"2023-06-19T06:26:20","date_gmt":"2023-06-19T04:26:20","guid":{"rendered":"https:\/\/www.invarena.cz\/?p=40311"},"modified":"2023-06-19T06:26:24","modified_gmt":"2023-06-19T04:26:24","slug":"olomoucka-stafeta-na-voziku-2","status":"publish","type":"post","link":"https:\/\/www.invarena.cz\/?p=40311","title":{"rendered":"Olomouck\u00e1 \u0161tafeta na voz\u00edku\u00a0\u00a0"},"content":{"rendered":"\n<p><br \/>Dvan\u00e1ctihodinov\u00fd maraton ve \u0161tafetov\u00e9 j\u00edzd\u011b na voz\u00edku po\u0159\u00e1daj\u00ed dnes v Olomouci tamn\u00ed\u00a0<strong>voz\u00ed\u010dk\u00e1\u0159i<\/strong>. Akc\u00ed, kter\u00e1 m\u00e1 ve m\u011bst\u011b dlouholetou tradici, cht\u011bj\u00ed mimo jin\u00e9 upozornit na bari\u00e9ry, kter\u00e9 jim st\u00e1le br\u00e1n\u00ed v pohybu po m\u011bst\u011b. \u0160tafeta se symbolicky kon\u00e1 v p\u0159edve\u010der olomouck\u00e9ho p\u016flmaratonu.<\/p>\n\n\n\n<p>report\u00e1\u017e \u010cT 1\u00a0&#8211; Ud\u00e1losti v regionech &#8211; Ostrava<br \/><br \/>Alena KALVACHOV\u00c1, u\u010ditelka t\u011blocviku, SP\u0160 strojn\u00ed Olomouc<br \/>\u017d\u00e1ci to vzali tak, jako \u017ee zodpov\u011bdn\u011b a cht\u011bj\u00ed to zkusit. N\u011bkomu to trv\u00e1 d\u00fdl, n\u011bkomu m\u00ed\u0148, ale sna\u017e\u00ed se.<br \/><br \/>Milan PAPE\u017d\u00cdK, organiz\u00e1tor, Spolek Trend\u00a0<strong>voz\u00ed\u010dk\u00e1\u0159\u016f<\/strong>\u00a0Olomouc<br \/>Ta tra\u0165 spojuje dva sv\u011bty, ten sv\u011bt zdrav\u00fdch se sv\u011btem handicapovan\u00fdch spoluob\u010dan\u016f, tak\u017ee pr\u00e1v\u011b proto i je tady mo\u017enost pro ty zdrav\u00e9, aby mohli zjistit, jak\u00e9 to je vlastn\u011b ten pohyb na voz\u00edku.<br \/><br \/>redaktorka<br \/>Nejvy\u0161\u0161\u00ed \u00fa\u010dast byla v roce 2017, kdy se do \u0161tafety zapojilo skoro 800 lid\u00ed. Organiz\u00e1to\u0159i ka\u017ed\u00fd rok doufaj\u00ed, \u017ee poko\u0159\u00ed tis\u00edcovku.<br \/><br \/>moder\u00e1torka<br \/>A na \u0161tafetu m\u00ed\u0159\u00edme te\u010f \u017eiv\u011b za Michalem Koutn\u00fdm ze Spolku Trend\u00a0<strong>voz\u00ed\u010dk\u00e1\u0159\u016f<\/strong>. Dobr\u00fd ve\u010der. Tak povedlo se letos p\u0159ekonat 1 000 p\u0159ihl\u00e1\u0161en\u00fdch \u00fa\u010dastn\u00edk\u016f \u0161tafety?<br \/><br \/>Michal KOUTN\u00dd, organiz\u00e1tor, Spolek Trend\u00a0<strong>voz\u00ed\u010dk\u00e1\u0159\u016f<\/strong>\u00a0Olomouc<br \/>Kr\u00e1sn\u00fd p\u0159\u00edjemn\u00fd ve\u010der. Zat\u00edm se bohu\u017eel nepoda\u0159ilo p\u0159ekonat tu tis\u00edcovku, te\u010f m\u00e1me zhruba aktu\u00e1ln\u011b kolem 400-500 \u00fa\u010dastn\u00edk\u016f, nev\u00edm p\u0159esn\u00e9 \u010d\u00edslo, ale, ale douf\u00e1me, \u017ee do 10 ve\u010der snad se p\u0159ibl\u00ed\u017e\u00edme aspo\u0148 k tomu rekordu t\u011bch 800 \u00fa\u010dastn\u00edk\u016f.<br \/><br \/>moder\u00e1torka<br \/>M\u00e1te za sebou v\u00edce ne\u017e 8 hodin \u0161tafety, jak je zat\u00edm hodnot\u00edte, kdy byl nejv\u011bt\u0161\u00ed z\u00e1jem o j\u00edzdu?<br \/><br \/>Michal KOUTN\u00dd, <br \/>Nejv\u011bt\u0161\u00ed z\u00e1jem je, bych \u0159ekl, asi v t\u011bchto hodin\u00e1ch, m\u011bli jsme tro\u0161ku takov\u00e9 hluch\u00e9 obdob\u00ed mezi jeden\u00e1ctou a jednou hodinou, kdy p\u0159ece jenom lid\u00e9 byli je\u0161t\u011b v pr\u00e1ci na ob\u011bd\u011b, ale po t\u00e9 druh\u00e9 hodin\u011b u\u017e se to za\u010dalo trousit a bych \u0159ekl, \u017ee te\u010fka v tuhle tu chv\u00edli, kdy nav\u00edc za\u010daly hudebn\u00ed vystoupen\u00ed, tak lid\u00e9 chod\u00ed a te\u010f je tam asi nejv\u011bt\u0161\u00ed, bych \u0159ekl, frmol na trati.<br \/><br \/>moder\u00e1torka<br \/>Objevili se u\u017e n\u011bjac\u00ed rekordmani nebo jin\u00ed \u00fa\u010dastn\u00edci, kte\u0159\u00ed v\u00e1s zaujali?<br \/><br \/>Michal KOUTN\u00dd, <br \/>Tak v\u011bt\u0161inou chod\u00ed u\u017e st\u00e1l\u00ed \u00fa\u010dastn\u00edci, chod\u00ed hodn\u011b d\u011bt\u00ed, jezd\u00ed, proto\u017ee je to bav\u00ed na tom voz\u00ed\u010dku. M\u011bli jsme tady b\u00fdval\u00e9 fotbalisty SK Sigma Olomouc, pana Ladislava Ku\u010der\u0148\u00e1ka a Romana Sedl\u00e1\u010dka, kte\u0159\u00ed to pojali jako takov\u00fd souboj mezi s sebou. Byla tady pan\u00ed n\u00e1m\u011bstkyn\u011b, pan\u00ed Ferancov\u00e1, a n\u011bkte\u0159\u00ed dal\u0161\u00ed host\u00e9, kte\u0159\u00ed sem t\u0159eba p\u0159ijdou soukrom\u011b, byla tady moder\u00e1torka R\u00e1dia Han\u00e1, pan\u00ed Martina Kv\u00edtkov\u00e1, tak\u017ee ti host\u00e9 chod\u00ed. V\u011bt\u0161inou se to ust\u00e1l\u00ed, \u00fa\u010dastn\u00edci, a na to se nabaluj\u00ed jejich kamar\u00e1di atd.<br \/><br \/>moder\u00e1torka<br \/>Hlavn\u011b ale akce m\u00e1 upozornit na bari\u00e9ry pro pohyb\u00a0<strong>voz\u00ed\u010dk\u00e1\u0159\u016f<\/strong>. Co vn\u00edm\u00e1te v Olomouci jako nejv\u011bt\u0161\u00ed probl\u00e9m, kter\u00fd se neda\u0159\u00ed vy\u0159e\u0161it?<br \/><br \/>Michal KOUTN\u00dd, organiz\u00e1tor, Spolek Trend\u00a0<strong>voz\u00ed\u010dk\u00e1\u0159\u016f<\/strong>\u00a0Olomouc<br \/>Olomouc pat\u0159\u00ed mezi m\u00e9 osobn\u00ed zku\u0161enosti, mezi ty m\u011bsta, kde ty bari\u00e9ry jsou vy\u0159e\u0161eny, bych \u0159ekla, velmi dob\u0159e, ale p\u0159ece jenom je tady je\u0161t\u011b p\u00e1r takov\u00fdch men\u0161\u00edch probl\u00e9m\u016f, kter\u00e9 tro\u0161ku tr\u00e1p\u00ed\u00a0<strong>voz\u00ed\u010dk\u00e1\u0159e<\/strong>, a\u0165 u\u017e je to dla\u017eba na n\u00e1m\u011bst\u00ed, ve m\u011bst\u011b, \u0161patn\u011b se po tom jezd\u00ed, te\u010f nejnov\u011bji n\u00e1plavka, kter\u00e1 nen\u00ed \u00fapln\u011b pro\u00a0<strong>voz\u00ed\u010dk\u00e1\u0159e<\/strong>\u00a0jako dvakr\u00e1t nejide\u00e1ln\u011bj\u0161\u00ed, proto\u017ee po t\u011bch kostk\u00e1ch se opravdu velmi \u0161patn\u011b jezd\u00ed, ale jinak j\u00e1 osobn\u011b ze sv\u00e9 vlastn\u00ed zku\u0161enosti m\u016f\u017eu hodnotit Olomouc jako, co se t\u00fd\u010de bari\u00e9rovosti nebo bezbari\u00e9rovosti, jako velmi kladn\u011b.<br \/><br \/>moder\u00e1torka<br \/>Tak moc za to d\u011bkuju, moc d\u011bkuju za hodnocen\u00ed, za rozhovor, pane Koutn\u00fd, a za to, \u017ee organizujete takovou akci. Na shledanou.<br \/><br \/><\/p>\n","protected":false},"excerpt":{"rendered":"<div class=\"mh-excerpt\"><p>Dvan\u00e1ctihodinov\u00fd maraton ve \u0161tafetov\u00e9 j\u00edzd\u011b na voz\u00edku po\u0159\u00e1daj\u00ed dnes v Olomouci tamn\u00ed\u00a0voz\u00ed\u010dk\u00e1\u0159i. Akc\u00ed, kter\u00e1 m\u00e1 ve m\u011bst\u011b dlouholetou tradici, cht\u011bj\u00ed mimo jin\u00e9 upozornit na bari\u00e9ry, <a class=\"mh-excerpt-more\" href=\"https:\/\/www.invarena.cz\/?p=40311\" title=\"Olomouck\u00e1 \u0161tafeta na voz\u00edku\u00a0\u00a0\">[&#8230;]<\/a><\/p>\n<\/div>","protected":false},"author":1,"featured_media":17225,"comment_status":"open","ping_status":"closed","sticky":false,"template":"","format":"standard","meta":{"footnotes":""},"categories":[7],"tags":[],"class_list":["post-40311","post","type-post","status-publish","format-standard","has-post-thumbnail","hentry","category-spolecnost"],"_links":{"self":[{"href":"https:\/\/www.invarena.cz\/index.php?rest_route=\/wp\/v2\/posts\/40311","targetHints":{"allow":["GET"]}}],"collection":[{"href":"https:\/\/www.invarena.cz\/index.php?rest_route=\/wp\/v2\/posts"}],"about":[{"href":"https:\/\/www.invarena.cz\/index.php?rest_route=\/wp\/v2\/types\/post"}],"author":[{"embeddable":true,"href":"https:\/\/www.invarena.cz\/index.php?rest_route=\/wp\/v2\/users\/1"}],"replies":[{"embeddable":true,"href":"https:\/\/www.invarena.cz\/index.php?rest_route=%2Fwp%2Fv2%2Fcomments&post=40311"}],"version-history":[{"count":0,"href":"https:\/\/www.invarena.cz\/index.php?rest_route=\/wp\/v2\/posts\/40311\/revisions"}],"wp:featuredmedia":[{"embeddable":true,"href":"https:\/\/www.invarena.cz\/index.php?rest_route=\/wp\/v2\/media\/17225"}],"wp:attachment":[{"href":"https:\/\/www.invarena.cz\/index.php?rest_route=%2Fwp%2Fv2%2Fmedia&parent=40311"}],"wp:term":[{"taxonomy":"category","embeddable":true,"href":"https:\/\/www.invarena.cz\/index.php?rest_route=%2Fwp%2Fv2%2Fcategories&post=40311"},{"taxonomy":"post_tag","embeddable":true,"href":"https:\/\/www.invarena.cz\/index.php?rest_route=%2Fwp%2Fv2%2Ftags&post=40311"}],"curies":[{"name":"wp","href":"https:\/\/api.w.org\/{rel}","templated":true}]}}