{"id":40314,"date":"2023-06-19T06:48:35","date_gmt":"2023-06-19T04:48:35","guid":{"rendered":"https:\/\/www.invarena.cz\/?p=40314"},"modified":"2023-06-19T06:48:41","modified_gmt":"2023-06-19T04:48:41","slug":"nebe-nad-hradcem-se-otevrelo-hendikepovanym","status":"publish","type":"post","link":"https:\/\/www.invarena.cz\/?p=40314","title":{"rendered":"Nebe nad Hradcem se otev\u0159elo hendikepovan\u00fdm"},"content":{"rendered":"\n<p>\u00d7<\/p>\n\n\n\n<p>Smyslem t\u00e9to akce bylo umo\u017enit nejenom\u00a0<strong>hendikepovan\u00fdm<\/strong>\u00a0str\u00e1vit p\u0159\u00edjemn\u00fd \u010das s rodinou a p\u0159\u00e1teli, pobavit se a vytvo\u0159it si nov\u00e9 hezk\u00e9 z\u00e1\u017eitky,&#8220; \u0159ekl \u0159editel Leteck\u00fdch slu\u017eeb Hradec Kr\u00e1lov\u00e9 Pavel Rind. Jak p\u0159ipom\u00edn\u00e1, za dobu kon\u00e1n\u00ed akce vzl\u00e9tlo do oblak u\u017e v\u00edce ne\u017e sedm tis\u00edc n\u00e1v\u0161t\u011bvn\u00edk\u016f. Vyhl\u00eddkov\u00e9 lety jsou zabezpe\u010dov\u00e1ny d\u00edky technick\u00e9 podpo\u0159e Arm\u00e1dy \u010cesk\u00e9 republiky a Centra leteck\u00e9ho v\u00fdcviku Pardubice. <\/p>\n\n\n\n<p><strong>\u00a0Zakusit a vychutnat si \u00fa\u017easn\u00e9 pohledy na Hradec Kr\u00e1lov\u00e9 a okol\u00ed z\u00a0pta\u010d\u00ed perspektivy mohli uplynulou sobotu 17.\u00a0\u010dervna lid\u00e9 se zdravotn\u00edm znev\u00fdhodn\u011bn\u00edm. Na hradeck\u00e9m leti\u0161ti se konalo Open Skies for Handicapped, b\u011bhem n\u00ed\u017e byly p\u0159ipraveny vyhl\u00eddkov\u00e9\u00a0lety<\/strong><\/p>\n\n\n\n<p>Open Skies for Handicapped je charitativn\u00ed akc\u00ed po\u0159\u00e1danou ji\u017e od roku 2008\u00a0spole\u010dnost\u00ed Leteck\u00e9 slu\u017eby\u00a0<a rel=\"noreferrer noopener\" href=\"https:\/\/d.vvbox.cz\/vv_show_url.php?idk=96366&amp;idc=11681743&amp;ids=474&amp;idp=94608&amp;url=http%3A%2F%2Fwww.futurumhradec.cz\" target=\"_blank\">Hradec Kr\u00e1lov\u00e9<\/a>.\u00a0<\/p>\n\n\n\n<p>N\u00e1v\u0161t\u011bvn\u00edci si u\u017e\u00edvali doprovodn\u00fd program, kter\u00fd byl ur\u010den \u0161irok\u00e9 ve\u0159ejnosti. Vystoupily hudebn\u00ed skupiny jako\u00a0 Lejzy Beans, Brass Avenue \u010di the Golden Sixties, p\u0159edstavily se d\u011bti s\u00a0poruchami sluchu a jejich Divadlo beze slov. Byly tak\u00e9 uk\u00e1zky \u010dinnosti Policie \u010cesk\u00e9 republiky, hradeck\u00e9 m\u011bstsk\u00e9 policie, hasi\u010d\u016f, vojensk\u00e9 historick\u00e9 i\u00a0sou\u010dasn\u00e9 techniky. N\u00e1v\u0161t\u011bvn\u00edci mohli vid\u011bt i\u00a0cvi\u010den\u00ed kynolog\u016f, j\u00edzdu motokaskad\u00e9ra, uk\u00e1zky model\u00e1\u0159\u016f a dal\u0161\u00ed. Pro nejmen\u0161\u00ed byla p\u0159ipravena spousta z\u00e1bavy v\u00a0podob\u011b sk\u00e1kac\u00edho hradu, malov\u00e1n\u00ed na\u00a0<a rel=\"noreferrer noopener\" href=\"https:\/\/d.vvbox.cz\/vv_show_url.php?idk=96339&amp;idc=11681743&amp;ids=4801&amp;idp=94582&amp;url=https%3A%2F%2Flaserplastic.cz%2Fbotulotoxin%2F%23utm_campaign%3Doblicej%26utm_medium%3Dbanner%26utm_source%3Ddenik\" target=\"_blank\">obli\u010dej<\/a>, vystoupen\u00ed klauna a turistick\u00e9ho vl\u00e1\u010dku pro vyhl\u00eddkov\u00e9 j\u00edzdy po are\u00e1lu leti\u0161t\u011b. Zaj\u00edmavost\u00ed leto\u0161n\u00edho ro\u010dn\u00edku byly uk\u00e1zky ultralehk\u00fdch letadel p\u0159izp\u016fsoben\u00fdch pouze pro ru\u010dn\u00ed \u0159\u00edzen\u00ed.<\/p>\n","protected":false},"excerpt":{"rendered":"<div class=\"mh-excerpt\"><p>\u00d7 Smyslem t\u00e9to akce bylo umo\u017enit nejenom\u00a0hendikepovan\u00fdm\u00a0str\u00e1vit p\u0159\u00edjemn\u00fd \u010das s rodinou a p\u0159\u00e1teli, pobavit se a vytvo\u0159it si nov\u00e9 hezk\u00e9 z\u00e1\u017eitky,&#8220; \u0159ekl \u0159editel Leteck\u00fdch slu\u017eeb <a class=\"mh-excerpt-more\" href=\"https:\/\/www.invarena.cz\/?p=40314\" title=\"Nebe nad Hradcem se otev\u0159elo hendikepovan\u00fdm\">[&#8230;]<\/a><\/p>\n<\/div>","protected":false},"author":1,"featured_media":25009,"comment_status":"open","ping_status":"closed","sticky":false,"template":"","format":"standard","meta":{"footnotes":""},"categories":[7],"tags":[],"class_list":["post-40314","post","type-post","status-publish","format-standard","has-post-thumbnail","hentry","category-spolecnost"],"_links":{"self":[{"href":"https:\/\/www.invarena.cz\/index.php?rest_route=\/wp\/v2\/posts\/40314","targetHints":{"allow":["GET"]}}],"collection":[{"href":"https:\/\/www.invarena.cz\/index.php?rest_route=\/wp\/v2\/posts"}],"about":[{"href":"https:\/\/www.invarena.cz\/index.php?rest_route=\/wp\/v2\/types\/post"}],"author":[{"embeddable":true,"href":"https:\/\/www.invarena.cz\/index.php?rest_route=\/wp\/v2\/users\/1"}],"replies":[{"embeddable":true,"href":"https:\/\/www.invarena.cz\/index.php?rest_route=%2Fwp%2Fv2%2Fcomments&post=40314"}],"version-history":[{"count":0,"href":"https:\/\/www.invarena.cz\/index.php?rest_route=\/wp\/v2\/posts\/40314\/revisions"}],"wp:featuredmedia":[{"embeddable":true,"href":"https:\/\/www.invarena.cz\/index.php?rest_route=\/wp\/v2\/media\/25009"}],"wp:attachment":[{"href":"https:\/\/www.invarena.cz\/index.php?rest_route=%2Fwp%2Fv2%2Fmedia&parent=40314"}],"wp:term":[{"taxonomy":"category","embeddable":true,"href":"https:\/\/www.invarena.cz\/index.php?rest_route=%2Fwp%2Fv2%2Fcategories&post=40314"},{"taxonomy":"post_tag","embeddable":true,"href":"https:\/\/www.invarena.cz\/index.php?rest_route=%2Fwp%2Fv2%2Ftags&post=40314"}],"curies":[{"name":"wp","href":"https:\/\/api.w.org\/{rel}","templated":true}]}}