{"id":40384,"date":"2023-06-21T06:49:31","date_gmt":"2023-06-21T04:49:31","guid":{"rendered":"https:\/\/www.invarena.cz\/?p=40384"},"modified":"2023-06-21T06:49:32","modified_gmt":"2023-06-21T04:49:32","slug":"planovane-zmeny-u-prispevku-na-peci","status":"publish","type":"post","link":"https:\/\/www.invarena.cz\/?p=40384","title":{"rendered":"Pl\u00e1novan\u00e9 zm\u011bny u p\u0159\u00edsp\u011bvk\u016f na p\u00e9\u010di\u00a0\u00a0"},"content":{"rendered":"\n<p><strong>Ministr<\/strong>\u00a0<strong>pr\u00e1ce<\/strong>\u00a0chce od p\u0159\u00ed\u0161t\u00edho roku zv\u00fd\u0161it p\u0159\u00edsp\u011bvky na p\u00e9\u010di, ty se te\u010f vypl\u00e1cej\u00ed ve \u010dty\u0159ech stupn\u00edch podle z\u00e1vislosti lidem s nejt\u011b\u017e\u0161\u00edm handicapem. Na uhrazen\u00ed pot\u0159ebn\u00e9 asistence ale p\u0159\u00edsp\u011bvek nesta\u010d\u00ed. Je\u0161t\u011b letos jim m\u00e1 pom\u00e1hat nov\u00fd dota\u010dn\u00ed titul.<\/p>\n\n\n\n<p>report\u00e1\u017e \u010cT 1\u00a0&#8211; Ud\u00e1losti<br \/><br \/>Kdy\u017e to jde, sna\u017e\u00ed se b\u00fdt co nejv\u00edce samostatn\u00e1. Lenka Dvo\u0159\u00e1kov\u00e1 si z p\u0159\u00edsp\u011bvku na p\u00e9\u010di 19 200 m\u011bs\u00ed\u010dn\u011b, tedy nejvy\u0161\u0161\u00edho mo\u017en\u00e9ho, m\u016f\u017ee zaplatit v pr\u016fm\u011bru jen necel\u00fdch p\u011bt hodin asistence denn\u011b, pot\u0159ebovala by ale t\u0159ikr\u00e1t tolik a t\u0159eba pomoc v noci si dovolit nem\u016f\u017ee, i kdy\u017e je d\u016fle\u017eit\u00e1.<br \/><br \/>Lenka DVO\u0158\u00c1KOV\u00c1, \u017eena s hendikepem<br \/>Kv\u016fli polohov\u00e1n\u00ed, t\u0159eba ne ka\u017edej den, ale t\u0159eba obden, proto\u017ee to hodn\u011b sni\u017euje to riziko n\u011bjak\u00fdch prole\u017eenin.<br \/><br \/>redaktorka \u010cT<br \/>I ona byla sou\u010d\u00e1st\u00ed projektu, kde se testoval tzv. p\u00e1t\u00fd stupe\u0148 p\u0159\u00edsp\u011bvku dnes jeho inici\u00e1to\u0159i p\u0159edali\u00a0<strong>ministrovi<\/strong>\u00a0<strong>pr\u00e1ce<\/strong>\u00a0petici pro jeho zaveden\u00ed, ten ho p\u0159isl\u00edbil od roku 2025. Pro leto\u0161n\u00ed a p\u0159\u00ed\u0161t\u00ed rok rezort po\u010d\u00edt\u00e1 s dotacemi na financov\u00e1n\u00ed dal\u0161\u00edch hodin Asistence.<br \/><br \/>Erik \u010cIPERA, \u0159editel, Asistence<br \/>Si t\u0159eba budou moct vybrat, kdy se naj\u00ed, kdy se napij\u00ed, kdy p\u016fjdou na toaletu, anebo vlastn\u011b s k\u00fdm budou ten den tr\u00e1vit. To jsou jako v\u011bci pro v\u0161echny \u00fapln\u011b b\u011b\u017en\u00e9, ale pro lidi, kte\u0159\u00ed jsou odk\u00e1z\u00e1ni na ty asistenty, tak je to \u00fapln\u011b n\u011bco nov\u00e9ho.<br \/><br \/>redaktorka \u010cT<br \/>Ministerstvo pr\u00e1ce a soci\u00e1ln\u00edch v\u011bc\u00ed chce z\u00e1rove\u0148 taky nav\u00fd\u0161it i ostatn\u00ed dosavadn\u00ed p\u0159\u00edsp\u011bvky na p\u00e9\u010di. K jejich automatick\u00e9 valorizaci m\u00e1 ale v\u00fdhrady rezort financ\u00ed.<br \/><br \/>Marian JURE\u010cKA,\u00a0<strong>ministr<\/strong>\u00a0<strong>pr\u00e1ce<\/strong>\u00a0a soc. v\u011bc\u00ed, vicepremi\u00e9r, p\u0159edseda strany \/KDU-\u010cSL\/<br \/>Bych cht\u011bl obecn\u011b celou tu \u0161k\u00e1lu p\u0159\u00edsp\u011bvku na p\u00e9\u010di prodiskutovat v oblasti zv\u00fd\u0161en\u00ed t\u011bch \u010d\u00e1stek a i nastaven\u00ed valoriza\u010dn\u00edho mechanismu.<br \/><br \/>Zbyn\u011bk STANJURA, ministr financ\u00ed, 1. m\u00edstop\u0159edseda strany \/ODS\/<br \/>Pokud zavedeme na v\u0161echno automatickou valorizaci, tak vlastn\u011b zu\u017eujeme prostor pro nap\u0159\u00edklad soci\u00e1ln\u00ed politiku vl\u00e1dy. Nejde o tu konkr\u00e9tn\u00ed v\u00fd\u0161i nap\u0159\u00edklad pro p\u0159\u00ed\u0161t\u00ed rok, ale o ten princip.<br \/><br \/>Ale\u0161 JUCHELKA, \u010dlen sn\u011bmovn\u00edho soci\u00e1ln\u00edho v\u00fdboru \/ANO\/<br \/>Poj\u010fme si upravit ty podm\u00ednky tak, aby se v\u017edycky ne\u010dekalo s ka\u017edou nestabiln\u00ed situac\u00ed, kor kdy\u017e to vid\u00edme te\u010f u t\u00e9to inflace, na rozhodnut\u00ed sn\u011bmovny.<br \/><br \/>redaktorka \u010cT<br \/>Nav\u00fd\u0161en\u00ed sou\u010dasn\u00fdch p\u0159\u00edsp\u011bvk\u016f na p\u00e9\u010di ministr ozna\u010duje za svou prioritu pro p\u0159\u00ed\u0161t\u00ed m\u011bs\u00edce. <\/p>\n\n\n\n<p><\/p>\n\n\n\n<p>\u010cesk\u00e1 televize.<br \/><\/p>\n","protected":false},"excerpt":{"rendered":"<div class=\"mh-excerpt\"><p>Ministr\u00a0pr\u00e1ce\u00a0chce od p\u0159\u00ed\u0161t\u00edho roku zv\u00fd\u0161it p\u0159\u00edsp\u011bvky na p\u00e9\u010di, ty se te\u010f vypl\u00e1cej\u00ed ve \u010dty\u0159ech stupn\u00edch podle z\u00e1vislosti lidem s nejt\u011b\u017e\u0161\u00edm handicapem. Na uhrazen\u00ed pot\u0159ebn\u00e9 asistence <a class=\"mh-excerpt-more\" href=\"https:\/\/www.invarena.cz\/?p=40384\" title=\"Pl\u00e1novan\u00e9 zm\u011bny u p\u0159\u00edsp\u011bvk\u016f na p\u00e9\u010di\u00a0\u00a0\">[&#8230;]<\/a><\/p>\n<\/div>","protected":false},"author":1,"featured_media":15379,"comment_status":"open","ping_status":"closed","sticky":false,"template":"","format":"standard","meta":{"footnotes":""},"categories":[6],"tags":[],"class_list":["post-40384","post","type-post","status-publish","format-standard","has-post-thumbnail","hentry","category-politika"],"_links":{"self":[{"href":"https:\/\/www.invarena.cz\/index.php?rest_route=\/wp\/v2\/posts\/40384","targetHints":{"allow":["GET"]}}],"collection":[{"href":"https:\/\/www.invarena.cz\/index.php?rest_route=\/wp\/v2\/posts"}],"about":[{"href":"https:\/\/www.invarena.cz\/index.php?rest_route=\/wp\/v2\/types\/post"}],"author":[{"embeddable":true,"href":"https:\/\/www.invarena.cz\/index.php?rest_route=\/wp\/v2\/users\/1"}],"replies":[{"embeddable":true,"href":"https:\/\/www.invarena.cz\/index.php?rest_route=%2Fwp%2Fv2%2Fcomments&post=40384"}],"version-history":[{"count":0,"href":"https:\/\/www.invarena.cz\/index.php?rest_route=\/wp\/v2\/posts\/40384\/revisions"}],"wp:featuredmedia":[{"embeddable":true,"href":"https:\/\/www.invarena.cz\/index.php?rest_route=\/wp\/v2\/media\/15379"}],"wp:attachment":[{"href":"https:\/\/www.invarena.cz\/index.php?rest_route=%2Fwp%2Fv2%2Fmedia&parent=40384"}],"wp:term":[{"taxonomy":"category","embeddable":true,"href":"https:\/\/www.invarena.cz\/index.php?rest_route=%2Fwp%2Fv2%2Fcategories&post=40384"},{"taxonomy":"post_tag","embeddable":true,"href":"https:\/\/www.invarena.cz\/index.php?rest_route=%2Fwp%2Fv2%2Ftags&post=40384"}],"curies":[{"name":"wp","href":"https:\/\/api.w.org\/{rel}","templated":true}]}}