{"id":40404,"date":"2023-06-22T06:29:57","date_gmt":"2023-06-22T04:29:57","guid":{"rendered":"https:\/\/www.invarena.cz\/?p=40404"},"modified":"2023-06-22T06:29:59","modified_gmt":"2023-06-22T04:29:59","slug":"burianovi-mamuti-tahnou-do-anthroposu","status":"publish","type":"post","link":"https:\/\/www.invarena.cz\/?p=40404","title":{"rendered":"Burianovi mamuti t\u00e1hnou do Anthroposu"},"content":{"rendered":"\n<p>Olejomalby st\u00e1d mamut\u016f t\u00e1hnouc\u00edch studenou krajinou a tlupy prav\u011bk\u00fdch lid\u00ed schov\u00e1vaj\u00edc\u00edch se pod sk\u00e1lou od mal\u00ed\u0159e Zde\u0148ka Buriana v kontrastu s filmovou projekc\u00ed a 3D hyperrealistick\u00fdmi rekonstrukcemi zv\u00ed\u0159at i lid\u00ed. Tak se d\u00e1 ve zkratce popsat nov\u00e1 inovativn\u00ed instalace v brn\u011bnsk\u00e9m Pavilonu Anthropos.<br \/><\/p>\n\n\n\n<p>Na v\u00fdstav\u011b &#8222;Kdy\u017e Brnem t\u00e1hli mamuti&#8220;, kterou z\u00e1jemci nav\u0161t\u00edv\u00ed a\u017e do konce roku 2024, zaujme sedm des\u00edtek Burianov\u00fdch obraz\u016f v\u011bnovan\u00fdch evoluci \u010dlov\u011bka, loveck\u00fdm sc\u00e9n\u00e1m a faun\u011b doby ledov\u00e9. Moravsk\u00e9 zemsk\u00e9 muzeum je vlastn\u00edkem nejv\u011bt\u0161\u00ed sb\u00edrky autorov\u00fdch olejomaleb, je\u017e \u010d\u00edt\u00e1 v\u00edce ne\u017e 200 kus\u016f.<br \/>Expozice obsahuje i hmatov\u00e9 origin\u00e1ly.<\/p>\n\n\n\n<p> &#8222;Cht\u011bli jsme, aby u n\u00e1s pro slabozrak\u00e9 a&nbsp;<strong>nevidom\u00e9<\/strong>&nbsp;byla mo\u017enost alespo\u0148 \u010d\u00e1ste\u010dn\u011b si \u201aosahat\u2018 na\u0161i d\u00e1vnou historii,&#8220; vysv\u011btluje Eva Van\u00ed\u010dkov\u00e1 z d\u00edlny Laborato\u0159e antropologick\u00e9 rekonstrukce, kter\u00e1 se na 3D modelech pod\u00edlela.<br \/><\/p>\n\n\n\n<p>Tv\u016frci mysleli tak\u00e9 na&nbsp;<strong>nesly\u0161\u00edc\u00ed<\/strong>&nbsp;a \u00fast\u0159edn\u00ed video v\u00fdstavy tak doplnili o tlumo\u010den\u00ed do znakov\u00e9 \u0159e\u010di. B\u011bhem podzimu by se m\u011bla pro&nbsp;<strong>nesly\u0161\u00edc\u00ed<\/strong>&nbsp;uzp\u016fsobit cel\u00e1 expozice Pavilonu Anthropos.<\/p>\n","protected":false},"excerpt":{"rendered":"<div class=\"mh-excerpt\"><p>Olejomalby st\u00e1d mamut\u016f t\u00e1hnouc\u00edch studenou krajinou a tlupy prav\u011bk\u00fdch lid\u00ed schov\u00e1vaj\u00edc\u00edch se pod sk\u00e1lou od mal\u00ed\u0159e Zde\u0148ka Buriana v kontrastu s filmovou projekc\u00ed a 3D <a class=\"mh-excerpt-more\" href=\"https:\/\/www.invarena.cz\/?p=40404\" title=\"Burianovi mamuti t\u00e1hnou do Anthroposu\">[&#8230;]<\/a><\/p>\n<\/div>","protected":false},"author":1,"featured_media":40428,"comment_status":"open","ping_status":"closed","sticky":false,"template":"","format":"standard","meta":{"footnotes":""},"categories":[17],"tags":[],"class_list":["post-40404","post","type-post","status-publish","format-standard","has-post-thumbnail","hentry","category-kultura"],"_links":{"self":[{"href":"https:\/\/www.invarena.cz\/index.php?rest_route=\/wp\/v2\/posts\/40404","targetHints":{"allow":["GET"]}}],"collection":[{"href":"https:\/\/www.invarena.cz\/index.php?rest_route=\/wp\/v2\/posts"}],"about":[{"href":"https:\/\/www.invarena.cz\/index.php?rest_route=\/wp\/v2\/types\/post"}],"author":[{"embeddable":true,"href":"https:\/\/www.invarena.cz\/index.php?rest_route=\/wp\/v2\/users\/1"}],"replies":[{"embeddable":true,"href":"https:\/\/www.invarena.cz\/index.php?rest_route=%2Fwp%2Fv2%2Fcomments&post=40404"}],"version-history":[{"count":0,"href":"https:\/\/www.invarena.cz\/index.php?rest_route=\/wp\/v2\/posts\/40404\/revisions"}],"wp:featuredmedia":[{"embeddable":true,"href":"https:\/\/www.invarena.cz\/index.php?rest_route=\/wp\/v2\/media\/40428"}],"wp:attachment":[{"href":"https:\/\/www.invarena.cz\/index.php?rest_route=%2Fwp%2Fv2%2Fmedia&parent=40404"}],"wp:term":[{"taxonomy":"category","embeddable":true,"href":"https:\/\/www.invarena.cz\/index.php?rest_route=%2Fwp%2Fv2%2Fcategories&post=40404"},{"taxonomy":"post_tag","embeddable":true,"href":"https:\/\/www.invarena.cz\/index.php?rest_route=%2Fwp%2Fv2%2Ftags&post=40404"}],"curies":[{"name":"wp","href":"https:\/\/api.w.org\/{rel}","templated":true}]}}