{"id":40549,"date":"2023-06-28T11:39:24","date_gmt":"2023-06-28T09:39:24","guid":{"rendered":"https:\/\/www.invarena.cz\/?p=40549"},"modified":"2023-06-28T11:39:46","modified_gmt":"2023-06-28T09:39:46","slug":"t-mobile-se-zapojuje-do-boje-s-predsudecnym-nasilim-spolupracuje-s-organizaci-in-iustitia","status":"publish","type":"post","link":"https:\/\/www.invarena.cz\/?p=40549","title":{"rendered":"T-Mobile se zapojuje do boje s\u202fp\u0159edsude\u010dn\u00fdm n\u00e1sil\u00edm, spolupracuje s organizac\u00ed In IUSTITIA"},"content":{"rendered":"\n<p><strong>Nen\u00e1vistn\u00e9 projevy v\u202fonline prost\u0159ed\u00ed jsou st\u00e1le \u010dast\u011bj\u0161\u00ed. Spole\u010dnost T-Mobile, kter\u00e1 je jedn\u00edm z\u202fnejv\u011bt\u0161\u00edch oper\u00e1tor\u016f v\u202f\u010cesku, se proto spoj\u00ed s\u202fneziskovou organizac\u00ed In IUSTITIA a spole\u010dn\u011b se zam\u011b\u0159\u00ed na boj s\u202fverb\u00e1ln\u00edm n\u00e1sil\u00edm a\u00a0pomoc lidem vystaven\u00fdm nen\u00e1vistn\u00fdm projev\u016fm. Pro T-Mobile je digit\u00e1ln\u00ed inkluze a\u00a0bezpe\u010d\u00ed na internetu jedn\u00edm z\u202fpil\u00ed\u0159\u016f dlouhodob\u00e9 ESG strategie.\u00a0<\/strong><\/p>\n\n\n\n<p>Verb\u00e1ln\u00ed n\u00e1sil\u00ed a nen\u00e1vistn\u00e9 projevy online za\u017eila dle studie Disability Horizon t\u00e9m\u011b\u0159 polovina lid\u00ed s\u202fposti\u017een\u00edm a 60 % mlad\u00fdch \u010cech\u016f mu bylo sv\u011bdkem, co\u017e je mnohem v\u00edce ne\u017e v\u202fokoln\u00edch zem\u00edch. Nen\u00e1vistn\u00e9 projevy sm\u011b\u0159uj\u00ed velmi \u010dasto tak\u00e9 na LGBTQ+ skupiny, p\u0159i\u010dem\u017e jen 1 z 5 projev\u016f je nahl\u00e1\u0161en\u00fd na policii a o nen\u00e1vistn\u00fdch projevech v\u016f\u010di vlastn\u00edm d\u011btem se nedozv\u00ed a\u017e 90 % rodi\u010d\u016f. Kyber\u0161ikana m\u00e1 p\u0159itom zni\u010duj\u00edc\u00ed dopad na psychiku ob\u011bt\u00ed a \u010dasto eskaluje do fyzick\u00e9ho n\u00e1sil\u00ed.&nbsp;&nbsp;<\/p>\n\n\n\n<p>T-Mobile se proto rozhodl aktivn\u011b bojovat proti verb\u00e1ln\u00edmu n\u00e1sil\u00ed nejen v internetov\u00e9m prost\u0159ed\u00ed a spojuje se s\u202fneziskovou organizac\u00ed <a href=\"https:\/\/in-ius.cz\/\" target=\"_blank\" rel=\"noreferrer noopener\">In IUSTITIA<\/a>, kter\u00e1 se jako jedin\u00e1 v&nbsp;\u010cesku komplexn\u011b zab\u00fdv\u00e1 p\u0159edsude\u010dn\u00fdm n\u00e1sil\u00edm.<\/p>\n\n\n\n<p><em>\u201eJako digit\u00e1ln\u00ed leader se sna\u017e\u00edme p\u0159edev\u0161\u00edm lidi spojovat, ale z\u00e1rove\u0148 si uv\u011bdomujeme, \u017ee online prost\u0159ed\u00ed nab\u00edz\u00ed tak\u00e9 prostor ke kyber\u0161ikan\u011b a dal\u0161\u00edm negativn\u00edm jev\u016fm. Chceme d\u011blat digit\u00e1ln\u00ed sv\u011bt bezpe\u010dn\u011bj\u0161\u00ed pro v\u0161echny, a proto jsme se rozhodli proti nen\u00e1vistn\u00fdm projev\u016fm dlouhodob\u011b bojovat,\u201c<\/em> \u0159\u00edk\u00e1 <strong>Martin Orgon\u00edk, \u0159editel vn\u011bj\u0161\u00edch vztah\u016f a udr\u017eitelnosti v&nbsp;T\u2011Mobile<\/strong>, a dod\u00e1v\u00e1: <em>\u201eM\u00e1me velkou radost, \u017ee spojujeme s\u00edly pr\u00e1v\u011b s profesion\u00e1ly z In IUSTITIA, kte\u0159\u00ed maj\u00ed v oblasti p\u0159edsude\u010dn\u00e9ho n\u00e1sil\u00ed t\u00e9m\u011b\u0159 patn\u00e1ctiletou praxi a jsou prakticky jedinou organizac\u00ed, je\u017e se mu v\u011bnuje v cel\u00e9 jeho \u0161\u00ed\u0159i.\u201d&nbsp;<\/em><\/p>\n\n\n\n<p>Prvn\u00edmi spole\u010dn\u00fdmi kroky v r\u00e1mci dlouhodob\u00e9ho partnerstv\u00ed bude vytvo\u0159en\u00ed informa\u010dn\u00edch webov\u00fdch str\u00e1nek pro ob\u011bti p\u0159edsude\u010dn\u00e9ho n\u00e1sil\u00ed a spolupr\u00e1ce v r\u00e1mci srpnov\u00e9ho Prague Pride festivalu. In IUSTITIA t\u00e9ma tak\u00e9 p\u0159in\u00e1\u0161\u00ed do ve\u0159ejn\u00e9ho pov\u011bdom\u00ed i odborn\u00e9 diskuse, s&nbsp;\u010d\u00edm\u017e oper\u00e1tor do budoucna chce pomoci.<\/p>\n\n\n\n<p><em>\u201eV sou\u010dasn\u00e9 dob\u011b je p\u0159edsude\u010dn\u00fdm n\u00e1sil\u00edm ohro\u017een ka\u017ed\u00fd des\u00e1t\u00fd obyvatel \u010cesk\u00e9 republiky. Verb\u00e1ln\u00ed \u00fatoky, fyzick\u00e9 \u010di sexualizovan\u00e9 n\u00e1sil\u00ed motivovan\u00e9 p\u0159edsudky \u00fato\u010dn\u00edka v\u016f\u010di napaden\u00e9mu maj\u00ed z\u00e1sadn\u00ed dopady na \u017eivot konkr\u00e9tn\u00edch lid\u00ed, ohro\u017een\u00fdch komunit i cel\u00e9ho demokratick\u00e9ho z\u0159\u00edzen\u00ed. \u0158e\u0161en\u00ed mus\u00edme p\u0159in\u00e9st jako cel\u00e1 spole\u010dnost,\u201c<\/em> popisuje <strong>Kl\u00e1ra Kalibov\u00e1, \u0159editelka nevl\u00e1dn\u00ed organizace In IUSTITIA<\/strong>, kter\u00e1 se zam\u011b\u0159uje na pomoc individu\u00e1ln\u00edm po\u0161kozen\u00fdm, monitoring p\u0159edsude\u010dn\u00e9ho n\u00e1sil\u00ed i vzd\u011bl\u00e1v\u00e1n\u00ed policie a st\u00e1tn\u00edho zastupitelstv\u00ed. <em>\u201eT-Mobile svoj\u00ed ve\u0159ejnou podporou d\u00e1v\u00e1 najevo, \u017ee t\u00e9ma p\u0159edsude\u010dn\u00e9ho n\u00e1sil\u00ed se t\u00fdk\u00e1 n\u00e1\u0161 v\u0161ech a ka\u017ed\u00fd m\u00e1me prostor se mu postavit v\u00a0online diskuz\u00edch, odm\u00edtnut\u00edm \u0161ikany a stereotypizace \u010di podporou t\u011bch, kter\u00fdch se n\u00e1sil\u00ed t\u00fdk\u00e1,\u201c<\/em> dopl\u0148uje <strong>Kalibov\u00e1<\/strong>.<\/p>\n\n\n\n<p><strong>extern\u00ed komunikace<\/strong><br \/><strong>T-Mobile Czech Republic a.s.<\/strong><\/p>\n","protected":false},"excerpt":{"rendered":"<div class=\"mh-excerpt\"><p>Nen\u00e1vistn\u00e9 projevy v\u202fonline prost\u0159ed\u00ed jsou st\u00e1le \u010dast\u011bj\u0161\u00ed. Spole\u010dnost T-Mobile, kter\u00e1 je jedn\u00edm z\u202fnejv\u011bt\u0161\u00edch oper\u00e1tor\u016f v\u202f\u010cesku, se proto spoj\u00ed s\u202fneziskovou organizac\u00ed In IUSTITIA a spole\u010dn\u011b se <a class=\"mh-excerpt-more\" href=\"https:\/\/www.invarena.cz\/?p=40549\" title=\"T-Mobile se zapojuje do boje s\u202fp\u0159edsude\u010dn\u00fdm n\u00e1sil\u00edm, spolupracuje s organizac\u00ed In IUSTITIA\">[&#8230;]<\/a><\/p>\n<\/div>","protected":false},"author":1,"featured_media":40551,"comment_status":"open","ping_status":"closed","sticky":false,"template":"","format":"standard","meta":{"footnotes":""},"categories":[7],"tags":[],"class_list":["post-40549","post","type-post","status-publish","format-standard","has-post-thumbnail","hentry","category-spolecnost"],"_links":{"self":[{"href":"https:\/\/www.invarena.cz\/index.php?rest_route=\/wp\/v2\/posts\/40549","targetHints":{"allow":["GET"]}}],"collection":[{"href":"https:\/\/www.invarena.cz\/index.php?rest_route=\/wp\/v2\/posts"}],"about":[{"href":"https:\/\/www.invarena.cz\/index.php?rest_route=\/wp\/v2\/types\/post"}],"author":[{"embeddable":true,"href":"https:\/\/www.invarena.cz\/index.php?rest_route=\/wp\/v2\/users\/1"}],"replies":[{"embeddable":true,"href":"https:\/\/www.invarena.cz\/index.php?rest_route=%2Fwp%2Fv2%2Fcomments&post=40549"}],"version-history":[{"count":0,"href":"https:\/\/www.invarena.cz\/index.php?rest_route=\/wp\/v2\/posts\/40549\/revisions"}],"wp:featuredmedia":[{"embeddable":true,"href":"https:\/\/www.invarena.cz\/index.php?rest_route=\/wp\/v2\/media\/40551"}],"wp:attachment":[{"href":"https:\/\/www.invarena.cz\/index.php?rest_route=%2Fwp%2Fv2%2Fmedia&parent=40549"}],"wp:term":[{"taxonomy":"category","embeddable":true,"href":"https:\/\/www.invarena.cz\/index.php?rest_route=%2Fwp%2Fv2%2Fcategories&post=40549"},{"taxonomy":"post_tag","embeddable":true,"href":"https:\/\/www.invarena.cz\/index.php?rest_route=%2Fwp%2Fv2%2Ftags&post=40549"}],"curies":[{"name":"wp","href":"https:\/\/api.w.org\/{rel}","templated":true}]}}