{"id":40557,"date":"2023-06-28T11:48:59","date_gmt":"2023-06-28T09:48:59","guid":{"rendered":"https:\/\/www.invarena.cz\/?p=40557"},"modified":"2023-06-28T11:50:07","modified_gmt":"2023-06-28T09:50:07","slug":"cssz-porada-cesko-nemecke-poradenske-dny","status":"publish","type":"post","link":"https:\/\/www.invarena.cz\/?p=40557","title":{"rendered":"\u010cSSZ po\u0159\u00e1d\u00e1 \u010desko-n\u011bmeck\u00e9 poradensk\u00e9 dny"},"content":{"rendered":"\n<p><strong>Pravideln\u00fd \u010desko-n\u011bmeck\u00fd poradensk\u00fd den se uskute\u010dnil dne 22. \u010dervna v&nbsp;Praze v&nbsp;prostor\u00e1ch klientsk\u00e9ho centra \u00fast\u0159ed\u00ed \u010cesk\u00e9 spr\u00e1vy soci\u00e1ln\u00edho zabezpe\u010den\u00ed (\u010cSSZ). Term\u00edny bezplatn\u00fdch konzultac\u00ed byly velmi rychle zapln\u011bny. Kvalifikovan\u00ed \u010de\u0161t\u00ed a n\u011bme\u010dt\u00ed odborn\u00edci poskytli 36 klient\u016fm celkem 72 konzultac\u00ed. Dal\u0161\u00ed poradensk\u00e9 dny budou je\u0161t\u011b letos v&nbsp;z\u00e1\u0159\u00ed a v&nbsp;\u0159\u00edjnu.<\/strong><\/p>\n\n\n\n<p>Odborn\u00e9 konzultace zaji\u0161\u0165ovali kvalifikovan\u00ed odborn\u00edci na d\u016fchodov\u00e9 poji\u0161t\u011bn\u00ed z&nbsp;\u00fast\u0159ed\u00ed \u010cSSZ spolu<br \/>s odborn\u00edky n\u011bmeck\u00e9ho nositele d\u016fchodov\u00e9ho poji\u0161t\u011bn\u00ed Deutsche Rentenversicherung (DRV). Pro snadn\u011bj\u0161\u00ed komunikaci a sd\u011blen\u00ed odborn\u00fdch informac\u00ed bylo pro klienty zaji\u0161t\u011bno bezplatn\u00e9 tlumo\u010den\u00ed. Klienti m\u011bli mo\u017enost si p\u0159edem objednat term\u00edn bezplatn\u00e9 konzultace, a to bu\u010f telefonicky, e-mailem, nebo online prost\u0159ednictv\u00edm objedn\u00e1vkov\u00e9ho syst\u00e9mu. Term\u00edny ke konzultac\u00edm, jejich\u017e po\u010det byl z&nbsp;kapacitn\u00edch d\u016fvod\u016f pevn\u011b dan\u00fd, byly velmi rychle obsazen\u00e9. V&nbsp;po\u0159ad\u00ed ji\u017e 43. poradensk\u00e9ho dne se z\u00fa\u010dastnilo 36 klient\u016f a bylo poskytnuto celkem 72 konzultac\u00ed.<\/p>\n\n\n\n<p>C\u00edlem poradensk\u00fdch dn\u016f je poskytnout informace t\u00fdkaj\u00edc\u00ed se d\u016fchodov\u00e9ho poji\u0161t\u011bn\u00ed lidem, kte\u0159\u00ed pracovali nebo pracuj\u00ed v&nbsp;\u010cesk\u00e9 republice (\u010cR) i v zahrani\u010d\u00ed. Poradensk\u00e9 dny jsou vhodn\u00e9 p\u0159edev\u0161\u00edm pro ob\u010dany, kte\u0159\u00ed se bl\u00ed\u017e\u00ed d\u016fchodov\u00e9mu v\u011bku a&nbsp;pot\u0159ebuj\u00ed <strong>zjistit informace souvisej\u00edc\u00ed s&nbsp;jejich budouc\u00edm d\u016fchodem z&nbsp;obou st\u00e1t\u016f<\/strong>. Klienti, kte\u0159\u00ed pracuj\u00ed nebo pracovali v&nbsp;N\u011bmecku i v&nbsp;\u010cesk\u00e9 republice, se nej\u010dast\u011bji dotazovali na pojistn\u00e9 doby, je\u017e jsou evidov\u00e1ny v&nbsp;obou st\u00e1tech, d\u00e1le na podm\u00ednky, kter\u00e9 mus\u00ed splnit, aby jim vznikl n\u00e1rok na \u0159\u00e1dn\u00fd, ale i p\u0159ed\u010dasn\u00fd starobn\u00ed d\u016fchod z&nbsp;\u010cR i ze SRN, a z&nbsp;\u010deho se jim v\u00fdsledn\u00e1 d\u016fchodov\u00e1 \u010d\u00e1stka bude po\u010d\u00edtat. Zaj\u00edmala je tak\u00e9 orienta\u010dn\u00ed v\u00fd\u0161e jejich budouc\u00edch starobn\u00edch d\u016fchod\u016f v\u010detn\u011b mo\u017enost\u00ed zp\u016fsobu vypl\u00e1cen\u00ed do zahrani\u010d\u00ed.<\/p>\n\n\n\n<p>Pravideln\u00fd \u010desko-n\u011bmeck\u00fd poradensk\u00fd den v\u00a0Praze byl tradi\u010dn\u011b velmi v\u00edtanou a oce\u0148ovanou slu\u017ebou jak ze strany klient\u016f, tak i organiz\u00e1tor\u016f akce. Jeho velk\u00fdm p\u0159\u00ednosem je mo\u017enost z\u00edskat na jednom m\u00edst\u011b komplexn\u00ed a\u00a0fundovan\u00e9 informace z\u00a0oblasti \u010desk\u00e9ho i n\u011bmeck\u00e9ho d\u016fchodov\u00e9ho poji\u0161t\u011bn\u00ed.<br \/>S ohledem na st\u00e1le velk\u00fd z\u00e1jem je p\u0159edm\u011btem jedn\u00e1n\u00ed \u010cSSZ a DRV nav\u00fd\u0161en\u00ed po\u010dtu n\u011bmeck\u00fdch konzultant\u016f v\u00a0roce 2024. Informace o mezin\u00e1rodn\u00edch poradensk\u00fdch dnech najdete zde: <a href=\"https:\/\/www.cssz.cz\/mezinarodni-poradenske-dny-k-duchodum-v-roce-2023\">Mezin\u00e1rodn\u00ed poradensk\u00e9 dny k d\u016fchod\u016fm v roce 2023<\/a>. <strong>Dal\u0161\u00ed \u010desko-n\u011bmeck\u00e9 poradensk\u00e9 dny<\/strong> se v\u00a0leto\u0161n\u00edm roce uskute\u010dn\u00ed dne <strong>19. 9. 2023 v\u00a0n\u011bmeck\u00e9m Pasov\u011b<\/strong> a <strong>17.\u201318. 10. 2023 v\u00a0\u010cesk\u00fdch Bud\u011bjovic\u00edch<\/strong>. Podrobn\u011bj\u0161\u00ed informace budou zve\u0159ejn\u011bny p\u0159ed kon\u00e1n\u00edm akce v\u00a0sekci Aktuality na <a href=\"https:\/\/www.cssz.cz\/\">webu \u010cSSZ<\/a>. <\/p>\n\n\n\n<p><em>Odd\u011blen\u00ed komunikace \u010cSSZ<\/em><strong><\/strong><\/p>\n\n\n\n<p><\/p>\n","protected":false},"excerpt":{"rendered":"<div class=\"mh-excerpt\"><p>Pravideln\u00fd \u010desko-n\u011bmeck\u00fd poradensk\u00fd den se uskute\u010dnil dne 22. \u010dervna v&nbsp;Praze v&nbsp;prostor\u00e1ch klientsk\u00e9ho centra \u00fast\u0159ed\u00ed \u010cesk\u00e9 spr\u00e1vy soci\u00e1ln\u00edho zabezpe\u010den\u00ed (\u010cSSZ). Term\u00edny bezplatn\u00fdch konzultac\u00ed byly velmi rychle <a class=\"mh-excerpt-more\" href=\"https:\/\/www.invarena.cz\/?p=40557\" title=\"\u010cSSZ po\u0159\u00e1d\u00e1 \u010desko-n\u011bmeck\u00e9 poradensk\u00e9 dny\">[&#8230;]<\/a><\/p>\n<\/div>","protected":false},"author":1,"featured_media":14319,"comment_status":"open","ping_status":"closed","sticky":false,"template":"","format":"standard","meta":{"footnotes":""},"categories":[7],"tags":[],"class_list":["post-40557","post","type-post","status-publish","format-standard","has-post-thumbnail","hentry","category-spolecnost"],"_links":{"self":[{"href":"https:\/\/www.invarena.cz\/index.php?rest_route=\/wp\/v2\/posts\/40557","targetHints":{"allow":["GET"]}}],"collection":[{"href":"https:\/\/www.invarena.cz\/index.php?rest_route=\/wp\/v2\/posts"}],"about":[{"href":"https:\/\/www.invarena.cz\/index.php?rest_route=\/wp\/v2\/types\/post"}],"author":[{"embeddable":true,"href":"https:\/\/www.invarena.cz\/index.php?rest_route=\/wp\/v2\/users\/1"}],"replies":[{"embeddable":true,"href":"https:\/\/www.invarena.cz\/index.php?rest_route=%2Fwp%2Fv2%2Fcomments&post=40557"}],"version-history":[{"count":0,"href":"https:\/\/www.invarena.cz\/index.php?rest_route=\/wp\/v2\/posts\/40557\/revisions"}],"wp:featuredmedia":[{"embeddable":true,"href":"https:\/\/www.invarena.cz\/index.php?rest_route=\/wp\/v2\/media\/14319"}],"wp:attachment":[{"href":"https:\/\/www.invarena.cz\/index.php?rest_route=%2Fwp%2Fv2%2Fmedia&parent=40557"}],"wp:term":[{"taxonomy":"category","embeddable":true,"href":"https:\/\/www.invarena.cz\/index.php?rest_route=%2Fwp%2Fv2%2Fcategories&post=40557"},{"taxonomy":"post_tag","embeddable":true,"href":"https:\/\/www.invarena.cz\/index.php?rest_route=%2Fwp%2Fv2%2Ftags&post=40557"}],"curies":[{"name":"wp","href":"https:\/\/api.w.org\/{rel}","templated":true}]}}